{"id":116210,"date":"2025-11-24T15:55:15","date_gmt":"2025-11-24T15:55:15","guid":{"rendered":"https:\/\/www.europesays.com\/pl\/116210\/"},"modified":"2025-11-24T15:55:15","modified_gmt":"2025-11-24T15:55:15","slug":"silne-zalamanie-na-rynku-mieszkan-ujawnia-sie-gwaltowny-spadek","status":"publish","type":"post","link":"https:\/\/www.europesays.com\/pl\/116210\/","title":{"rendered":"Silne za\u0142amanie na rynku mieszka\u0144. Ujawnia si\u0119 gwa\u0142towny spadek"},"content":{"rendered":"<p>\t\t\t    \t<img decoding=\"async\" src=\"https:\/\/www.europesays.com\/pl\/wp-content\/uploads\/2025\/11\/280764_r0_940.jpg\" itemprop=\"image\" alt=\"Silne za\u0142amanie na rynku mieszka\u0144. Ujawnia si\u0119 gwa\u0142towny spadek\" title=\"Mocny spadek na rynku mieszka\u0144\" class=\"gallery-image\" fetchpriority=\"high\"\/><\/p>\n<p>\t\t\t\t\t\t\tMocny spadek na rynku mieszka\u0144<\/p>\n<p>\n\t\t\t\t\t\t\t\t\tFotokon \/ Shutterstock\n\t\t\t\t\t\t\t\t<\/p>\n<p>\n\t\t\tW Polsce powstaje coraz mniej mieszka\u0144. Liczba inwestycji, kt\u00f3rych budow\u0119 rozpocz\u0119to spad\u0142a prawie o 1\/5.\n\t\t<\/p>\n<p>Liczba mieszka\u0144 kt\u00f3rych rozpocz\u0119to budow\u0119 spad\u0142a o prawie 1\/5.<\/p>\n<p>&#13;<\/p>\n<blockquote><p>&#13;<\/p>\n<p>Liczba mieszka\u0144, kt\u00f3rych budow\u0119 deweloperzy rozpocz\u0119li w pa\u017adzierniku 2025 r. spad\u0142a o 19,6 proc. rdr, a mdm wzros\u0142a o 10,3 proc.<\/p>\n<p>&#13;\n<\/p><\/blockquote>\n<p>&#13;<\/p>\n<p>&#8211; poda\u0142 G\u0142\u00f3wny Urz\u0105d Statystyczny.<\/p>\n<p>&#13;<br \/>\n&#13;<br \/>\n&#13;<\/p>\n<tr>&#13;<\/p>\n<td>\u00a0<\/td>\n<p>&#13;<\/p>\n<td>\u00a0<\/td>\n<p>&#13;<\/p>\n<td>X 2025<\/td>\n<p>&#13;<\/p>\n<td>\u00a0<\/td>\n<p>&#13;<br \/>\n<\/tr>\n<p>&#13;<\/p>\n<tr>&#13;<\/p>\n<td>\u00a0<\/td>\n<p>&#13;<\/p>\n<td>liczba<\/td>\n<p>&#13;<\/p>\n<td>rdr (proc.)<\/td>\n<p>&#13;<\/p>\n<td>mdm (proc.)<\/td>\n<p>&#13;<br \/>\n<\/tr>\n<p>&#13;<\/p>\n<tr>&#13;<\/p>\n<td>Mieszkania, kt\u00f3rych budow\u0119 rozpocz\u0119to<\/td>\n<p>&#13;<\/p>\n<td>12 793<\/td>\n<p>&#13;<\/p>\n<td>-19,6<\/td>\n<p>&#13;<\/p>\n<td>10,3<\/td>\n<p>&#13;<br \/>\n<\/tr>\n<p>&#13;<\/p>\n<tr>&#13;<\/p>\n<td>Mieszkania oddane do u\u017cytkowania<\/td>\n<p>&#13;<\/p>\n<td>13 166<\/td>\n<p>&#13;<\/p>\n<td>25,7<\/td>\n<p>&#13;<\/p>\n<td>9,3<\/td>\n<p>&#13;<br \/>\n<\/tr>\n<p>&#13;<\/p>\n<tr>&#13;<\/p>\n<td>Mieszkania, na realizacj\u0119 kt\u00f3rych wydano pozwolenia<\/td>\n<p>&#13;<\/p>\n<td>15 997<\/td>\n<p>&#13;<\/p>\n<td>-3,8<\/td>\n<p>&#13;<\/p>\n<td>3,6<\/td>\n<p>&#13;<br \/>\n<\/tr>\n<p>&#13;<br \/>\n&#13;<br \/>\n&#13;<br \/>\n&#13;<br \/>\n&#13;<\/p>\n<tr>&#13;<\/p>\n<td>\u00a0<\/td>\n<p>&#13;<\/p>\n<td>\u00a0<\/td>\n<p>&#13;<\/p>\n<td>I-X2025<\/td>\n<p>&#13;<br \/>\n<\/tr>\n<p>&#13;<\/p>\n<tr>&#13;<\/p>\n<td>\u00a0<\/td>\n<p>&#13;<\/p>\n<td>liczba<\/td>\n<p>&#13;<\/p>\n<td>rdr (proc.)<\/td>\n<p>&#13;<br \/>\n<\/tr>\n<p>&#13;<\/p>\n<tr>&#13;<\/p>\n<td>Mieszkania, kt\u00f3rych budow\u0119 rozpocz\u0119to<\/td>\n<p>&#13;<\/p>\n<td>112 906<\/td>\n<p>&#13;<\/p>\n<td>-15,0<\/td>\n<p>&#13;<br \/>\n<\/tr>\n<p>&#13;<\/p>\n<tr>&#13;<\/p>\n<td>Mieszkania oddane do u\u017cytkowania<\/td>\n<p>&#13;<\/p>\n<td>103 456<\/td>\n<p>&#13;<\/p>\n<td>3,7<\/td>\n<p>&#13;<br \/>\n<\/tr>\n<p>&#13;<\/p>\n<tr>&#13;<\/p>\n<td>Mieszkania, na realizacj\u0119 kt\u00f3rych wydano pozwolenia<\/td>\n<p>&#13;<\/p>\n<td>136 151<\/td>\n<p>&#13;<\/p>\n<td>-20,8<\/td>\n<p>&#13;<br \/>\n<\/tr>\n<p>&#13;<br \/>\n&#13;<br \/>\n&#13;<\/p>\n<p>\u00a0<\/p>\n<p>&#13;<\/p>\n<p>\t\t\t\t\t<a href=\"https:\/\/www.portalsamorzadowy.pl\/gospodarka-komunalna\/rynek-mieszkan-nabiera-rozpedu-tylko-patrzec-jak-ceny-wystrzela,639063.html\" class=\"read-more-box-img-cnt\" rel=\"nofollow noopener\" target=\"_blank\"><br \/>\n\t\t\t\t<img decoding=\"async\" loading=\"lazy\" width=\"300\" height=\"200\" src=\"https:\/\/www.europesays.com\/pl\/wp-content\/uploads\/2025\/11\/280728_r0_300.jpg\" alt=\"Rynek mieszka\u0144 nabiera rozp\u0119du. Tylko patrze\u0107 jak ceny wystrzel\u0105\" class=\"read-more-box-img\"\/><br \/>\n\t\t\t<\/a><\/p>\n<p>\t\t\t\t\t<a href=\"https:\/\/www.portalsamorzadowy.pl\/gospodarka-komunalna\/mieszkaja-w-duzych-domach-ktore-trudno-ogrzac-termomodernizacja-nie-wchodzi-tu-w-gre,639058.html\" class=\"read-more-box-img-cnt\" rel=\"nofollow noopener\" target=\"_blank\"><br \/>\n\t\t\t\t<img decoding=\"async\" loading=\"lazy\" width=\"300\" height=\"200\" src=\"https:\/\/www.europesays.com\/pl\/wp-content\/uploads\/2025\/11\/280724_r0_300.jpg\" alt=\"Mieszkaj\u0105 w du\u017cych domach, kt\u00f3re trudno ogrza\u0107. Termomodernizacja nie wchodzi tu w gr\u0119\" class=\"read-more-box-img\"\/><br \/>\n\t\t\t<\/a><\/p>\n<p>\t\t\t\t\t<a href=\"https:\/\/www.portalsamorzadowy.pl\/gospodarka-komunalna\/oznakowanie-miejsca-polaczenia-scian-od-1-stycznia-2026-r-wchodzi-nowy-obowiazek,639078.html\" class=\"read-more-box-img-cnt\" rel=\"nofollow noopener\" target=\"_blank\"><br \/>\n\t\t\t\t<img decoding=\"async\" loading=\"lazy\" width=\"300\" height=\"200\" src=\"https:\/\/www.europesays.com\/pl\/wp-content\/uploads\/2025\/11\/280734_r0_300.jpg\" alt=\"Oznakowanie miejsca po\u0142\u0105czenia \u015bcian. Od 1 stycznia 2026 r. wchodzi nowy obowi\u0105zek\" class=\"read-more-box-img\"\/><br \/>\n\t\t\t<\/a><\/p>\n<p>&#13;<br \/>\n<img decoding=\"async\" style=\"max-width:80px;\" loading=\"lazy\" src=\"https:\/\/www.europesays.com\/pl\/wp-content\/uploads\/2025\/09\/1758531790_154_081834.png\"\/><\/p>\n","protected":false},"excerpt":{"rendered":"Mocny spadek na rynku mieszka\u0144 Fotokon \/ Shutterstock W Polsce powstaje coraz mniej mieszka\u0144. Liczba inwestycji, kt\u00f3rych budow\u0119&hellip;\n","protected":false},"author":2,"featured_media":116211,"comment_status":"","ping_status":"","sticky":false,"template":"","format":"standard","meta":{"footnotes":""},"categories":[16],"tags":[664,1178,25215,1957,12044,9235,12039,12041,113,112,1955,12042,25213,9233,3612,12037,42,38,40,39,41,12038,1956,12043,25214,9234,12040],"class_list":{"0":"post-116210","1":"post","2":"type-post","3":"status-publish","4":"format-standard","5":"has-post-thumbnail","7":"category-biznes","8":"tag-typedefinedterm","9":"tag-0-html","10":"tag-10642-html","11":"tag-1073-html","12":"tag-20277-html","13":"tag-431-html","14":"tag-12039","15":"tag-8818-html","16":"tag-biznes","17":"tag-business","18":"tag-namecau0142a-polska","19":"tag-nameceny-mieszkau0144","20":"tag-namedeweloperzy","21":"tag-namegus","22":"tag-namemieszkania","23":"tag-nameserwis-mieszkalnictwo","24":"tag-pl","25":"tag-poland","26":"tag-polish","27":"tag-polska","28":"tag-polski","29":"tag-urlhttps-www-portalsamorzadowy-pl-gospodarka-komunalna-podserwis-serwis-mieszkalnictwo","30":"tag-urlhttps-www-portalsamorzadowy-pl-klucze-cala-polska","31":"tag-urlhttps-www-portalsamorzadowy-pl-klucze-ceny-mieszkan","32":"tag-urlhttps-www-portalsamorzadowy-pl-klucze-deweloperzy","33":"tag-urlhttps-www-portalsamorzadowy-pl-klucze-gus","34":"tag-urlhttps-www-portalsamorzadowy-pl-klucze-mieszkania"},"share_on_mastodon":{"url":"","error":"Validation failed: Text character limit of 500 exceeded"},"_links":{"self":[{"href":"https:\/\/www.europesays.com\/pl\/wp-json\/wp\/v2\/posts\/116210","targetHints":{"allow":["GET"]}}],"collection":[{"href":"https:\/\/www.europesays.com\/pl\/wp-json\/wp\/v2\/posts"}],"about":[{"href":"https:\/\/www.europesays.com\/pl\/wp-json\/wp\/v2\/types\/post"}],"author":[{"embeddable":true,"href":"https:\/\/www.europesays.com\/pl\/wp-json\/wp\/v2\/users\/2"}],"replies":[{"embeddable":true,"href":"https:\/\/www.europesays.com\/pl\/wp-json\/wp\/v2\/comments?post=116210"}],"version-history":[{"count":0,"href":"https:\/\/www.europesays.com\/pl\/wp-json\/wp\/v2\/posts\/116210\/revisions"}],"wp:featuredmedia":[{"embeddable":true,"href":"https:\/\/www.europesays.com\/pl\/wp-json\/wp\/v2\/media\/116211"}],"wp:attachment":[{"href":"https:\/\/www.europesays.com\/pl\/wp-json\/wp\/v2\/media?parent=116210"}],"wp:term":[{"taxonomy":"category","embeddable":true,"href":"https:\/\/www.europesays.com\/pl\/wp-json\/wp\/v2\/categories?post=116210"},{"taxonomy":"post_tag","embeddable":true,"href":"https:\/\/www.europesays.com\/pl\/wp-json\/wp\/v2\/tags?post=116210"}],"curies":[{"name":"wp","href":"https:\/\/api.w.org\/{rel}","templated":true}]}}