{"id":116212,"date":"2025-11-24T15:57:10","date_gmt":"2025-11-24T15:57:10","guid":{"rendered":"https:\/\/www.europesays.com\/pl\/116212\/"},"modified":"2025-11-24T15:57:10","modified_gmt":"2025-11-24T15:57:10","slug":"ambasador-izraela-wezwany-do-polskiego-msz-chodzi-o-wpis-instytutu-jad-waszem","status":"publish","type":"post","link":"https:\/\/www.europesays.com\/pl\/116212\/","title":{"rendered":"Ambasador Izraela wezwany do polskiego MSZ. Chodzi o wpis instytutu Jad Waszem"},"content":{"rendered":"<p>W skr\u00f3cie<\/p>\n<ul class=\"typography ids-typeset-body ids-typeset-body--preset-large list ids-list ids-list--unordered ids-list--size-large \" datatype=\"disc\">\n<li class=\"ids-list-item\">\n<p>Ambasador Izraela zosta\u0142 wezwany do polskiego MSZ w zwi\u0105zku z niedawnym wpisem Jad Waszem.<\/p>\n<\/li>\n<li class=\"ids-list-item\">\n<p>Instytut Jad Waszem sugerowa\u0142, \u017ce Polska jako pierwsza zmusi\u0142a \u017byd\u00f3w do noszenia odznak; Sikorski domaga\u0142 si\u0119 sprostowania.<\/p>\n<\/li>\n<li class=\"ids-list-item\">\n<p>Wpis skrytykowa\u0142 m.in. premier Donald Tusk.<\/p>\n<\/li>\n<li class=\"ids-list-item\"><\/li>\n<\/ul>\n<p class=\"typography ids-typeset-body ids-typeset-body--preset-large link paragraph ids-paragraph ids-paragraph--default\">&#8222;23 listopada 1939 r. gubernator Generalnego Gubernatorstwa, wyda\u0142 rozkaz, zgodnie z kt\u00f3rym wszyscy \u017bydzi w wieku 10 lat i starsi musieli nosi\u0107 na prawym ramieniu bia\u0142\u0105, materia\u0142ow\u0105 opask\u0119 o szeroko\u015bci 10 cm, oznaczon\u0105 niebiesk\u0105 Gwiazd\u0105 Dawida&#8221; &#8211; przekazano w dalszej cz\u0119\u015bci wpisu.<\/p>\n<p>Sikorski prosi\u0142 wcze\u015bniej o sprostowanie wpisu. Bez rezultatu<\/p>\n<p class=\"typography ids-typeset-body ids-typeset-body--preset-large link paragraph ids-paragraph ids-paragraph--default\">Szef MSZ ju\u017c wcze\u015bniej pr\u00f3bowa\u0142 polubownie za\u0142atwi\u0107 spraw\u0119 i poprosi\u0142 o sprostowanie niedzielnego wpisu.<\/p>\n<p class=\"typography ids-typeset-body ids-typeset-body--preset-large link paragraph ids-paragraph ids-paragraph--default\">&#8222;Doprecyzujcie, prosz\u0119, \u017ce by\u0142a to Polska pod niemieck\u0105 okupacj\u0105&#8221; &#8211; napisa\u0142 Sikorski na platformie X. Oznaczy\u0142 w swoim komentarzu ambasadora USA w Polsce Thomasa Rosa oraz Ambasad\u0119 <a href=\"https:\/\/wydarzenia.interia.pl\/tematy-izrael,gsbi,2648\" rel=\"nofollow noopener\" target=\"_blank\">Izraela<\/a> w <a href=\"https:\/\/wydarzenia.interia.pl\/tematy-polska,gsbi,2628\" rel=\"nofollow noopener\" target=\"_blank\">Polsce<\/a>.<\/p>\n<p class=\"typography ids-typeset-body ids-typeset-body--preset-large link paragraph ids-paragraph ids-paragraph--default\">Mimo pr\u00f3\u015bb wicepremiera i kilku innych polityk\u00f3w Jad Waszem nie usun\u0119\u0142o wpisu. Instytut doda\u0142 jedynie komentarz: &#8222;Tak jak zauwa\u017cy\u0142o wielu u\u017cytkownik\u00f3w, i co by\u0142o napisane w artykule,\u00a0zosta\u0142o to zrobione na rozkaz w\u0142adz niemieckich&#8221;.<\/p>\n<p>Burza po wpisie Jad Waszem. Tusk: Mam nadziej\u0119, \u017ce nie b\u0119d\u0105 robi\u0107 g\u0142upot<\/p>\n<p class=\"typography ids-typeset-body ids-typeset-body--preset-large link paragraph ids-paragraph ids-paragraph--default\">Wpis izraelskiego instytutu wywo\u0142a\u0142 burz\u0119 w Polsce. Premier <a href=\"https:\/\/biznes.interia.pl\/tematy-donald-tusk,gsbi,5312\" rel=\"nofollow noopener\" target=\"_blank\">Donald Tusk<\/a> okre\u015bli\u0142 go mianem &#8222;skandalicznego&#8221;.<\/p>\n<p class=\"typography ids-typeset-body ids-typeset-body--preset-large link paragraph ids-paragraph ids-paragraph--default\">&#8211; Licz\u0119 nie tylko na to, \u017ce w przysz\u0142o\u015bci b\u0119d\u0105 unika\u0107 takich b\u0142\u0119d\u00f3w, ale tak\u017ce na jednoznaczne stanowisko &#8211; powiedzia\u0142 w poniedzia\u0142ek szef rz\u0105du na briefingu prasowym w Luandzie.<\/p>\n<p class=\"typography ids-typeset-body ids-typeset-body--preset-large link paragraph ids-paragraph ids-paragraph--default\">&#8211; Ta sprawa jest tak oczywista, \u017ce mam nadziej\u0119, \u017ce ta kompromitacja &#8211; tak musz\u0119 to nazwa\u0107 &#8211; Jad Waszem w tym konkretnym przypadku obudzi jako\u015b ich uwag\u0119 i sumienie i nie b\u0119d\u0105 wi\u0119cej takich g\u0142upot robi\u0107 &#8211; kontynuowa\u0142 polityk.<\/p>\n<p class=\"typography ids-typeset-body ids-typeset-body--preset-large link paragraph ids-paragraph ids-paragraph--default\">Z kolei Muzeum Auschwitz-Birkenau oceni\u0142o wpis jako &#8222;fa\u0142szyw\u0105 i zniekszta\u0142caj\u0105c\u0105 histori\u0119 wiadomo\u015b\u0107&#8221; podan\u0105 przez Instytut.<\/p>\n<p>Konflikt w kierownictwie PiS? &#8222;Trzeba pyta\u0107 Morawieckiego&#8221;Polsat NewsPolsat News<\/p>\n<p><a class=\"ids-undecorated-link source ids-page-info--source__link\" href=\"https:\/\/www.interia.pl\" rel=\"nofollow noopener\" target=\"_blank\"><img decoding=\"async\" class=\"ids-image-holder__img\" loading=\"lazy\" alt=\"\" title=\"\" height=\"24px\" src=\"https:\/\/www.europesays.com\/pl\/wp-content\/uploads\/2025\/11\/1763998694_431_0009A60QQ5I2TYF7-C202-F4.webp.webp\"\/><\/a><\/p>\n<p>Masz sugestie, uwagi albo widzisz b\u0142\u0105d? Napisz do nas<\/p>\n","protected":false},"excerpt":{"rendered":"W skr\u00f3cie Ambasador Izraela zosta\u0142 wezwany do polskiego MSZ w zwi\u0105zku z niedawnym wpisem Jad Waszem. Instytut Jad&hellip;\n","protected":false},"author":2,"featured_media":116213,"comment_status":"","ping_status":"","sticky":false,"template":"","format":"standard","meta":{"footnotes":""},"categories":[12],"tags":[32,33,36,37,27,34,35,28,31,25,42,38,40,39,41,29,30,26],"class_list":{"0":"post-116212","1":"post","2":"type-post","3":"status-publish","4":"format-standard","5":"has-post-thumbnail","7":"category-polska","8":"tag-breaking-news","9":"tag-breakingnews","10":"tag-featured-news","11":"tag-featurednews","12":"tag-headlines","13":"tag-latest-news","14":"tag-latestnews","15":"tag-naglowki","16":"tag-najwazniejsze-artykuly","17":"tag-news","18":"tag-pl","19":"tag-poland","20":"tag-polish","21":"tag-polska","22":"tag-polski","23":"tag-top-stories","24":"tag-topstories","25":"tag-wiadomosci"},"share_on_mastodon":{"url":"https:\/\/pubeurope.com\/@pl\/115605500492543845","error":""},"_links":{"self":[{"href":"https:\/\/www.europesays.com\/pl\/wp-json\/wp\/v2\/posts\/116212","targetHints":{"allow":["GET"]}}],"collection":[{"href":"https:\/\/www.europesays.com\/pl\/wp-json\/wp\/v2\/posts"}],"about":[{"href":"https:\/\/www.europesays.com\/pl\/wp-json\/wp\/v2\/types\/post"}],"author":[{"embeddable":true,"href":"https:\/\/www.europesays.com\/pl\/wp-json\/wp\/v2\/users\/2"}],"replies":[{"embeddable":true,"href":"https:\/\/www.europesays.com\/pl\/wp-json\/wp\/v2\/comments?post=116212"}],"version-history":[{"count":0,"href":"https:\/\/www.europesays.com\/pl\/wp-json\/wp\/v2\/posts\/116212\/revisions"}],"wp:featuredmedia":[{"embeddable":true,"href":"https:\/\/www.europesays.com\/pl\/wp-json\/wp\/v2\/media\/116213"}],"wp:attachment":[{"href":"https:\/\/www.europesays.com\/pl\/wp-json\/wp\/v2\/media?parent=116212"}],"wp:term":[{"taxonomy":"category","embeddable":true,"href":"https:\/\/www.europesays.com\/pl\/wp-json\/wp\/v2\/categories?post=116212"},{"taxonomy":"post_tag","embeddable":true,"href":"https:\/\/www.europesays.com\/pl\/wp-json\/wp\/v2\/tags?post=116212"}],"curies":[{"name":"wp","href":"https:\/\/api.w.org\/{rel}","templated":true}]}}