{"id":116214,"date":"2025-11-24T15:58:08","date_gmt":"2025-11-24T15:58:08","guid":{"rendered":"https:\/\/www.europesays.com\/pl\/116214\/"},"modified":"2025-11-24T15:58:08","modified_gmt":"2025-11-24T15:58:08","slug":"polskie-lokomotywy-dla-orlenu-impuls-dla-calego-kraju-money-pl","status":"publish","type":"post","link":"https:\/\/www.europesays.com\/pl\/116214\/","title":{"rendered":"Polskie lokomotywy dla Orlenu. &quot;Impuls dla ca\u0142ego kraju&quot; &#8211; Money.pl"},"content":{"rendered":"<ol>\n<li><a href=\"https:\/\/news.google.com\/rss\/articles\/CBMirAFBVV95cUxObDNxZF9ONFE2U3hNN2YwNl9QdnY3Zk5UMjYwcGIyQzZQMnBnMFh5Z21tYmRaR0VOUGUtNFhSLU8tSExNdHMxMldJalNlVmFvbUdtRGk4MUpKREZxSmFrMzkwaWNMQWRGM0V4V0pPaFJvSkhpR0NJamhlNTVXR0Rpd096TTZVRTN5RWRtQW15R0NxbDQxS29SNnNRdjV1TTJST3ZhSHgwa3NmYlVT?oc=5\" target=\"_blank\" rel=\"nofollow noopener\">Polskie lokomotywy dla Orlenu. &#8222;Impuls dla ca\u0142ego kraju&#8221;<\/a>&nbsp;&nbsp;Money.pl<\/li>\n<li><a href=\"https:\/\/news.google.com\/rss\/articles\/CBMitgFBVV95cUxOclg5ZzNWYnNrSmxIRUxnTTY2VFdDX0RVUnlPTnJGUlEtTm5yR3RWYXhPWGtrWmZsR3pfdldmU3pQbURveEU3VzRJek1rNThVaGQ0MUN0M3F0Y1N3bzV6cm95SXQzRWwxLXE5d2JYOUkyNTVuWlpOZnZnVFR6SWg4aC1vSDlxaGZITWZ6SUpQTFU3bGxHb0pMNHhWV3R5aXVzaDFySFlRbWM1bGR4TGtacWppYng3dw?oc=5\" target=\"_blank\" rel=\"nofollow noopener\">Kontrakt z Orlen Kolej na 800 mln z\u0142 podpisany. Zapewni 5 tys. miejsc pracy<\/a>&nbsp;&nbsp;Biznes Interia<\/li>\n<li><a href=\"https:\/\/news.google.com\/rss\/articles\/CBMitAFBVV95cUxNOU9RcFlFTlBwWjBqYWM2VTBEQkVoU0pPSUs5cWN6WTBULUpMamlib1ZiUU51Z1V5VnNLMGtVay1QYTJ1UUo3Rmk1OW1tWFU3Q3E4QUFQRWo2TlM0eEpXdnFRYVBZLWdnOUZoMU1mUHJ3dkpFUTc0eVRXRl9KV0pmRGFrSEgzRDM3S08xWUExcWxhTWpxS0lWYUllbDdfQ3JSX3U5QVpBUWdUbDRWX1dqZ3h1azc?oc=5\" target=\"_blank\" rel=\"nofollow noopener\">Rekordowy zakup Orlenu. Jest umowa z polskimi firmami. 'Najwi\u0119kszy program inwestycyjny w historii&#8217;<\/a>&nbsp;&nbsp;Next Gazeta.pl<\/li>\n<li><a href=\"https:\/\/news.google.com\/rss\/articles\/CBMirgFBVV95cUxPWmRyTi1hYlhXWWFDRm1CX0lHeTdxUEMtTXFwQVdZcnRVYkpMLW91Qk5ySEZVLWk4XzVtdEQwWnRaWllYdWdSY0VteWM3TURhZGVodHozdG04QlhuaVd2MWpQRmlMREMtQnBuZ3BTQkRKbXdVTlQ4aDhLUDd4M3VQd2tzNVdrT0xoeXI5YVJoNVZiMUJhZEJGMHhkTEk5a2F2X2dJaW1teEN5aGwwY0E?oc=5\" target=\"_blank\" rel=\"nofollow noopener\">Rekordowy zakup. PESA i Newag z kontraktem ORLEN<\/a>&nbsp;&nbsp;Business Insider Polska<\/li>\n<li><a href=\"https:\/\/news.google.com\/rss\/articles\/CBMijwFBVV95cUxPT3NWLXBYQ1F3MWE5UGlGa0tmVzJwNHVpZ2pGNVBYUnZzWTlJdlV4WHh5cXpvTzFtMXRVVnJLNFFFQXpWQU9CdXN2V2dveEJaQi1PYmE5VUpYa2RVNE43TnIya3lnS1E0X21vVHpEMXlrVTJ0WFVZejA2OXhNRHNUdmxNWGdLSE1zSFZUN0RWZw?oc=5\" target=\"_blank\" rel=\"nofollow noopener\">Orlen Kolej zam\u00f3wi\u0142 40 lokomotyw z polskich zak\u0142ad\u00f3w<\/a>&nbsp;&nbsp;pb.pl<\/li>\n<\/ol>\n","protected":false},"excerpt":{"rendered":"Polskie lokomotywy dla Orlenu. &#8222;Impuls dla ca\u0142ego kraju&#8221;&nbsp;&nbsp;Money.pl Kontrakt z Orlen Kolej na 800 mln z\u0142 podpisany. Zapewni&hellip;\n","protected":false},"author":2,"featured_media":116215,"comment_status":"","ping_status":"","sticky":false,"template":"","format":"standard","meta":{"footnotes":""},"categories":[5],"tags":[32,33,36,37,27,34,35,28,31,25,42,38,40,39,41,29,30,26],"class_list":{"0":"post-116214","1":"post","2":"type-post","3":"status-publish","4":"format-standard","5":"has-post-thumbnail","7":"category-naglowki","8":"tag-breaking-news","9":"tag-breakingnews","10":"tag-featured-news","11":"tag-featurednews","12":"tag-headlines","13":"tag-latest-news","14":"tag-latestnews","15":"tag-naglowki","16":"tag-najwazniejsze-artykuly","17":"tag-news","18":"tag-pl","19":"tag-poland","20":"tag-polish","21":"tag-polska","22":"tag-polski","23":"tag-top-stories","24":"tag-topstories","25":"tag-wiadomosci"},"share_on_mastodon":{"url":"https:\/\/pubeurope.com\/@pl\/115605504328802866","error":""},"_links":{"self":[{"href":"https:\/\/www.europesays.com\/pl\/wp-json\/wp\/v2\/posts\/116214","targetHints":{"allow":["GET"]}}],"collection":[{"href":"https:\/\/www.europesays.com\/pl\/wp-json\/wp\/v2\/posts"}],"about":[{"href":"https:\/\/www.europesays.com\/pl\/wp-json\/wp\/v2\/types\/post"}],"author":[{"embeddable":true,"href":"https:\/\/www.europesays.com\/pl\/wp-json\/wp\/v2\/users\/2"}],"replies":[{"embeddable":true,"href":"https:\/\/www.europesays.com\/pl\/wp-json\/wp\/v2\/comments?post=116214"}],"version-history":[{"count":0,"href":"https:\/\/www.europesays.com\/pl\/wp-json\/wp\/v2\/posts\/116214\/revisions"}],"wp:featuredmedia":[{"embeddable":true,"href":"https:\/\/www.europesays.com\/pl\/wp-json\/wp\/v2\/media\/116215"}],"wp:attachment":[{"href":"https:\/\/www.europesays.com\/pl\/wp-json\/wp\/v2\/media?parent=116214"}],"wp:term":[{"taxonomy":"category","embeddable":true,"href":"https:\/\/www.europesays.com\/pl\/wp-json\/wp\/v2\/categories?post=116214"},{"taxonomy":"post_tag","embeddable":true,"href":"https:\/\/www.europesays.com\/pl\/wp-json\/wp\/v2\/tags?post=116214"}],"curies":[{"name":"wp","href":"https:\/\/api.w.org\/{rel}","templated":true}]}}