{"id":116225,"date":"2025-11-24T16:06:13","date_gmt":"2025-11-24T16:06:13","guid":{"rendered":"https:\/\/www.europesays.com\/pl\/116225\/"},"modified":"2025-11-24T16:06:13","modified_gmt":"2025-11-24T16:06:13","slug":"grzmi-po-tym-jak-potraktowali-stocha-nieporozumienie","status":"publish","type":"post","link":"https:\/\/www.europesays.com\/pl\/116225\/","title":{"rendered":"Grzmi po tym, jak potraktowali Stocha. &#8222;Nieporozumienie&#8221;"},"content":{"rendered":"\n<p class=\"contentpart contentpart--default contentpart--text\" data-position=\"0\">Trzech Polak\u00f3w w niedzielnym konkursie w Lillehammer wywalczy\u0142o awans do drugiej serii. Z rywalizacj\u0105 na p\u00f3\u0142metku po\u017cegnali si\u0119 <a href=\"https:\/\/sportowefakty.wp.pl\/skoki-narciarskie\/aleksander-zniszczol\" rel=\"nofollow noopener\" target=\"_blank\">Aleksander Zniszczo\u0142<\/a>, <a href=\"https:\/\/sportowefakty.wp.pl\/skoki-narciarskie\/pawel-wasek\" rel=\"nofollow noopener\" target=\"_blank\">Pawe\u0142 W\u0105sek<\/a>\u00a0i <a href=\"https:\/\/sportowefakty.wp.pl\/skoki-narciarskie\/piotr-zyla\" rel=\"nofollow noopener\" target=\"_blank\">Piotr \u017by\u0142a<\/a>.<\/p>\n<p class=\"contentpart contentpart--default contentpart--text\" data-position=\"1\">&#8211; Zaczynaj\u0105c od mniej przyjemnej cz\u0119\u015bci oceny, a wi\u0119c minus\u00f3w, skupi\u0142bym si\u0119 przede wszystkim na Olku. Wida\u0107, \u017ce nie trafi\u0142 z form\u0105 i ma wiele do poprawy. To na pewno jaki\u015b pow\u00f3d do niepokoju, bo jest zupe\u0142nie pogubiony. Niemniej dopiero rozpocz\u0119li\u015bmy Puchar \u015awiata, a czasu na korekty wci\u0105\u017c nie brakuje &#8211; m\u00f3wi <a href=\"https:\/\/sportowefakty.wp.pl\/skoki-narciarskie\/rafal-kot\" rel=\"nofollow noopener\" target=\"_blank\">Rafa\u0142 Kot<\/a>, cz\u0142onek zarz\u0105du Polskiego Zwi\u0105zku Narciarskiego.<\/p>\n<p> <img role=\"presentation\" src=\"https:\/\/std.wpcdn.pl\/images\/adv\/placeholder_wp.svg\" loading=\"lazy\" alt=\"\" decoding=\"async\"\/>  <\/p>\n<p class=\"contentpart contentpart--default contentpart--text\" data-position=\"2\">ZOBACZ WIDEO: #dziejesiewsporcie: By\u0142a 10. sekunda meczu. Niebywa\u0142e, co zrobi\u0142 bramkarz<\/p>\n<p class=\"contentpart contentpart--default contentpart--text\" data-position=\"4\">Za to zdecydowanie lepiej ni\u017c w ubieg\u0142ym roku prezentuje si\u0119 <a href=\"https:\/\/sportowefakty.wp.pl\/skoki-narciarskie\/kamil-stoch\" rel=\"nofollow noopener\" target=\"_blank\">Kamil Stoch<\/a>. Z\u0119bianin zaj\u0105\u0142 w sobot\u0119 13. lokat\u0119, a w niedziel\u0119 zosta\u0142 sklasyfikowany pozycj\u0119 wy\u017cej.<\/p>\n<p class=\"contentpart contentpart--default contentpart--text\" data-position=\"5\">&#8211; Tutaj mo\u017cemy odczuwa\u0107 nawet pewien niedosyt. Po bardzo dobrej pierwszej serii, w kt\u00f3rej zajmowa\u0142 \u00f3sme miejsce, nie wyklucza\u0142em nawet poprawy rezultatu, bo r\u00f3\u017cnice mi\u0119dzy zawodnikami by\u0142y niewielkie. W ka\u017cdym razie na pewno nie spodziewa\u0142em si\u0119 wypadni\u0119cia z czo\u0142owej dziesi\u0105tki. Za to pierwszy skok Kamila by\u0142 doskona\u0142y. Wygl\u0105da\u0142, jak za swoich najlepszych lat. Lekko\u015b\u0107 wr\u00f3ci\u0142a. Z kolei styl lotu to wirtuozeria &#8211; przyznaje ekspert.<\/p>\n<p>Jury do poprawy<\/p>\n<p class=\"contentpart contentpart--default contentpart--text\" data-position=\"7\">Mimo tego dw\u00f3ch s\u0119dzi\u00f3w oceni\u0142o pr\u00f3b\u0119 Stocha na 18,5 punktu. Taki werdykt wywo\u0142a\u0142 wielkie kontrowersje.<\/p>\n<p> <img role=\"presentation\" src=\"https:\/\/std.wpcdn.pl\/images\/adv\/placeholder_wp.svg\" loading=\"lazy\" alt=\"\" decoding=\"async\"\/>  <\/p>\n<p class=\"contentpart contentpart--default contentpart--text\" data-position=\"8\">&#8211; Zupe\u0142nie nie wiem, sk\u0105d oni to wzi\u0119li. Ten os\u0105d nale\u017cy okre\u015bli\u0107 mianem nieporozumienia. S\u0119dziowie zarabiaj\u0105 niema\u0142o, a wci\u0105\u017c dyskutujemy o ich decyzjach. Nie mo\u017ce by\u0107 tak, \u017ce regularnie po konkursach mamy jakie\u015b w\u0105tpliwo\u015bci co do pracy arbitr\u00f3w. \u017bonglowanie belkami te\u017c mnie zniesmaczy\u0142o. Warunki by\u0142y podobne dla wszystkich, a mimo tego z jakich\u015b przyczyn platforma ci\u0105gle zmienia\u0142a po\u0142o\u017cenie. Nie rozumiem tego &#8211; podkre\u015bla Kot.<\/p>\n<p class=\"contentpart contentpart--default contentpart--text\" data-position=\"9\">I od razu przechodzi do najwi\u0119kszej jego zdaniem kontrowersji. &#8211; W sierpniu rozmawiali\u015bmy o zupe\u0142nie zbytecznej rewolucji w przygotowaniu kombinezon\u00f3w. Wszystko wywr\u00f3cono do g\u00f3ry nogi. Mia\u0142o by\u0107 lepiej i sprawiedliwie. Tymczasem trwa proceder pokaz\u00f3wek za spraw\u0105 dyskwalifikacji ni\u017cej notowanych skoczk\u00f3w. Ci\u0105gle mamy r\u00f3wnych i r\u00f3wniejszych &#8211; grzmi dzia\u0142acz.<\/p>\n<p class=\"contentpart contentpart--default contentpart--text\" data-position=\"10\">&#8211; Geiger przez ca\u0142y miniony sezon skaka\u0142 w worku na ziemniaki, co wa\u0142kowano wielokrotnie. Potem szczyci\u0142 si\u0119 brakiem dyskwalifikacji. Kiedy\u015b skoczek skupia\u0142 si\u0119 na oddaniu dobrego skoku i emocje schodzi\u0142y. Teraz kulminacja pojawia si\u0119 przy mierzeniu regulaminowo\u015bci sprz\u0119tu. Stworzyli\u015bmy now\u0105 podkonkurencj\u0119 w skokach. Degradujemy dyscyplin\u0119 od \u015brodka. Dalej niekt\u00f3rzy maj\u0105 taryf\u0119 ulgow\u0105. Szkoda. Doprowadzimy zaraz skoki do ruiny, a ju\u017c wy\u017csze w\u0142adze si\u0119 im przygl\u0105daj\u0105 z uwag\u0105 &#8211; zauwa\u017ca nasz rozm\u00f3wca.<\/p>\n<p> <img role=\"presentation\" src=\"https:\/\/std.wpcdn.pl\/images\/adv\/placeholder_wp.svg\" loading=\"lazy\" alt=\"\" decoding=\"async\"\/>  <\/p>\n<p>B\u0142\u0105d b\u0142\u0119dem pogania<\/p>\n<p class=\"contentpart contentpart--default contentpart--text\" data-position=\"12\">W przysz\u0142orocznych Zimowych Igrzyskach Olimpijskich we W\u0142oszech nie zostanie rozegrany konkurs dru\u017cynowy.<\/p>\n<p class=\"contentpart contentpart--default contentpart--text\" data-position=\"13\">&#8211; Zlikwidowano najciekawsz\u0105 konkurencj\u0119, na kt\u00f3r\u0105 wszyscy czekali. Nawet nie wiem, jak to komentowa\u0107. Pozostaje si\u0119 cieszy\u0107 lepsz\u0105 dyspozycj\u0105 naszych skoczk\u00f3w i dobrym startem Kacpra Tomasiaka. Debiut w jego wykonaniu by\u0142 bardzo poprawny. Oby kontynuowa\u0142 dynamiczny rozw\u00f3j i dostarcza\u0142 nam wiele rado\u015bci. Nie mo\u017cna jednak wywiera\u0107 na nim zbyt du\u017cej presji &#8211; podsumowuje Rafa\u0142 Kot.<\/p>\n<p class=\"contentpart contentpart--default contentpart--text\" data-position=\"14\">Bogumi\u0142 Burczyk, dziennikarz WP SportoweFakty<\/p>\n","protected":false},"excerpt":{"rendered":"Trzech Polak\u00f3w w niedzielnym konkursie w Lillehammer wywalczy\u0142o awans do drugiej serii. Z rywalizacj\u0105 na p\u00f3\u0142metku po\u017cegnali si\u0119&hellip;\n","protected":false},"author":2,"featured_media":116226,"comment_status":"","ping_status":"","sticky":false,"template":"","format":"standard","meta":{"footnotes":""},"categories":[24],"tags":[1571,2741,42,38,40,39,41,13539,25217,1538,127,126,447],"class_list":{"0":"post-116225","1":"post","2":"type-post","3":"status-publish","4":"format-standard","5":"has-post-thumbnail","7":"category-sport","8":"tag-fis","9":"tag-kamil-stoch","10":"tag-pl","11":"tag-poland","12":"tag-polish","13":"tag-polska","14":"tag-polski","15":"tag-ps-w-skokach-narciarskich","16":"tag-rafal-kot","17":"tag-skoki-narciarskie","18":"tag-sport","19":"tag-sports","20":"tag-sporty-zimowe"},"share_on_mastodon":{"url":"https:\/\/pubeurope.com\/@pl\/115605536198636500","error":""},"_links":{"self":[{"href":"https:\/\/www.europesays.com\/pl\/wp-json\/wp\/v2\/posts\/116225","targetHints":{"allow":["GET"]}}],"collection":[{"href":"https:\/\/www.europesays.com\/pl\/wp-json\/wp\/v2\/posts"}],"about":[{"href":"https:\/\/www.europesays.com\/pl\/wp-json\/wp\/v2\/types\/post"}],"author":[{"embeddable":true,"href":"https:\/\/www.europesays.com\/pl\/wp-json\/wp\/v2\/users\/2"}],"replies":[{"embeddable":true,"href":"https:\/\/www.europesays.com\/pl\/wp-json\/wp\/v2\/comments?post=116225"}],"version-history":[{"count":0,"href":"https:\/\/www.europesays.com\/pl\/wp-json\/wp\/v2\/posts\/116225\/revisions"}],"wp:featuredmedia":[{"embeddable":true,"href":"https:\/\/www.europesays.com\/pl\/wp-json\/wp\/v2\/media\/116226"}],"wp:attachment":[{"href":"https:\/\/www.europesays.com\/pl\/wp-json\/wp\/v2\/media?parent=116225"}],"wp:term":[{"taxonomy":"category","embeddable":true,"href":"https:\/\/www.europesays.com\/pl\/wp-json\/wp\/v2\/categories?post=116225"},{"taxonomy":"post_tag","embeddable":true,"href":"https:\/\/www.europesays.com\/pl\/wp-json\/wp\/v2\/tags?post=116225"}],"curies":[{"name":"wp","href":"https:\/\/api.w.org\/{rel}","templated":true}]}}