{"id":116360,"date":"2025-11-24T17:23:09","date_gmt":"2025-11-24T17:23:09","guid":{"rendered":"https:\/\/www.europesays.com\/pl\/116360\/"},"modified":"2025-11-24T17:23:09","modified_gmt":"2025-11-24T17:23:09","slug":"zrobilo-mi-sie-ciemno-przed-oczami-skoczek-zemdlal-podczas-kontroli","status":"publish","type":"post","link":"https:\/\/www.europesays.com\/pl\/116360\/","title":{"rendered":"&#8222;Zrobi\u0142o mi si\u0119 ciemno przed oczami&#8221;. Skoczek zemdla\u0142 podczas kontroli"},"content":{"rendered":"\n<p class=\"contentpart contentpart--default contentpart--text\" data-position=\"0\">21-letni Norweg zosta\u0142 powo\u0142any do rozszerzonego sk\u0142adu kadry na inauguracj\u0119 Pucharu \u015awiata 2025\/26 w Lillehammer. Mia\u0142 wyst\u0105pi\u0107 jedynie w niedzielnym konkursie, zast\u0119puj\u0105c Benjamina Oestvolda. Zawodnika spotka\u0142y jednak spore problemy.<\/p>\n<p class=\"contentpart contentpart--default contentpart--text\" data-position=\"1\">Jak podaje Norweska Agencja Prasowa (NTB), przed pucharowym weekendem <a href=\"https:\/\/sportowefakty.wp.pl\/skoki-narciarskie\/isak-andreas-langmo\" rel=\"nofollow noopener\" target=\"_blank\">Isak Andreas Langmo<\/a>\u00a0musia\u0142 przej\u015b\u0107 obowi\u0105zkowe oznaczenie kombinezonu czipami. Podczas kontroli poczu\u0142 si\u0119 \u017ale. &#8211; By\u0142em ostatni w kolejce do kontroli i wszed\u0142em tam z serwisantem. Wszystko by\u0142o w porz\u0105dku do po\u0142owy kontroli, kiedy nagle zrobi\u0142o si\u0119 mi si\u0119 ca\u0142kowicie ciemno przed oczami &#8211; wspomina skoczek w rozmowie z NTB.<\/p>\n<p> <img role=\"presentation\" src=\"https:\/\/std.wpcdn.pl\/images\/adv\/placeholder_wp.svg\" loading=\"lazy\" alt=\"\" decoding=\"async\"\/>  <\/p>\n<p class=\"contentpart contentpart--default contentpart--text\" data-position=\"2\">ZOBACZ WIDEO: Polak zdecydowany na wielki transfer. &#8222;Okre\u015bli\u0142em cele&#8221;<\/p>\n<p class=\"contentpart contentpart--default contentpart--text\" data-position=\"4\">Norweskie media podkre\u015blaj\u0105, \u017ce procedury kontroli sprz\u0119tu s\u0105 dla zawodnik\u00f3w wyj\u0105tkowo stresuj\u0105ce.\u00a0Po omdleniu Langmo przedstawiciele FIS wykazali si\u0119 wyrozumia\u0142o\u015bci\u0105 i pozwolili mu podej\u015b\u0107 do kontroli ponownie w niedziel\u0119 rano. &#8211; Ludzie z FIS s\u0105 naprawd\u0119 wyrozumiali &#8211; zaznacza Norweg.<\/p>\n<p class=\"contentpart contentpart--default contentpart--text\" data-position=\"5\">Sportowe problemy przysz\u0142y chwil\u0119 p\u00f3\u017aniej. Podczas kwalifikacji w niedziel\u0119 dosz\u0142o do awarii zamka b\u0142yskawicznego w jego kombinezonie. Kontrolerzy FIS natychmiast to zauwa\u017cyli, co skutkowa\u0142o dyskwalifikacj\u0105. Norweg otrzyma\u0142 nawet \u017c\u00f3\u0142t\u0105 kartk\u0119, jednak po interwencji sztabu postanowiono zmieni\u0107 decyzj\u0119.<\/p>\n<p class=\"contentpart contentpart--default contentpart--text\" data-position=\"6\">&#8211; To by\u0142o nieumy\u015blne naruszenie, wi\u0119c nie ma \u017c\u00f3\u0142tej kartki &#8211; wyja\u015bni\u0142 przedstawiciel FIS Mathias Hafele w rozmowie ze Skijumping.pl.<\/p>\n<p> <img role=\"presentation\" src=\"https:\/\/std.wpcdn.pl\/images\/adv\/placeholder_wp.svg\" loading=\"lazy\" alt=\"\" decoding=\"async\"\/>  <\/p>\n<p class=\"contentpart contentpart--default contentpart--text\" data-position=\"7\">Dla Langmo by\u0142 to wi\u0119c wyj\u0105tkowo trudny pocz\u0105tek sezonu &#8211; zar\u00f3wno pod wzgl\u0119dem zdrowotnym, jak i sportowym.<\/p>\n","protected":false},"excerpt":{"rendered":"21-letni Norweg zosta\u0142 powo\u0142any do rozszerzonego sk\u0142adu kadry na inauguracj\u0119 Pucharu \u015awiata 2025\/26 w Lillehammer. Mia\u0142 wyst\u0105pi\u0107 jedynie&hellip;\n","protected":false},"author":2,"featured_media":116361,"comment_status":"","ping_status":"","sticky":false,"template":"","format":"standard","meta":{"footnotes":""},"categories":[24],"tags":[25249,42,38,40,39,41,1538,127,126,447],"class_list":{"0":"post-116360","1":"post","2":"type-post","3":"status-publish","4":"format-standard","5":"has-post-thumbnail","7":"category-sport","8":"tag-isak-andreas-langmo","9":"tag-pl","10":"tag-poland","11":"tag-polish","12":"tag-polska","13":"tag-polski","14":"tag-skoki-narciarskie","15":"tag-sport","16":"tag-sports","17":"tag-sporty-zimowe"},"share_on_mastodon":{"url":"https:\/\/pubeurope.com\/@pl\/115605838574124805","error":""},"_links":{"self":[{"href":"https:\/\/www.europesays.com\/pl\/wp-json\/wp\/v2\/posts\/116360","targetHints":{"allow":["GET"]}}],"collection":[{"href":"https:\/\/www.europesays.com\/pl\/wp-json\/wp\/v2\/posts"}],"about":[{"href":"https:\/\/www.europesays.com\/pl\/wp-json\/wp\/v2\/types\/post"}],"author":[{"embeddable":true,"href":"https:\/\/www.europesays.com\/pl\/wp-json\/wp\/v2\/users\/2"}],"replies":[{"embeddable":true,"href":"https:\/\/www.europesays.com\/pl\/wp-json\/wp\/v2\/comments?post=116360"}],"version-history":[{"count":0,"href":"https:\/\/www.europesays.com\/pl\/wp-json\/wp\/v2\/posts\/116360\/revisions"}],"wp:featuredmedia":[{"embeddable":true,"href":"https:\/\/www.europesays.com\/pl\/wp-json\/wp\/v2\/media\/116361"}],"wp:attachment":[{"href":"https:\/\/www.europesays.com\/pl\/wp-json\/wp\/v2\/media?parent=116360"}],"wp:term":[{"taxonomy":"category","embeddable":true,"href":"https:\/\/www.europesays.com\/pl\/wp-json\/wp\/v2\/categories?post=116360"},{"taxonomy":"post_tag","embeddable":true,"href":"https:\/\/www.europesays.com\/pl\/wp-json\/wp\/v2\/tags?post=116360"}],"curies":[{"name":"wp","href":"https:\/\/api.w.org\/{rel}","templated":true}]}}