{"id":116410,"date":"2025-11-24T17:56:10","date_gmt":"2025-11-24T17:56:10","guid":{"rendered":"https:\/\/www.europesays.com\/pl\/116410\/"},"modified":"2025-11-24T17:56:10","modified_gmt":"2025-11-24T17:56:10","slug":"okazja-allegro-black-weeks-iphone-16-pro-256-gb-w-bardzo-niskiej-cenie","status":"publish","type":"post","link":"https:\/\/www.europesays.com\/pl\/116410\/","title":{"rendered":"OKAZJA Allegro Black Weeks: iPhone 16 Pro (256 GB) w bardzo niskiej cenie"},"content":{"rendered":"<p><a href=\"https:\/\/clk.tradedoubler.com\/click?p=288386&amp;a=3021109&amp;url=https%3A%2F%2Fallegro.pl%2Foferta%2Fsmartfon-apple-iphone-16-pro-8-gb-256-gb-5g-natural-titanium-17118026492\" rel=\"nofollow noopener\" target=\"_blank\"><img loading=\"lazy\" decoding=\"async\" class=\"aligncenter wp-image-112315\" src=\"https:\/\/www.europesays.com\/pl\/wp-content\/uploads\/2025\/11\/iphone-16-pro-256-gb-black-friday-2025_2.jpg\" alt=\"\" width=\"700\" height=\"611\"   \/><\/a><\/p>\n<p>Aktualizacja: a jutro megapromocja na iPhone\u2019a 16 Pro Max i iPhone\u2019a 16! Szczeg\u00f3\u0142y poni\u017cej.<\/p>\n<p>***<\/p>\n<p>Zbli\u017ca si\u0119\u00a0<a href=\"https:\/\/thinkapple.pl\/tag\/black-friday-2025\/\" rel=\"nofollow noopener\" target=\"_blank\">Black Friday 2025<\/a>, nabiera tempa\u00a0<a href=\"https:\/\/clk.tradedoubler.com\/click?p=288386&amp;a=3021109&amp;url=https%3A%2F%2Fallegro.pl%2Fstrefaokazji%2Fblack-friday\" rel=\"nofollow noopener\" target=\"_blank\">Allegro Black Weeks<\/a>!<\/p>\n<p>Dzisiaj o 19:00 kolejna \u015bwietna promocja na \u2013 iPhone 16 Pro (256 GB) za 4699 z\u0142!<\/p>\n<p><a href=\"https:\/\/clk.tradedoubler.com\/click?p=288386&amp;a=3021109&amp;url=https%3A%2F%2Fallegro.pl%2Foferta%2Fsmartfon-apple-iphone-16-pro-8-gb-256-gb-5g-natural-titanium-17118026492\" rel=\"nofollow noopener\" target=\"_blank\">Kup iPhone\u2019a 16 Pro za 4699 z\u0142<\/a><\/p>\n<p>A ju\u017c jutro o 7:00 ruszaj\u0105 promocje na:<\/p>\n<p>Dodajcie oferty do ulubionych, \u017ceby dosta\u0107 przypomnienie tu\u017c przed startem promocji.<\/p>\n<p>Sprzedawc\u0105 jest Oficjalny Sklep Allegro.<\/p>\n<p>Sprawd\u017acie te\u017c inne promocje Black Friday Week:<\/p>\n<p>Warto do\u0142\u0105czy\u0107 do naszej grupy na Facebooku <a href=\"https:\/\/www.facebook.com\/share\/q2NMtfnjLko68A2y\/?mibextid=K35XfP\" rel=\"nofollow noopener\" target=\"_blank\">\u201cApple i elektronika \u2013 najlepsze promocje\u201d<\/a>, gdzie b\u0119dziemy wrzuca\u0107 jeszcze wi\u0119cej promocji.<\/p>\n<p><a href=\"https:\/\/www.facebook.com\/share\/q2NMtfnjLko68A2y\/?mibextid=K35XfP\" rel=\"nofollow noopener\" target=\"_blank\"><img loading=\"lazy\" decoding=\"async\" class=\"aligncenter size-full wp-image-87855\" src=\"https:\/\/www.europesays.com\/pl\/wp-content\/uploads\/2025\/11\/apple-promocje-grupa-facebook-ftr.jpg\" alt=\"\" width=\"1200\" height=\"628\"   \/><\/a><\/p>\n<p>***<\/p>\n<p>Wpis zawiera linki afiliacyjne<\/p>\n<p>OKAZJA Allegro Black Weeks: iPhone 16 Pro (256 GB) w bardzo niskiej cenie was last modified:  listopad 24th, 2025 by Redakcja<\/p>\n<p><img decoding=\"async\" src=\"https:\/\/www.europesays.com\/pl\/wp-content\/uploads\/2025\/11\/62c0c5bc8818e38c9dbc25d1128d008e\" class=\"author-img\" \/><\/p>\n<p class=\"mb1\">Pod\u0142\u0105cz si\u0119 do nas na <a href=\"https:\/\/twitter.com\/thinkapple_pl\" rel=\"nofollow noopener\" target=\"_blank\">Twitterze<\/a> lub <a href=\"https:\/\/www.facebook.com\/ThinkApplePL\" rel=\"nofollow noopener\" target=\"_blank\">Facebooku<\/a>, \u017ceby nie przegapi\u0107 \u017cadnych informacji ze \u015bwiata Apple.<\/p>\n<p class=\"post_tags mb1\">Tagi:<br \/>\n\t\t\t\t\t\t<a href=\"https:\/\/thinkapple.pl\/tag\/allegro-black-friday\/\" rel=\"tag nofollow noopener\" target=\"_blank\">allegro black friday<\/a>,<br \/>\n\t\t\t\t\t\t<a href=\"https:\/\/thinkapple.pl\/tag\/allegro-black-friday-najlepsze-promocje\/\" rel=\"tag nofollow noopener\" target=\"_blank\">allegro black friday najlepsze promocje<\/a>,<br \/>\n\t\t\t\t\t\t<a href=\"https:\/\/thinkapple.pl\/tag\/allegro-black-weeks\/\" rel=\"tag nofollow noopener\" target=\"_blank\">allegro black weeks<\/a>,<br \/>\n\t\t\t\t\t\t<a href=\"https:\/\/thinkapple.pl\/tag\/black-friday\/\" rel=\"tag nofollow noopener\" target=\"_blank\">black friday<\/a>,<br \/>\n\t\t\t\t\t\t<a href=\"https:\/\/thinkapple.pl\/tag\/black-friday-2025\/\" rel=\"tag nofollow noopener\" target=\"_blank\">black friday 2025<\/a>,<br \/>\n\t\t\t\t\t\t<a href=\"https:\/\/thinkapple.pl\/tag\/black-friday-allegro\/\" rel=\"tag nofollow noopener\" target=\"_blank\">black friday allegro<\/a>,<br \/>\n\t\t\t\t\t\t<a href=\"https:\/\/thinkapple.pl\/tag\/black-friday-apple\/\" rel=\"tag nofollow noopener\" target=\"_blank\">black friday apple<\/a>,<br \/>\n\t\t\t\t\t\t<a href=\"https:\/\/thinkapple.pl\/tag\/black-friday-iphone-16\/\" rel=\"tag nofollow noopener\" target=\"_blank\">black friday iPhone 16<\/a>,<br \/>\n\t\t\t\t\t\t<a href=\"https:\/\/thinkapple.pl\/tag\/black-friday-iphone-16-128-gb\/\" rel=\"tag nofollow noopener\" target=\"_blank\">black friday iphone 16 128 gb<\/a>,<br \/>\n\t\t\t\t\t\t<a href=\"https:\/\/thinkapple.pl\/tag\/black-friday-iphone-16-pro\/\" rel=\"tag nofollow noopener\" target=\"_blank\">black friday iPhone 16 pro<\/a>,<br \/>\n\t\t\t\t\t\t<a href=\"https:\/\/thinkapple.pl\/tag\/black-friday-iphone-16-pro-128-fgb\/\" rel=\"tag nofollow noopener\" target=\"_blank\">black friday iphone 16 pro 128 fgb<\/a>,<br \/>\n\t\t\t\t\t\t<a href=\"https:\/\/thinkapple.pl\/tag\/black-friday-macbook-air\/\" rel=\"tag nofollow noopener\" target=\"_blank\">black friday MacBook air<\/a>,<br \/>\n\t\t\t\t\t\t<a href=\"https:\/\/thinkapple.pl\/tag\/black-friday-macbook-air-m2\/\" rel=\"tag nofollow noopener\" target=\"_blank\">black friday MacBook air m2<\/a>,<br \/>\n\t\t\t\t\t\t<a href=\"https:\/\/thinkapple.pl\/tag\/black-friday-weeks\/\" rel=\"tag nofollow noopener\" target=\"_blank\">black friday weeks<\/a>,<br \/>\n\t\t\t\t\t\t<a href=\"https:\/\/thinkapple.pl\/tag\/black-weeks-allegro\/\" rel=\"tag nofollow noopener\" target=\"_blank\">black weeks allegro<\/a>,<br \/>\n\t\t\t\t\t\t<a href=\"https:\/\/thinkapple.pl\/tag\/iphone-16-black-friday\/\" rel=\"tag nofollow noopener\" target=\"_blank\">iphone 16 black friday<\/a>,<br \/>\n\t\t\t\t\t\t<a href=\"https:\/\/thinkapple.pl\/tag\/iphone-16-pro-128-gb-black-friday\/\" rel=\"tag nofollow noopener\" target=\"_blank\">iphone 16 pro 128 gb black friday<\/a>,<br \/>\n\t\t\t\t\t\t<a href=\"https:\/\/thinkapple.pl\/tag\/iphone-16-pro-black-friday\/\" rel=\"tag nofollow noopener\" target=\"_blank\">iphone 16 pro black friday<\/a>,<br \/>\n\t\t\t\t\t\t<a href=\"https:\/\/thinkapple.pl\/tag\/iphone-16-promocja\/\" rel=\"tag nofollow noopener\" target=\"_blank\">iPhone 16 promocja<\/a>,<br \/>\n\t\t\t\t\t\t<a href=\"https:\/\/thinkapple.pl\/tag\/iphone-16-promocja-black-friday\/\" rel=\"tag nofollow noopener\" target=\"_blank\">iphone 16 promocja black friday<\/a>\n\t\t\t\t\t<\/p>\n<p>\t\t<script async src=\"https:\/\/platform.twitter.com\/widgets.js\" charset=\"utf-8\"><\/script><\/p>\n","protected":false},"excerpt":{"rendered":"Aktualizacja: a jutro megapromocja na iPhone\u2019a 16 Pro Max i iPhone\u2019a 16! Szczeg\u00f3\u0142y poni\u017cej. *** Zbli\u017ca si\u0119\u00a0Black Friday&hellip;\n","protected":false},"author":2,"featured_media":116411,"comment_status":"","ping_status":"","sticky":false,"template":"","format":"standard","meta":{"footnotes":""},"categories":[20],"tags":[25261,25262,25263,21141,21142,25264,21150,25265,25266,25267,25268,25269,25270,20863,25271,25272,25273,25274,9744,25275,120,118,119,42,38,40,39,41,116,114,115,121,117],"class_list":{"0":"post-116410","1":"post","2":"type-post","3":"status-publish","4":"format-standard","5":"has-post-thumbnail","7":"category-nauka-i-technika","8":"tag-allegro-black-friday","9":"tag-allegro-black-friday-najlepsze-promocje","10":"tag-allegro-black-weeks","11":"tag-black-friday","12":"tag-black-friday-2025","13":"tag-black-friday-allegro","14":"tag-black-friday-apple","15":"tag-black-friday-iphone-16","16":"tag-black-friday-iphone-16-128-gb","17":"tag-black-friday-iphone-16-pro","18":"tag-black-friday-iphone-16-pro-128-fgb","19":"tag-black-friday-macbook-air","20":"tag-black-friday-macbook-air-m2","21":"tag-black-friday-weeks","22":"tag-black-weeks-allegro","23":"tag-iphone-16-black-friday","24":"tag-iphone-16-pro-128-gb-black-friday","25":"tag-iphone-16-pro-black-friday","26":"tag-iphone-16-promocja","27":"tag-iphone-16-promocja-black-friday","28":"tag-nauka","29":"tag-nauka-i-technika","30":"tag-naukatechnika","31":"tag-pl","32":"tag-poland","33":"tag-polish","34":"tag-polska","35":"tag-polski","36":"tag-science","37":"tag-science-and-technology","38":"tag-sciencetechnology","39":"tag-technika","40":"tag-technology"},"share_on_mastodon":{"url":"","error":"Validation failed: Text character limit of 500 exceeded"},"_links":{"self":[{"href":"https:\/\/www.europesays.com\/pl\/wp-json\/wp\/v2\/posts\/116410","targetHints":{"allow":["GET"]}}],"collection":[{"href":"https:\/\/www.europesays.com\/pl\/wp-json\/wp\/v2\/posts"}],"about":[{"href":"https:\/\/www.europesays.com\/pl\/wp-json\/wp\/v2\/types\/post"}],"author":[{"embeddable":true,"href":"https:\/\/www.europesays.com\/pl\/wp-json\/wp\/v2\/users\/2"}],"replies":[{"embeddable":true,"href":"https:\/\/www.europesays.com\/pl\/wp-json\/wp\/v2\/comments?post=116410"}],"version-history":[{"count":0,"href":"https:\/\/www.europesays.com\/pl\/wp-json\/wp\/v2\/posts\/116410\/revisions"}],"wp:featuredmedia":[{"embeddable":true,"href":"https:\/\/www.europesays.com\/pl\/wp-json\/wp\/v2\/media\/116411"}],"wp:attachment":[{"href":"https:\/\/www.europesays.com\/pl\/wp-json\/wp\/v2\/media?parent=116410"}],"wp:term":[{"taxonomy":"category","embeddable":true,"href":"https:\/\/www.europesays.com\/pl\/wp-json\/wp\/v2\/categories?post=116410"},{"taxonomy":"post_tag","embeddable":true,"href":"https:\/\/www.europesays.com\/pl\/wp-json\/wp\/v2\/tags?post=116410"}],"curies":[{"name":"wp","href":"https:\/\/api.w.org\/{rel}","templated":true}]}}