{"id":116414,"date":"2025-11-24T17:59:11","date_gmt":"2025-11-24T17:59:11","guid":{"rendered":"https:\/\/www.europesays.com\/pl\/116414\/"},"modified":"2025-11-24T17:59:11","modified_gmt":"2025-11-24T17:59:11","slug":"teresa-d-ciotka-ukrywala-jacka-jaworka-ruszyl-proces-przelom-w-sadzie","status":"publish","type":"post","link":"https:\/\/www.europesays.com\/pl\/116414\/","title":{"rendered":"Teresa D. Ciotka ukrywa\u0142a Jacka Jaworka. Ruszy\u0142 proces, prze\u0142om w s\u0105dzie"},"content":{"rendered":"<p>W poniedzia\u0142ek rozpocz\u0105\u0142 si\u0119 proces 75-letniej Teresy D. &#8211; ciotki Jacka Jaworka, sprawcy potr\u00f3jnego zab\u00f3jstwa w Borowcach ko\u0142o Cz\u0119stochowy. Prokuratura oskar\u017cy\u0142a kobiet\u0119 o ukrywanie swojego siostrze\u0144ca, gdy by\u0142 poszukiwany przez policj\u0119.\u00a0Jak informuje Radio Katowice, oskar\u017cona przyzna\u0142a si\u0119 do zarzucanego czynu i potwierdzi\u0142a, \u017ce rozumie zarzut. Odm\u00f3wi\u0142a jednak z\u0142o\u017cenia wyja\u015bnie\u0144.<\/p>\n<p>\u00a0<\/p>\n<p>&#8211; Strach i obawa nie pozwala\u0142y kobiecie na podj\u0119cie innej decyzji &#8211; zapewnia, cytowany przez rozg\u0142o\u015bni\u0119, obro\u0144ca kobiety mec. Tomasz Gola. Prawnik zaapelowa\u0142 tak\u017ce, by nie uto\u017csamia\u0107 zbrodni w Borowcach z zarzutem stawianym jego klientce.<\/p>\n<p>Ukrywa\u0142a Jacka Jaworka, gdy szuka\u0142a go ca\u0142a Polska. Ruszy\u0142 proces Teresy D.<\/p>\n<p>Podczas wcze\u015bniejszych przes\u0142ucha\u0144 Teresa D. zezna\u0142a, \u017ce Jaworek pojawi\u0142 si\u0119 u niej w domu 1 listopada 2023 roku. Jak argumentowa\u0142a, wpu\u015bci\u0142a poszukiwanego krewnego i nie m\u00f3wi\u0142a nikomu o jego obecno\u015bci z obawy o w\u0142asne \u017cycie. &#8211; Zapyta\u0142, czy mo\u017ce si\u0119 przespa\u0107 na starej wersalce. Zgodzi\u0142am si\u0119 &#8211; m\u00f3wi\u0142a w prokuraturze.\u00a0<\/p>\n<p>\u00a0<\/p>\n<p>ZOBACZ: <a href=\"https:\/\/www.polsatnews.pl\/wiadomosc\/2024-09-18\/pilna-decyzja-w-sprawie-ciotki-jacka-jaworka-kobieta-wyjdzie-na-wolnosc\/\" rel=\"nofollow noopener\" target=\"_blank\">Pilna decyzja w sprawie ciotki Jacka Jaworka. Kobieta wyjdzie na wolno\u015b\u0107<\/a><\/p>\n<p>\u00a0<\/p>\n<p>Jak doda\u0142 adwokat kobiety, jednocze\u015bnie &#8222;trudno by\u0142o jej uwierzy\u0107, \u017ce m\u00f3g\u0142 zabi\u0107 troje swoich bliskich&#8221;.\u00a0&#8211; My\u015blenie o rodzinie, o lojalno\u015bci wobec bliskich tutaj na pewno mia\u0142o znaczenie &#8211; stwierdzi\u0142.\u00a0<\/p>\n<p>\u00a0<\/p>\n<p>W lipcu Prokuratura Okr\u0119gowa w Cz\u0119stochowie poinformowa\u0142a, \u017ce w toku \u015bledztwa znaleziono dowody na to, \u017ce poszukiwany przebywa\u0142 w domu swojej ciotki znacznie wcze\u015bniej &#8211; ju\u017c w 2022 roku.\u00a0<\/p>\n<p>Akt oskar\u017cenia wobec ciotki Jacka Jaworka. Prokuratura ujawnia dowody<\/p>\n<p>Kluczowym dowodem w sprawie okaza\u0142 si\u0119 smartwatch nale\u017c\u0105cy do m\u0119\u017cczyzny. Odzyskane z niego dane ujawni\u0142y film zarejestrowany 22 marca 2023 roku w domu Teresy D., na kt\u00f3rym widoczna jest posta\u0107 Jacka Jaworka, przedstawiaj\u0105cego si\u0119 nazwiskiem i podaj\u0105cego dat\u0119 nagrania.<\/p>\n<p>\u00a0<\/p>\n<p>Ponadto w post\u0119powaniu ustalono, \u017ce podczas ukrywania si\u0119 przed organami \u015bcigania, m\u0119\u017cczyzna wykonywa\u0142 w domu swojej ciotki liczne prace remontowe. Potwierdzaj\u0105 to zakupy materia\u0142\u00f3w budowlanych dokonane przez Teres\u0119 D. w pa\u017adzierniku i listopadzie 2022 roku oraz odnalezione w domu odr\u0119czne zapiski wykonane przez Jacka Jaworka dotycz\u0105ce materia\u0142\u00f3w budowlanych.<\/p>\n<p>\u00a0<\/p>\n<p>ZOBACZ: <a href=\"https:\/\/www.polsatnews.pl\/wiadomosc\/2025-09-04\/zwrot-ws-jacka-jaworka-mogla-mu-pomagac-nie-tylko-ciotka\/\" rel=\"nofollow noopener\" target=\"_blank\">Zwrot ws. Jacka Jaworka. Mog\u0142a mu pomaga\u0107 nie tylko ciotka<\/a><\/p>\n<p>\u015aledczy znale\u017ali r\u00f3wnie\u017c inne dowody wskazuj\u0105ce na pobyt m\u0119\u017cczyzny w domu swojej ciotki. Zabezpieczono m.in. telefony kom\u00f3rkowe ze \u015bladami linii papilarnych i DNA Jaworka. Dodatkowym potwierdzeniem pobytu zab\u00f3jcy u ciotki by\u0142 r\u00f3wnie\u017c wzrost zu\u017cycia energii elektrycznej i wody w analizowanym okresie.<\/p>\n<p>\u00a0<\/p>\n<p>Kolejna rozprawa zosta\u0142a zaplanowana na 5 stycznia. Teresie D. grozi od trzech miesi\u0119cy do pi\u0119ciu lat wi\u0119zienia.\u00a0<\/p>\n<p>\u00a0<\/p>\n<p>Widzia\u0142e\u015b co\u015b wa\u017cnego? Przy\u015blij zdj\u0119cie, film lub napisz, co si\u0119 sta\u0142o. Skorzystaj z naszej <a href=\"https:\/\/www.polsatnews.pl\/platforma-widzow\/\" target=\"_blank\" rel=\"noopener noreferrer nofollow\">Wrzutni<\/a><\/p>\n<p>                <img decoding=\"async\" src=\"https:\/\/www.europesays.com\/pl\/wp-content\/uploads\/2025\/11\/rsh4dsgqeaawnn2h32jhevdzduzqni6g.jpg\" alt=\"\" itemprop=\"contentUrl\" style=\"position:absolute; width: 100%; max-height: 100%;\"\/><video controls=\"\" controlslist=\"nodownload\" poster=\"https:\/\/www.europesays.com\/pl\/wp-content\/uploads\/2025\/11\/rsh4dsgqeaawnn2h32jhevdzduzqni6g.jpg\" class=\"videoPlayer player6854901 news__video\" data-id=\"6854901\">Twoja przegl\u0105darka nie wspiera odtwarzacza wideo&#8230;<\/video><\/p>\n<p>                <a class=\"news__read-more-button\" href=\"https:\/\/www.polsatnews.pl\/\" rel=\"nofollow noopener\" target=\"_blank\">Czytaj wi\u0119cej<\/a><\/p>\n","protected":false},"excerpt":{"rendered":"W poniedzia\u0142ek rozpocz\u0105\u0142 si\u0119 proces 75-letniej Teresy D. &#8211; ciotki Jacka Jaworka, sprawcy potr\u00f3jnego zab\u00f3jstwa w Borowcach ko\u0142o&hellip;\n","protected":false},"author":2,"featured_media":116415,"comment_status":"","ping_status":"","sticky":false,"template":"","format":"standard","meta":{"footnotes":""},"categories":[12],"tags":[32,33,36,37,27,34,35,28,31,25,42,38,40,39,41,29,30,26],"class_list":{"0":"post-116414","1":"post","2":"type-post","3":"status-publish","4":"format-standard","5":"has-post-thumbnail","7":"category-polska","8":"tag-breaking-news","9":"tag-breakingnews","10":"tag-featured-news","11":"tag-featurednews","12":"tag-headlines","13":"tag-latest-news","14":"tag-latestnews","15":"tag-naglowki","16":"tag-najwazniejsze-artykuly","17":"tag-news","18":"tag-pl","19":"tag-poland","20":"tag-polish","21":"tag-polska","22":"tag-polski","23":"tag-top-stories","24":"tag-topstories","25":"tag-wiadomosci"},"share_on_mastodon":{"url":"https:\/\/pubeurope.com\/@pl\/115605980372454491","error":""},"_links":{"self":[{"href":"https:\/\/www.europesays.com\/pl\/wp-json\/wp\/v2\/posts\/116414","targetHints":{"allow":["GET"]}}],"collection":[{"href":"https:\/\/www.europesays.com\/pl\/wp-json\/wp\/v2\/posts"}],"about":[{"href":"https:\/\/www.europesays.com\/pl\/wp-json\/wp\/v2\/types\/post"}],"author":[{"embeddable":true,"href":"https:\/\/www.europesays.com\/pl\/wp-json\/wp\/v2\/users\/2"}],"replies":[{"embeddable":true,"href":"https:\/\/www.europesays.com\/pl\/wp-json\/wp\/v2\/comments?post=116414"}],"version-history":[{"count":0,"href":"https:\/\/www.europesays.com\/pl\/wp-json\/wp\/v2\/posts\/116414\/revisions"}],"wp:featuredmedia":[{"embeddable":true,"href":"https:\/\/www.europesays.com\/pl\/wp-json\/wp\/v2\/media\/116415"}],"wp:attachment":[{"href":"https:\/\/www.europesays.com\/pl\/wp-json\/wp\/v2\/media?parent=116414"}],"wp:term":[{"taxonomy":"category","embeddable":true,"href":"https:\/\/www.europesays.com\/pl\/wp-json\/wp\/v2\/categories?post=116414"},{"taxonomy":"post_tag","embeddable":true,"href":"https:\/\/www.europesays.com\/pl\/wp-json\/wp\/v2\/tags?post=116414"}],"curies":[{"name":"wp","href":"https:\/\/api.w.org\/{rel}","templated":true}]}}