{"id":116416,"date":"2025-11-24T18:00:08","date_gmt":"2025-11-24T18:00:08","guid":{"rendered":"https:\/\/www.europesays.com\/pl\/116416\/"},"modified":"2025-11-24T18:00:08","modified_gmt":"2025-11-24T18:00:08","slug":"karol-nawrocki-o-spotkaniu-z-wolodymyrem-zelenskim-czekam-w-warszawie","status":"publish","type":"post","link":"https:\/\/www.europesays.com\/pl\/116416\/","title":{"rendered":"Karol Nawrocki o spotkaniu z Wo\u0142odymyrem Ze\u0142enskim. &#8222;Czekam w Warszawie&#8221;"},"content":{"rendered":"<p class=\"ods-c-paragraph \">Prezydenci Polski i Czech na poniedzia\u0142kowej konferencji prasowej po spotkaniu w Pradze byli pytani o 28-punktowy plan pokojowy USA dla Ukrainy.<\/p>\n<p class=\"ods-c-paragraph \">Petr Pavel zauwa\u017cy\u0142, \u017ce pierwsze oceny planu &#8222;nie by\u0142y do ko\u0144ca pozytywne&#8221;. Doda\u0142 jednak, \u017ce pozytywnie ocenia rozmowy, do kt\u00f3rych dosz\u0142o w Genewie z udzia\u0142em doradc\u00f3w bezpiecze\u0144stwa narodowego Francji, Wielkiej Brytanii, Niemiec i przedstawicieli W\u0142och, USA, UE oraz Ukrainy.<\/p>\n<p>Dalszy ci\u0105g artyku\u0142u pod materia\u0142em wideo<\/p>\n<p> Kiedy Karol Nawrocki czeka na Wo\u0142odymyra Ze\u0142enskiego? <\/p>\n<p> Jakie s\u0105 opinie na temat planu pokojowego USA dla Ukrainy? <\/p>\n<p> Jakie relacje \u0142\u0105cz\u0105 Karola Nawrockiego z Donaldem Trumpem? <\/p>\n<p> Czy prezydenci Polski i Czech rozmawiali o wsp\u00f3lnej wizycie w Ukrainie? <\/p>\n<p class=\"ods-c-paragraph \">\u2014 Bardzo si\u0119 ciesz\u0119, \u017ce Europa bierze w tym udzia\u0142. By\u0142oby bardzo skomplikowane rozwa\u017ca\u0107 osi\u0105gni\u0119cie pokoju w Ukrainie, zako\u0144czenie wojny, kt\u00f3ra egzystencjalnie dotyczy og\u00f3lnoeuropejskiego bezpiecze\u0144stwa, bez tego, \u017ceby udzia\u0142 bra\u0142a Europa, czy chocia\u017c jej g\u0142\u00f3wne pa\u0144stwa, kt\u00f3re b\u0119d\u0105 reprezentowa\u0142y interesy Europy \u2014 powiedzia\u0142 Pavel.<\/p>\n<p class=\"ods-c-paragraph \">Jak zaznaczy\u0142, ostateczny plan pokojowy musi by\u0107 &#8222;nie tylko realistyczny w stosunku do sytuacji na polu walki&#8221;, ale &#8222;musi te\u017c respektowa\u0107 mi\u0119dzynarodowe normy i zasady&#8221;. Zdaniem Pavla, wa\u017cna jest &#8222;zasada, \u017ce ofiara tej agresji nie b\u0119dzie na ko\u0144cu ukarana, bardziej ni\u017c winowajca&#8221;.<\/p>\n<p>Karol Nawrocki: tylko Trump mo\u017ce zmusi\u0107 Putina do pokoju   <\/p>\n<p class=\"ods-c-paragraph \">Prezydent Nawrocki by\u0142 dodatkowo pytany, czy w kontek\u015bcie planu pokojowego USA chce wykorzysta\u0107 swoje bliskie relacje z Donaldem Trumpem i jego administracj\u0105. Nawrocki podkre\u015bli\u0142, \u017ce podczas kolejnych spotka\u0144 i dyskusji, m.in. z prezydentem Trumpem &#8222;zawsze jednym z temat\u00f3w jest oczywi\u015bcie to, co dzieje si\u0119 na Ukrainie po ataku Federacji Rosyjskiej&#8221;. Doda\u0142, \u017ce jego stanowisko w tej kwestii si\u0119 nie zmienia i &#8222;nie ma w\u0105tpliwo\u015bci, \u017ce to Federacja Rosyjska jest agresorem&#8221;.<\/p>\n<p class=\"ods-c-paragraph \">\u2014 Nie ma w\u0105tpliwo\u015bci, \u017ce w interesie pa\u0144stw europejskich, tak\u017ce Polski, jest d\u0105\u017cenie do sta\u0142ego pokoju, a nie takiego pokoju, kt\u00f3ry da mo\u017cliwo\u015b\u0107 Federacji Rosyjskiej do zmobilizowania swoich aktyw\u00f3w i do prowadzenia do kolejnej wojny w kolejnych latach, czy w kolejnych dekadach. Ja patrz\u0119 na Federacj\u0119 Rosyjsk\u0105 jako na pa\u0144stwo, kt\u00f3re nie dotrzymuje um\u00f3w, a wi\u0119c to jest zagro\u017cenie dla ka\u017cdego potencjalnego pokoju, kt\u00f3ry zosta\u0142by podpisany \u2014 podkre\u015bli\u0142 prezydent RP.<\/p>\n<p class=\"ods-c-paragraph \">Jego zdaniem &#8222;jedyn\u0105 osob\u0105 na \u015bwiecie, kt\u00f3ra jest gotowa zmusi\u0107 Federacj\u0119 Rosyjsk\u0105 do pokoju, jest prezydent Stan\u00f3w Zjednoczonych Donald Trump&#8221;.<\/p>\n<p class=\"ods-c-paragraph \">Prezydenci Polski i Czech byli te\u017c pytani o ewentualn\u0105 wsp\u00f3ln\u0105 wizyt\u0119 w Ukrainie. \u2014 O tym wcale nie rozmawiali\u015bmy, ale gdyby co\u015b takiego w przysz\u0142o\u015bci by\u0142o w planach, ja na pewno nie b\u0119d\u0119 przeciw \u2014 powiedzia\u0142 Petr Pavel. \u2014 Czekam na pana prezydenta Ze\u0142enskiego w Warszawie i mam nadziej\u0119, \u017ce pan prezydent Ze\u0142enski przyjmie moje zaproszenie \u2014 odpar\u0142 Nawrocki.<\/p>\n","protected":false},"excerpt":{"rendered":"Prezydenci Polski i Czech na poniedzia\u0142kowej konferencji prasowej po spotkaniu w Pradze byli pytani o 28-punktowy plan pokojowy&hellip;\n","protected":false},"author":2,"featured_media":116417,"comment_status":"","ping_status":"","sticky":false,"template":"","format":"standard","meta":{"footnotes":""},"categories":[5],"tags":[32,33,779,44,36,37,27,43,34,35,28,31,48,25,46,3100,42,38,40,39,41,47,80,29,30,415,71,26,408,309],"class_list":{"0":"post-116416","1":"post","2":"type-post","3":"status-publish","4":"format-standard","5":"has-post-thumbnail","7":"category-naglowki","8":"tag-breaking-news","9":"tag-breakingnews","10":"tag-czechy","11":"tag-donald_trump","12":"tag-featured-news","13":"tag-featurednews","14":"tag-headlines","15":"tag-karol_nawrocki","16":"tag-latest-news","17":"tag-latestnews","18":"tag-naglowki","19":"tag-najwazniejsze-artykuly","20":"tag-nat_styl","21":"tag-news","22":"tag-omp","23":"tag-petr_pavel","24":"tag-pl","25":"tag-poland","26":"tag-polish","27":"tag-polska","28":"tag-polski","29":"tag-screening_general","30":"tag-swiat","31":"tag-top-stories","32":"tag-topstories","33":"tag-ukraina","34":"tag-usa","35":"tag-wiadomosci","36":"tag-wladimir_putin","37":"tag-wolodymyr_zelenski"},"share_on_mastodon":{"url":"https:\/\/pubeurope.com\/@pl\/115605983939429564","error":""},"_links":{"self":[{"href":"https:\/\/www.europesays.com\/pl\/wp-json\/wp\/v2\/posts\/116416","targetHints":{"allow":["GET"]}}],"collection":[{"href":"https:\/\/www.europesays.com\/pl\/wp-json\/wp\/v2\/posts"}],"about":[{"href":"https:\/\/www.europesays.com\/pl\/wp-json\/wp\/v2\/types\/post"}],"author":[{"embeddable":true,"href":"https:\/\/www.europesays.com\/pl\/wp-json\/wp\/v2\/users\/2"}],"replies":[{"embeddable":true,"href":"https:\/\/www.europesays.com\/pl\/wp-json\/wp\/v2\/comments?post=116416"}],"version-history":[{"count":0,"href":"https:\/\/www.europesays.com\/pl\/wp-json\/wp\/v2\/posts\/116416\/revisions"}],"wp:featuredmedia":[{"embeddable":true,"href":"https:\/\/www.europesays.com\/pl\/wp-json\/wp\/v2\/media\/116417"}],"wp:attachment":[{"href":"https:\/\/www.europesays.com\/pl\/wp-json\/wp\/v2\/media?parent=116416"}],"wp:term":[{"taxonomy":"category","embeddable":true,"href":"https:\/\/www.europesays.com\/pl\/wp-json\/wp\/v2\/categories?post=116416"},{"taxonomy":"post_tag","embeddable":true,"href":"https:\/\/www.europesays.com\/pl\/wp-json\/wp\/v2\/tags?post=116416"}],"curies":[{"name":"wp","href":"https:\/\/api.w.org\/{rel}","templated":true}]}}