{"id":116424,"date":"2025-11-24T18:06:11","date_gmt":"2025-11-24T18:06:11","guid":{"rendered":"https:\/\/www.europesays.com\/pl\/116424\/"},"modified":"2025-11-24T18:06:11","modified_gmt":"2025-11-24T18:06:11","slug":"nowe-przepisy-dla-wlascicieli-nieruchomosci-juz-od-1-stycznia-2026-r","status":"publish","type":"post","link":"https:\/\/www.europesays.com\/pl\/116424\/","title":{"rendered":"Nowe przepisy dla w\u0142a\u015bcicieli nieruchomo\u015bci ju\u017c od 1 stycznia 2026 r."},"content":{"rendered":"<p data-section=\"detail-body\">Od 1 stycznia 2026 roku wchodz\u0105 w \u017cycie nowe przepisy, kt\u00f3re wprowadzaj\u0105 obowi\u0105zek oznakowania miejsc po\u0142\u0105czenia \u015bcian oddzielenia przeciwpo\u017carowego w obiektach handlowych, produkcyjnych i magazynowych. Nowe przepisy dotycz\u0105ce oznakowania \u015bcian oddzielenia przeciwpo\u017carowego maj\u0105 na celu popraw\u0119 bezpiecze\u0144stwa w budynkach o du\u017cej powierzchni. <\/p>\n<p class=\"article_p\" data-section=\"detail-body\">Zobacz tak\u017ce: <a href=\"https:\/\/businessinsider.com.pl\/nieruchomosci\/rynek-nieruchomosci-pod-presja-polacy-obawiaja-sie-wzrostu-cen\/x6hfcgn\" id=\"f490e8ca-f7ae-424a-b758-24f94f2da92a\" rel=\"nofollow noopener\" target=\"_blank\">Pesymizm wraca na rynek mieszka\u0144. M\u0142odzi najbardziej boj\u0105 si\u0119 wzrostu cen<\/a><\/p>\n<p class=\"article_p\" data-section=\"detail-body\">Jak wyja\u015bnia Portal Samorz\u0105dowy, dzi\u0119ki oznakowaniu stra\u017cacy b\u0119d\u0105 mogli szybciej zidentyfikowa\u0107 kluczowe elementy konstrukcji podczas akcji ratunkowych. <\/p>\n<p class=\"article_p\" data-section=\"detail-body\">\u015aciany oddzielenia przeciwpo\u017carowego to \u015bciany oddzielaj\u0105ce dwie strefy po\u017carowe, zapobiegaj\u0105c w ten spos\u00f3b rozprzestrzenianiu si\u0119 po\u017caru w budynkach. Powinny by\u0107 one wykonane z materia\u0142\u00f3w niepalnych.<\/p>\n<p>            Czytaj tak\u017ce w BUSINESS INSIDER<\/p>\n<p>        Nowe oznaczenia w nieruchomo\u015bciach. Przepisy maj\u0105 poprawia\u0107 bezpiecze\u0144stwo<\/p>\n<p class=\"article_p\" data-section=\"detail-body\">&#8222;To proste rozwi\u0105zanie, kt\u00f3re skraca czas rozpoznania i zwi\u0119ksza bezpiecze\u0144stwo za\u0142\u00f3g ratowniczych oraz u\u017cytkownik\u00f3w budynk\u00f3w\u201d \u2013 oceni\u0142 rzecznik prasowy Komendy G\u0142\u00f3wnej Pa\u0144stwowej Stra\u017cy Po\u017carnej, st. bryg. Karol Kierzkowski, kt\u00f3rego s\u0142owa przytacza Portal Samorz\u0105dowy. <\/p>\n<p>                    <img decoding=\"async\" loading=\"lazy\" class=\"article-image_container--img\" id=\"image_cb66931b-6222-44d9-b6d2-1d7d4e2a54a3\" alt=\"Ka\u017cdy nowy budynek ma by\u0107 budowany z wymogiem oznakowania \u015bcian\" src=\"https:\/\/www.europesays.com\/pl\/wp-content\/uploads\/2025\/11\/s5Tk9kpTURBXy84YTg3MGEwZjJiMDZkZDA5Yjc1YzUwNmU1YmNiNGFkMi5qcGeRkwLNA5gA3gACoTABoTEB.jpeg\"\/><\/p>\n<p>            Ka\u017cdy nowy budynek ma by\u0107 budowany z wymogiem oznakowania \u015bcian<\/p>\n<p>                    |<br \/>\n                    fotolupa \/ Shutterstock<\/p>\n<p class=\"article_p\" data-section=\"detail-body\">Ekspert doda\u0142, \u017ce obowi\u0105zek dotyczy budynk\u00f3w, w kt\u00f3rych \u015bciana oddzielenia rozdziela strefy po\u017carowe o powierzchni co najmniej 2 tys. m. kw. ka\u017cda, a dodatkowo spe\u0142niony jest co najmniej jeden z warunk\u00f3w: zewn\u0119trzne \u015bciany lub dach nie s\u0105 wykonane z materia\u0142\u00f3w niepalnych, lub g\u0119sto\u015b\u0107 obci\u0105\u017cenia ogniowego przekracza 1000 MJ\/m. kw.<\/p>\n<p>        Nowe przepisy dla w\u0142a\u015bcicieli nieruchomo\u015bci ju\u017c od 1 stycznia 2026 r. Oto, co musisz wiedzie\u0107<\/p>\n<p class=\"article_p\" data-section=\"detail-body\">Oznakowanie musi jednoznacznie wskazywa\u0107 lini\u0119 po\u0142\u0105czenia \u015bciany oddzielenia przeciwpo\u017carowego z zewn\u0119trzn\u0105 cz\u0119\u015bci\u0105 budynku. Zgodnie z przepisami, oznakowanie to powinno by\u0107 uzgodnione z w\u0142a\u015bciwym komendantem powiatowym lub miejskim PSP. <\/p>\n<p class=\"article_p\" data-section=\"detail-body\">W przypadku budynk\u00f3w, kt\u00f3re uzyska\u0142y pozwolenie na u\u017cytkowanie przed 23 grudnia 2024 roku, nowe oznakowanie b\u0119dzie wymagane od 2026 roku. W pozosta\u0142ych przypadkach wym\u00f3g ten b\u0119dzie realizowany ju\u017c na etapie projektowania.<\/p>\n<p class=\"article_p\" data-section=\"detail-body\">Dalszy ci\u0105g tekstu pod materia\u0142em wideo <\/p>\n<p class=\"article_p\" data-section=\"detail-body\">To nie jedyna zmiana \u2013 od 2030 roku w lokalach mieszkalnych obowi\u0105zkowe b\u0119d\u0105 czujki dymu, a od 2039 roku czujki tlenku w\u0119gla. Nowe przepisy maj\u0105 na celu zwi\u0119kszenie bezpiecze\u0144stwa u\u017cytkownik\u00f3w budynk\u00f3w oraz u\u0142atwienie pracy s\u0142u\u017cbom ratowniczym.<\/p>\n<p>        Nowe przepisy tak\u017ce od 2030 r. Obowi\u0105zkowe czujki w mieszkaniach<\/p>\n<p class=\"article_p\" data-section=\"detail-body\">Nowe przepisy dotkn\u0105 tak\u017ce w\u0142a\u015bcicieli mniejszych nieruchomo\u015bci. Jak informuje Portal Samorz\u0105dowy, od 1 stycznia 2030 r. w lokalach mieszkalnych u\u017cytkowanych przed 23 grudnia 2024 r. obowi\u0105zkowe stan\u0105 si\u0119 autonomiczne czujki dymu. W przypadku pomieszcze\u0144 mieszkalnych \u015bwiadcz\u0105cych us\u0142ugi hotelarskie, obowi\u0105zek ten wejdzie w \u017cycie wcze\u015bniej \u2013 30 czerwca 2026 r.<\/p>\n<p class=\"article_p\" data-section=\"detail-body\">Podobne przepisy dotycz\u0105 czujek tlenku w\u0119gla. Od 2030 r. b\u0119d\u0105 one obowi\u0105zkowe w lokalach mieszkalnych, w kt\u00f3rych odbywa si\u0119 proces spalania paliwa. W przypadku pomieszcze\u0144 hotelarskich i u\u017cytkowych, wym\u00f3g ten zacznie obowi\u0105zywa\u0107 od 30 czerwca 2026 r.<\/p>\n<p class=\"article_p\" data-section=\"detail-body\">Zobacz tak\u017ce: <a href=\"https:\/\/businessinsider.com.pl\/nieruchomosci\/sprzedaz-mieszkania-bez-obnizania-ceny-ekspertki-zdradzaja-jak-to-zrobic\/1m2y92j\" id=\"76b9c6a9-d072-43d4-8064-189006fd9586\" rel=\"nofollow noopener\" target=\"_blank\">Nie tylko cena decyduje o sukcesie. Oto jak wyr\u00f3\u017cni\u0107 si\u0119 na rynku nieruchomo\u015bci<\/a><\/p>\n<p class=\"article_p\" data-section=\"detail-body\">Jak zauwa\u017ca Portal Samorz\u0105dowy, nowe budynki, kt\u00f3re nie by\u0142y u\u017cytkowane przed 23 grudnia 2024 r., b\u0119d\u0105 musia\u0142y by\u0107 wyposa\u017cone w czujki dymu i tlenku w\u0119gla ju\u017c na etapie rozpocz\u0119cia eksploatacji. To oznacza, \u017ce ka\u017cdy nowy obiekt b\u0119dzie musia\u0142 spe\u0142nia\u0107 te wymogi od samego pocz\u0105tku.<\/p>\n<p class=\"article_p\" data-section=\"detail-body\">Nowe przepisy to krok w stron\u0119 zwi\u0119kszenia bezpiecze\u0144stwa w budynkach mieszkalnych i u\u017cytkowych. Dzi\u0119ki nim mo\u017cliwe b\u0119dzie szybsze reagowanie na zagro\u017cenia i ochrona \u017cycia mieszka\u0144c\u00f3w oraz u\u017cytkownik\u00f3w.<\/p>\n","protected":false},"excerpt":{"rendered":"Od 1 stycznia 2026 roku wchodz\u0105 w \u017cycie nowe przepisy, kt\u00f3re wprowadzaj\u0105 obowi\u0105zek oznakowania miejsc po\u0142\u0105czenia \u015bcian oddzielenia&hellip;\n","protected":false},"author":2,"featured_media":116425,"comment_status":"","ping_status":"","sticky":false,"template":"","format":"standard","meta":{"footnotes":""},"categories":[12],"tags":[32,33,36,37,27,34,35,28,31,25,42,38,40,39,41,29,30,26],"class_list":{"0":"post-116424","1":"post","2":"type-post","3":"status-publish","4":"format-standard","5":"has-post-thumbnail","7":"category-polska","8":"tag-breaking-news","9":"tag-breakingnews","10":"tag-featured-news","11":"tag-featurednews","12":"tag-headlines","13":"tag-latest-news","14":"tag-latestnews","15":"tag-naglowki","16":"tag-najwazniejsze-artykuly","17":"tag-news","18":"tag-pl","19":"tag-poland","20":"tag-polish","21":"tag-polska","22":"tag-polski","23":"tag-top-stories","24":"tag-topstories","25":"tag-wiadomosci"},"share_on_mastodon":{"url":"https:\/\/pubeurope.com\/@pl\/115606007803869913","error":""},"_links":{"self":[{"href":"https:\/\/www.europesays.com\/pl\/wp-json\/wp\/v2\/posts\/116424","targetHints":{"allow":["GET"]}}],"collection":[{"href":"https:\/\/www.europesays.com\/pl\/wp-json\/wp\/v2\/posts"}],"about":[{"href":"https:\/\/www.europesays.com\/pl\/wp-json\/wp\/v2\/types\/post"}],"author":[{"embeddable":true,"href":"https:\/\/www.europesays.com\/pl\/wp-json\/wp\/v2\/users\/2"}],"replies":[{"embeddable":true,"href":"https:\/\/www.europesays.com\/pl\/wp-json\/wp\/v2\/comments?post=116424"}],"version-history":[{"count":0,"href":"https:\/\/www.europesays.com\/pl\/wp-json\/wp\/v2\/posts\/116424\/revisions"}],"wp:featuredmedia":[{"embeddable":true,"href":"https:\/\/www.europesays.com\/pl\/wp-json\/wp\/v2\/media\/116425"}],"wp:attachment":[{"href":"https:\/\/www.europesays.com\/pl\/wp-json\/wp\/v2\/media?parent=116424"}],"wp:term":[{"taxonomy":"category","embeddable":true,"href":"https:\/\/www.europesays.com\/pl\/wp-json\/wp\/v2\/categories?post=116424"},{"taxonomy":"post_tag","embeddable":true,"href":"https:\/\/www.europesays.com\/pl\/wp-json\/wp\/v2\/tags?post=116424"}],"curies":[{"name":"wp","href":"https:\/\/api.w.org\/{rel}","templated":true}]}}