{"id":116438,"date":"2025-11-24T18:14:08","date_gmt":"2025-11-24T18:14:08","guid":{"rendered":"https:\/\/www.europesays.com\/pl\/116438\/"},"modified":"2025-11-24T18:14:08","modified_gmt":"2025-11-24T18:14:08","slug":"wyszlo-specyficznie-w-tle-jego-uzaleznienie-od-alkoholu","status":"publish","type":"post","link":"https:\/\/www.europesays.com\/pl\/116438\/","title":{"rendered":"&#8222;WYSZ\u0141O SPECYFICZNIE&#8221;. W tle jego uzale\u017cnienie od alkoholu"},"content":{"rendered":"<p>Bagi jest w\u00a0szoku po\u00a0wygranej &#8222;TzG&#8221;. 24-latek odpowiada na\u00a0komentarze, \u017ce nie mia\u0142 wsparcia od\u00a0juror\u00f3w <\/p>\n<p>Na fali zwyci\u0119stwa w\u00a0&#8222;Ta\u0144cu z\u00a0Gwiazdami&#8221; Bagi pojawi\u0142 si\u0119 w\u00a0podka\u015bcie &#8222;Wojew\u00f3dzkiK\u0119dzierski&#8221;. W\u00a0sieci pojawi\u0142 si\u0119 ju\u017c zwiastun rozmowy, w\u00a0kt\u00f3rym influencer wraca pami\u0119ci\u0105 do jednego z\u00a0odcink\u00f3w tanecznego show i\u00a0s\u0142\u00f3w <a href=\"https:\/\/www.pudelek.pl\/szokujaca-reakcja-ewy-kasprzyk-na-wypowiedz-bagiego-o-terapii-poszlabym-na-drinka-bo-taniej-sie-placze-7202934225025632a?utm_source=combreak&amp;pvclid=01KAV7VNZ9P5PG41NSV25PYQHA\" rel=\"noopener noreferrer nofollow\" target=\"_blank\">Ewy Kasprzyk preferuj\u0105cej &#8222;p\u00f3j\u015bcie na drinka zamiast terapii&#8221;<\/a>, kt\u00f3re szybko w\u00f3wczas stara\u0142 si\u0119 na wizji prostowa\u0107 <a href=\"https:\/\/www.pudelek.pl\/tag\/krzysztof+ibisz\/\" rel=\"noopener noreferrer nofollow\" target=\"_blank\">Krzysztof Ibisz<\/a>. Okazj\u0105 do tego by\u0142y s\u0142owa Wojew\u00f3dzkiego o\u00a0tym, \u017ce Bagi &#8222;w wieku 21 lat by\u0142 uzale\u017cniony od twardych alkoholi&#8221;.<\/p>\n<p>W kt\u00f3rym\u015b odcinku, jak ja mia\u0142em ca\u0142y filmik przed ta\u0144cem o tym, \u017ce od dw\u00f3ch lat nie pij\u0119 alkoholu, to pani Ewa co\u015b powiedzia\u0142a na lajwie, \u017ce ona to zamiast na terapi\u0119, woli p\u00f3j\u015b\u0107 na drinka<\/p>\n<p>\u00a0wspomina Bagi.<\/p>\n<p>O ocen\u0119 tej sytuacji pokusi\u0142 si\u0119 Wojew\u00f3dzki, kt\u00f3ry stwierdzi\u0142, \u017ce \u017cart aktorki by\u0142 bardzo &#8222;nieroztropny&#8221;.<\/p>\n<p>To mia\u0142o by\u0107 \u015bmieszne, a wysz\u0142o bardzo nieroztropnie<\/p>\n<p>\u00a0oceni\u0142 Kuba.<\/p>\n<p>Bagi odpar\u0142 na to jedynie, \u017ce &#8222;wysz\u0142o specyficznie&#8221;. Panowie porozmawiali r\u00f3wnie\u017c o\u00a0interesach, wszak influencer znany jest ze swojej smyka\u0142ki do biznesu i\u00a0umiej\u0119tno\u015bci m\u0105drego inwestowania, kt\u00f3re przynios\u0142y mu miliony z\u0142otych i\u00a0to w\u00a0tak m\u0142odym wieku. Wojew\u00f3dzki zapyta\u0142 24-latka przekornie, ile najwi\u0119cej pieni\u0119dzy nie zarobi\u0142, a\u00a0straci\u0142 na jednym ze swoich biznes\u00f3w?<\/p>\n<p>Doceniacie jego szczero\u015b\u0107?<\/p>\n","protected":false},"excerpt":{"rendered":"Bagi jest w\u00a0szoku po\u00a0wygranej &#8222;TzG&#8221;. 24-latek odpowiada na\u00a0komentarze, \u017ce nie mia\u0142 wsparcia od\u00a0juror\u00f3w Na fali zwyci\u0119stwa w\u00a0&#8222;Ta\u0144cu z\u00a0Gwiazdami&#8221;&hellip;\n","protected":false},"author":2,"featured_media":116439,"comment_status":"","ping_status":"","sticky":false,"template":"","format":"standard","meta":{"footnotes":""},"categories":[5],"tags":[32,33,36,37,27,34,35,28,31,25,42,38,40,39,41,29,30,26],"class_list":{"0":"post-116438","1":"post","2":"type-post","3":"status-publish","4":"format-standard","5":"has-post-thumbnail","7":"category-naglowki","8":"tag-breaking-news","9":"tag-breakingnews","10":"tag-featured-news","11":"tag-featurednews","12":"tag-headlines","13":"tag-latest-news","14":"tag-latestnews","15":"tag-naglowki","16":"tag-najwazniejsze-artykuly","17":"tag-news","18":"tag-pl","19":"tag-poland","20":"tag-polish","21":"tag-polska","22":"tag-polski","23":"tag-top-stories","24":"tag-topstories","25":"tag-wiadomosci"},"share_on_mastodon":{"url":"https:\/\/pubeurope.com\/@pl\/115606038948563406","error":""},"_links":{"self":[{"href":"https:\/\/www.europesays.com\/pl\/wp-json\/wp\/v2\/posts\/116438","targetHints":{"allow":["GET"]}}],"collection":[{"href":"https:\/\/www.europesays.com\/pl\/wp-json\/wp\/v2\/posts"}],"about":[{"href":"https:\/\/www.europesays.com\/pl\/wp-json\/wp\/v2\/types\/post"}],"author":[{"embeddable":true,"href":"https:\/\/www.europesays.com\/pl\/wp-json\/wp\/v2\/users\/2"}],"replies":[{"embeddable":true,"href":"https:\/\/www.europesays.com\/pl\/wp-json\/wp\/v2\/comments?post=116438"}],"version-history":[{"count":0,"href":"https:\/\/www.europesays.com\/pl\/wp-json\/wp\/v2\/posts\/116438\/revisions"}],"wp:featuredmedia":[{"embeddable":true,"href":"https:\/\/www.europesays.com\/pl\/wp-json\/wp\/v2\/media\/116439"}],"wp:attachment":[{"href":"https:\/\/www.europesays.com\/pl\/wp-json\/wp\/v2\/media?parent=116438"}],"wp:term":[{"taxonomy":"category","embeddable":true,"href":"https:\/\/www.europesays.com\/pl\/wp-json\/wp\/v2\/categories?post=116438"},{"taxonomy":"post_tag","embeddable":true,"href":"https:\/\/www.europesays.com\/pl\/wp-json\/wp\/v2\/tags?post=116438"}],"curies":[{"name":"wp","href":"https:\/\/api.w.org\/{rel}","templated":true}]}}