{"id":116444,"date":"2025-11-24T18:18:18","date_gmt":"2025-11-24T18:18:18","guid":{"rendered":"https:\/\/www.europesays.com\/pl\/116444\/"},"modified":"2025-11-24T18:18:18","modified_gmt":"2025-11-24T18:18:18","slug":"mapa-gpw-spolki-ukrainskie-lubawa-zremb-digital-network-i-creotech-w-centrum-uwagi-puls-biznesu","status":"publish","type":"post","link":"https:\/\/www.europesays.com\/pl\/116444\/","title":{"rendered":"Mapa GPW: sp\u00f3\u0142ki ukrai\u0144skie, Lubawa, Zremb, Digital Network i Creotech w centrum uwagi &#8211; Puls Biznesu"},"content":{"rendered":"<p>Weekendowe doniesienia dotycz\u0105ce Ukrainy uruchomi\u0142y zlecenia &#8222;kupuj&#8221; akcje sp\u00f3\u0142ek dzia\u0142aj\u0105cych w tym kraju lub z nim kojarzonych i &#8222;sprzedaj&#8221; tych, kt\u00f3rym nie sprzyja perspektywa zawarcia pokoju.<\/p>\n<p>Pos\u0142uchaj<\/p>\n<p><img decoding=\"async\" class=\"a-image__img\" src=\"https:\/\/www.europesays.com\/pl\/wp-content\/uploads\/2025\/09\/speaker.png\" loading=\"lazy\" width=\"22\" height=\"22\" alt=\"Speaker icon\"\/><\/p>\n<p>Zosta\u0144 subskrybentem<\/p>\n<p>i s\u0142uchaj tego oraz wielu innych artyku\u0142\u00f3w w pb.pl<\/p>\n<p data-block-key=\"cucg0\">Inwestorzy maj\u0105 prawo mie\u0107 deja vu: o planie pokojowym lub zawieszeniu broni s\u0142yszeli ju\u017c nie raz i nie raz reagowali tak samo. Kupowali sp\u00f3\u0142ki takie jak Astarta, KSG Agro, Milkiland czy Coal Energy (cho\u0107 ta ostatnia ju\u017c od kilku lat nie prowadzi dzia\u0142alno\u015bci za wschodni\u0105 granic\u0105), a sprzedawali walory Lubawy (producenta m.in. kamizelek kuloodpornych) czy Zrembu (producenta kontener\u00f3w dla wojska).<\/p>\n<p data-block-key=\"7qh62\">Przypomnijmy: w weekend pojawi\u0142 si\u0119 <a href=\"https:\/\/www.pb.pl\/europejska-odpowiedz-na-plan-pokojowy-usa-dla-ukrainy-negocjacje-w-genewie-trwaja-1252495?utm_source=piano&amp;utm_medium=email&amp;utm_campaign=3985&amp;pnespid=AaYw5VAK7jwUjASN_ZrZEF8ToRxomKgksgNHGKIFOZrKxBdRE3eo9dRvwKoankw8S3OtHFo\" rel=\"nofollow noopener\" target=\"_blank\">plan dotycz\u0105cy zako\u0144czenia wojny w Ukrainie,<\/a> kt\u00f3ry wzbudzi\u0142 liczne kontrowersje.<\/p>\n<p id=\"stock-chart-AST-intraday\">\n    <a href=\"https:\/\/notowania.pb.pl\/instrument\/NL0000686509\/astarta\" target=\"_blank\" title=\"ASTARTA\" rel=\"nofollow noopener\"><br \/>\n        <img decoding=\"async\" style=\"display:block;margin-left:auto;margin-right:auto\" src=\"https:\/\/www.europesays.com\/pl\/wp-content\/uploads\/2025\/11\/intraday_AST.png\"\/><br \/>\n    <\/a>\n<\/p>\n<p id=\"stock-chart-LBW-intraday\">\n    <a href=\"https:\/\/notowania.pb.pl\/instrument\/PLLUBAW00013\/lubawa\" target=\"_blank\" title=\"LUBAWA\" rel=\"nofollow noopener\"><br \/>\n        <img decoding=\"async\" style=\"display:block;margin-left:auto;margin-right:auto\" src=\"https:\/\/www.europesays.com\/pl\/wp-content\/uploads\/2025\/11\/intraday_LBW.png\"\/><br \/>\n    <\/a>\n<\/p>\n<p data-block-key=\"9rnin\">Dro\u017cej\u0105 akcje Digital Network. Po wynikach za III kwarta\u0142 kilkoro mened\u017cer\u00f3w sp\u00f3\u0142ki zdecydowa\u0142o si\u0119 dokupi\u0107 akcji.<\/p>\n<p id=\"stock-chart-DIG-intraday\">\n    <a href=\"https:\/\/notowania.pb.pl\/instrument\/PL4FNMD00013\/digitanet\" target=\"_blank\" title=\"DIGITANET\" rel=\"nofollow noopener\"><br \/>\n        <img decoding=\"async\" style=\"display:block;margin-left:auto;margin-right:auto\" src=\"https:\/\/www.europesays.com\/pl\/wp-content\/uploads\/2025\/11\/intraday_DIG.png\"\/><br \/>\n    <\/a>\n<\/p>\n<p data-block-key=\"9rnin\">W g\u00f3r\u0119 idzie kurs Creotechu. Jak informuje PB, w tym tygodniu dowiemy si\u0119, ile rz\u0105d przeznaczy na programy kosmiczne na najbli\u017csze trzy lata. <a href=\"https:\/\/www.pb.pl\/polska-przed-kosmiczna-decyzja-branza-gotowa-do-udzialu-w-projektach-wartych-853-mln-eur-1252493\" rel=\"nofollow noopener\" target=\"_blank\">Od tego b\u0119dzie zale\u017ce\u0107 tempo rozwoju krajowych technologii satelitarnych i system\u00f3w obserwacyjnych.<\/a><\/p>\n<p id=\"stock-chart-CRI-intraday\">\n    <a href=\"https:\/\/notowania.pb.pl\/instrument\/PLCRTCH00017\/creotech\" target=\"_blank\" title=\"CREOTECH\" rel=\"nofollow noopener\"><br \/>\n        <img decoding=\"async\" style=\"display:block;margin-left:auto;margin-right:auto\" src=\"https:\/\/www.europesays.com\/pl\/wp-content\/uploads\/2025\/11\/intraday_CRI.png\"\/><br \/>\n    <\/a><\/p>\n","protected":false},"excerpt":{"rendered":"Weekendowe doniesienia dotycz\u0105ce Ukrainy uruchomi\u0142y zlecenia &#8222;kupuj&#8221; akcje sp\u00f3\u0142ek dzia\u0142aj\u0105cych w tym kraju lub z nim kojarzonych i&hellip;\n","protected":false},"author":2,"featured_media":116445,"comment_status":"","ping_status":"","sticky":false,"template":"","format":"standard","meta":{"footnotes":""},"categories":[16],"tags":[113,112,42,38,40,39,41],"class_list":{"0":"post-116444","1":"post","2":"type-post","3":"status-publish","4":"format-standard","5":"has-post-thumbnail","7":"category-biznes","8":"tag-biznes","9":"tag-business","10":"tag-pl","11":"tag-poland","12":"tag-polish","13":"tag-polska","14":"tag-polski"},"share_on_mastodon":{"url":"https:\/\/pubeurope.com\/@pl\/115606054826035921","error":""},"_links":{"self":[{"href":"https:\/\/www.europesays.com\/pl\/wp-json\/wp\/v2\/posts\/116444","targetHints":{"allow":["GET"]}}],"collection":[{"href":"https:\/\/www.europesays.com\/pl\/wp-json\/wp\/v2\/posts"}],"about":[{"href":"https:\/\/www.europesays.com\/pl\/wp-json\/wp\/v2\/types\/post"}],"author":[{"embeddable":true,"href":"https:\/\/www.europesays.com\/pl\/wp-json\/wp\/v2\/users\/2"}],"replies":[{"embeddable":true,"href":"https:\/\/www.europesays.com\/pl\/wp-json\/wp\/v2\/comments?post=116444"}],"version-history":[{"count":0,"href":"https:\/\/www.europesays.com\/pl\/wp-json\/wp\/v2\/posts\/116444\/revisions"}],"wp:featuredmedia":[{"embeddable":true,"href":"https:\/\/www.europesays.com\/pl\/wp-json\/wp\/v2\/media\/116445"}],"wp:attachment":[{"href":"https:\/\/www.europesays.com\/pl\/wp-json\/wp\/v2\/media?parent=116444"}],"wp:term":[{"taxonomy":"category","embeddable":true,"href":"https:\/\/www.europesays.com\/pl\/wp-json\/wp\/v2\/categories?post=116444"},{"taxonomy":"post_tag","embeddable":true,"href":"https:\/\/www.europesays.com\/pl\/wp-json\/wp\/v2\/tags?post=116444"}],"curies":[{"name":"wp","href":"https:\/\/api.w.org\/{rel}","templated":true}]}}