{"id":116460,"date":"2025-11-24T18:27:11","date_gmt":"2025-11-24T18:27:11","guid":{"rendered":"https:\/\/www.europesays.com\/pl\/116460\/"},"modified":"2025-11-24T18:27:11","modified_gmt":"2025-11-24T18:27:11","slug":"sad-odrzucil-wniosek-mordercy-pawla-adamowicza-pismo-wplynelo-po-terminie-onet","status":"publish","type":"post","link":"https:\/\/www.europesays.com\/pl\/116460\/","title":{"rendered":"S\u0105d odrzuci\u0142 wniosek mordercy Paw\u0142a Adamowicza. Pismo wp\u0142yn\u0119\u0142o po terminie &#8211; Onet"},"content":{"rendered":"<ol>\n<li><a href=\"https:\/\/news.google.com\/rss\/articles\/CBMi0gFBVV95cUxPeTJQdk5lMHVLX21Ka3FHRWxhcjRFa2xlRnNBUlJMZnpOTWx0clpvVXQzaF9EQ29acXFVSEd3MjJ6em9vZmdfSmdTV3hpaEJKMXNqTnpZUVF1Sm8zaHBJZk42d3RuM1E2VzZFMkYxczI2Y2pWRHhEQjFoNU9CWEVUaEt2R0ZHMklWTEljNDJla3ExLVltTzFTNlppeHFkR2E5VFA2Ti1BSTdrQ2dlM0tJSGltSTNNWGRlMVpITmstVEdwZFRhdnUzWEUwWHJ1emJXRUE?oc=5\" target=\"_blank\" rel=\"nofollow noopener\">S\u0105d odrzuci\u0142 wniosek mordercy Paw\u0142a Adamowicza. Pismo wp\u0142yn\u0119\u0142o po terminie<\/a>&nbsp;&nbsp;Onet<\/li>\n<li><a href=\"https:\/\/news.google.com\/rss\/articles\/CBMipwFBVV95cUxObjJFNDB0Wi1lMXJEaU40M3JDUXFaWkNyZHZnNUNyN3Ruak50X0ZNNWxjeVY3aXhmZ3B2UXdISDI1U0lLeVphdnhQVXFoaEhfTWVpTkxDLV9jT1IwOHZkQTNhWE5qcEdiTHRHQ3pEUDZudnptLXhoOTlsbEt3Ny1wZ0xudG5GR29EWHRwRUhkeTVtd2hLSHNIWml3RzRqeDJYUXdGakRHdw?oc=5\" target=\"_blank\" rel=\"nofollow noopener\">Do\u017cywocie podtrzymane. Zab\u00f3jca prezydenta Gda\u0144ska pozostaje za kratami<\/a>&nbsp;&nbsp;WP Wiadomo\u015bci<\/li>\n<li><a href=\"https:\/\/news.google.com\/rss\/articles\/CBMiwAFBVV95cUxQdVB2UDc0Tlltd1AybnMzZE53aXNVaDl1a3Q3QWkyNERMNWl1aWRMbnN3X1B2ZlRlLVpDMmw1MDFQVGptOS04dmp3cUJKTnNMTGlsemp6YnVHWjRTT3VTdFc4SzRHTXUyNGo4NXZodTJ5dnRFMEE2dnl4ZlN1LTJFN05IYjhXRC1lZTAyOUtiNlBaTEcwN2o0eU1TTTJ4TUNoYl94aUMyMERSTThzQTMwTGhlZlJrVEJ6aFpyLXpzR08?oc=5\" target=\"_blank\" rel=\"nofollow noopener\">Zab\u00f3jca Paw\u0142a Adamowicza straci\u0142 mo\u017cliwo\u015b\u0107 wniesienia kasacji<\/a>&nbsp;&nbsp;trojmiasto.wyborcza.pl<\/li>\n<li><a href=\"https:\/\/news.google.com\/rss\/articles\/CBMixAFBVV95cUxOQTlZUHpYZ0pmdEM0VFJIclZJV3c1TzFvZ1JZZUxNd3g4ekU5dkt1UXhlVTZOeDRQWVJtU1lFS0U3ZjV3WHB5MENOd1VkZmtKaGswS1loTFRjdHBoNDB0SlVnZlJRSE9EZloxY2U5cEE2NUNRREY3T1RsREVPNWl3Y0xfRzFPZWJaZGEtbng5Q1VzVUpDWm1aeFNQUkRlLVlycWJPamVJaTBIMy00Zmk0YnM1UDl4TEJnWkt2Yk1pLUI4NElo?oc=5\" target=\"_blank\" rel=\"nofollow noopener\">Nie b\u0119dzie kasacji wyroku w sprawie zab\u00f3jstwa Paw\u0142a Adamowicza<\/a>&nbsp;&nbsp;Radio Gda\u0144sk<\/li>\n<li><a href=\"https:\/\/news.google.com\/rss\/articles\/CBMimgFBVV95cUxNeVc0bmd5aTZaVzAyMVVNMjFheklIZ0ZQbWczbHNZa2k0OWEtcXlWZlY2anY4azZxUWZSdW9ZQ3VTQjRCOUZGZVFHN1FGakptbG9NdTlSSV9yOFo4NGlIVXJxdlBrS0FkUTVXdHdXd0JhX2lkYXlGOE5lLXQ4c0Rqb0MxelRSMlZmUVFibHd5SVhoY0c5czRSMUhn?oc=5\" target=\"_blank\" rel=\"nofollow noopener\">Sprawa zab\u00f3jstwa Paw\u0142a Adamowicza. Nie b\u0119dzie kasacji<\/a>&nbsp;&nbsp;Polskie Radio 24<\/li>\n<\/ol>\n","protected":false},"excerpt":{"rendered":"S\u0105d odrzuci\u0142 wniosek mordercy Paw\u0142a Adamowicza. Pismo wp\u0142yn\u0119\u0142o po terminie&nbsp;&nbsp;Onet Do\u017cywocie podtrzymane. Zab\u00f3jca prezydenta Gda\u0144ska pozostaje za kratami&nbsp;&nbsp;WP&hellip;\n","protected":false},"author":2,"featured_media":116461,"comment_status":"","ping_status":"","sticky":false,"template":"","format":"standard","meta":{"footnotes":""},"categories":[12],"tags":[6508,32,33,36,37,27,67,34,35,28,31,53,25,52,68,51,25279,55,42,38,40,39,41,11238,47,25280,29,30,65,50,26,3459],"class_list":{"0":"post-116460","1":"post","2":"type-post","3":"status-publish","4":"format-standard","5":"has-post-thumbnail","7":"category-polska","8":"tag-adwokat","9":"tag-breaking-news","10":"tag-breakingnews","11":"tag-featured-news","12":"tag-featurednews","13":"tag-headlines","14":"tag-intextvideo_splayer","15":"tag-latest-news","16":"tag-latestnews","17":"tag-naglowki","18":"tag-najwazniejsze-artykuly","19":"tag-new_header","20":"tag-news","21":"tag-onet3","22":"tag-onet3d","23":"tag-onet3d_2i","24":"tag-pawel_adamowicz_prezydent_gdanska","25":"tag-phx","26":"tag-pl","27":"tag-poland","28":"tag-polish","29":"tag-polska","30":"tag-polski","31":"tag-sad_i_sadownictwo","32":"tag-screening_general","33":"tag-stefan_wilmont_zabojca","34":"tag-top-stories","35":"tag-topstories","36":"tag-update_me","37":"tag-v2021","38":"tag-wiadomosci","39":"tag-zabojstwo_morderstwo_morderstwa_zabojstwa"},"share_on_mastodon":{"url":"","error":"Validation failed: Text character limit of 500 exceeded"},"_links":{"self":[{"href":"https:\/\/www.europesays.com\/pl\/wp-json\/wp\/v2\/posts\/116460","targetHints":{"allow":["GET"]}}],"collection":[{"href":"https:\/\/www.europesays.com\/pl\/wp-json\/wp\/v2\/posts"}],"about":[{"href":"https:\/\/www.europesays.com\/pl\/wp-json\/wp\/v2\/types\/post"}],"author":[{"embeddable":true,"href":"https:\/\/www.europesays.com\/pl\/wp-json\/wp\/v2\/users\/2"}],"replies":[{"embeddable":true,"href":"https:\/\/www.europesays.com\/pl\/wp-json\/wp\/v2\/comments?post=116460"}],"version-history":[{"count":0,"href":"https:\/\/www.europesays.com\/pl\/wp-json\/wp\/v2\/posts\/116460\/revisions"}],"wp:featuredmedia":[{"embeddable":true,"href":"https:\/\/www.europesays.com\/pl\/wp-json\/wp\/v2\/media\/116461"}],"wp:attachment":[{"href":"https:\/\/www.europesays.com\/pl\/wp-json\/wp\/v2\/media?parent=116460"}],"wp:term":[{"taxonomy":"category","embeddable":true,"href":"https:\/\/www.europesays.com\/pl\/wp-json\/wp\/v2\/categories?post=116460"},{"taxonomy":"post_tag","embeddable":true,"href":"https:\/\/www.europesays.com\/pl\/wp-json\/wp\/v2\/tags?post=116460"}],"curies":[{"name":"wp","href":"https:\/\/api.w.org\/{rel}","templated":true}]}}