{"id":116472,"date":"2025-11-24T18:35:12","date_gmt":"2025-11-24T18:35:12","guid":{"rendered":"https:\/\/www.europesays.com\/pl\/116472\/"},"modified":"2025-11-24T18:35:12","modified_gmt":"2025-11-24T18:35:12","slug":"piotr-baltroczyk-w-ogniu-krytyki-widzow-tak-zareagowal-na-bardzo-mocne-recenzje-2","status":"publish","type":"post","link":"https:\/\/www.europesays.com\/pl\/116472\/","title":{"rendered":"Piotr Ba\u0142troczyk w ogniu krytyki widz\u00f3w. Tak zareagowa\u0142 na bardzo mocne recenzje"},"content":{"rendered":"<p class=\"ods-c-paragraph \"><a href=\"https:\/\/plejada.pl\/piotr-baltroczyk-konferansjer-komik-dziennikarz\" id=\"32941313-3423-419a-b980-a4111a465daf\" rel=\"nofollow noopener\" target=\"_blank\">Piotr Ba\u0142troczyk<\/a> przez lata by\u0142 jednym z najpopularniejszych prezenter\u00f3w na scenie kabaretowej. Artysta niejednokrotnie pojawia\u0142 si\u0119 na ekranie ze swoimi monologami. Na co dzie\u0144 gwiazdor regularnie prezentuje sw\u00f3j autorski program pe\u0142en humoru i refleksji nad codzienno\u015bci\u0105. Jak si\u0119 jednak okazuje, nie wszyscy widzowie s\u0105 gotowi na jego styl stand-upu, w kt\u00f3rym zazwyczaj nie ma miejsca na p\u00f3\u0142\u015brodki i niedopowiedzenia.<\/p>\n<p class=\"ods-c-paragraph \">W udost\u0119pnionych przez komika recenzjach oberwa\u0142o mu si\u0119 wyj\u0105tkowo ostro. Jedna z nich bi\u0142a w niego bez lito\u015bci:<\/p>\n<blockquote class=\"ods-o-quota\">\n<p class=\"ods-o-quota__paragraph\">\u017benuj\u0105ca pr\u00f3ba roz\u015bmieszenia publiczno\u015bci za pomoc\u0105 niskiej jako\u015bci \u017cart\u00f3w w tematyce masturbacji i ilo\u015bci wypitego alkoholu. I zamiast wyj\u015b\u0107 z dobrym humorem, jaki niegdy\u015b roz\u015bwietla\u0142 Ba\u0142troczyka \u2013 pozosta\u0142 \u017cal \u2013 nad staruszkiem, kt\u00f3ry na si\u0142\u0119 pr\u00f3buje by\u0107 \u015bmieszny, a ju\u017c mu to nie wychodzi. Trzeba wiedzie\u0107, kiedy ze sceny zej\u015b\u0107. Nie polecam. Stracony czas<\/p>\n<\/blockquote>\n<p>Dalszy ci\u0105g artyku\u0142u pod materia\u0142em wideo<\/p>\n<p> Jak zareagowa\u0142 Piotr Ba\u0142troczyk na krytyk\u0119? <\/p>\n<p> Co zarzucano wyst\u0119powi Piotra Ba\u0142troczyka? <\/p>\n<p> Jakie tre\u015bci wywo\u0142a\u0142y oburzenie widz\u00f3w? <\/p>\n<p> Czy Piotr Ba\u0142troczyk przeprosi\u0142 widz\u00f3w za krytyk\u0119? <\/p>\n<p>  Piotr Ba\u0142troczyk ostro krytykowany. Pokaza\u0142 bardzo mocne wpisy i tak zareagowa\u0142<\/p>\n<p class=\"ods-c-paragraph \">Jeszcze mocniejszy by\u0142 kolejny wpis, kt\u00f3ry Piotr Ba\u0142troczyk tak\u017ce opublikowa\u0142 na swoim profilu na Facebooku. Widz domaga\u0142 si\u0119 w nim zwrotu pieni\u0119dzy za bilet. <\/p>\n<blockquote class=\"ods-o-quota\">\n<p class=\"ods-o-quota__paragraph\">C\u00f3\u017c, przesi\u0105kni\u0119ty politycznie wyst\u0119p, upokarzaj\u0105cy osoby, kt\u00f3re nie mog\u0105 si\u0119 obroni\u0107. (&#8230;) Sugerowanie, \u017ce ksi\u0119\u017ca to pedofile. Upokarzanie dzieci, \u017ce to wrzody i zwyk\u0142e \u015bmieci. Oczekuje zwrotu pieni\u0119dzy za to, czego by\u0142em \u015bwiadkiem. Obra\u017cono moje uczucia patriotyczne, religijne i ojcowskie. <\/p>\n<\/blockquote>\n<p class=\"ods-c-paragraph \">&#8222;Takie wyst\u0119py powinny by\u0107 oznaczone, \u017ce wyst\u0119puj\u0105 takie tre\u015bci. Ja nie b\u0119d\u0119 p\u0142aci\u0142 za wyst\u0119p, w kt\u00f3rym poni\u017cane s\u0105 moje warto\u015bci. Oczekuj\u0119 zwrotu pieni\u0119dzy za to, czego by\u0142em \u015bwiadkiem. Nikt mnie nie ostrzeg\u0142&#8221; \u2013 grzmia\u0142 jeden z rozczarowanych widz\u00f3w.<\/p>\n<p class=\"ods-c-paragraph \">Co na to Piotr Ba\u0142troczyk? Zamiast przeprasza\u0107 czy dyskutowa\u0107 \u2013 obr\u00f3ci\u0142 to w \u017cart, gdy\u017c na co dzie\u0144 nie narzeka na frekwencj\u0119 podczas swoich wyst\u0119p\u00f3w. Publikuj\u0105c screeny pe\u0142ne gorzkich komentarzy, ironicznie napisa\u0142 na Facebooku co\u015b zupe\u0142nie niezwi\u0105zanego z tematem oskar\u017ce\u0144:<\/p>\n<blockquote class=\"ods-o-quota\">\n<p class=\"ods-o-quota__paragraph\">Im starszym ch\u0142opcem, tym bardziej zmys\u0142owym. Fajnie mi by\u0142o w Jelonce (uwielbiam) spotka\u0142em Jacka Ziobro i Krzysia Langera, starych huncwot\u00f3w i ga\u0142gan\u00f3w, przyjaci\u00f3\u0142 z dzieci\u0144stwa, m\u00f3j ulubiony Mercure, gdzie Andzia najmie si\u0119 do recepcji nied\u0142ugo, kameralny, empatyczny Strzegom. Bystrzyca K\u0142odzka, gdzie Valkiri\u0105 kilka lat temu przewala\u0142em si\u0119 po ulicach Star\u00f3wki. Aj waj!!! Zdj\u0119cia dla uwagi<\/p>\n<\/blockquote>\n<p><img decoding=\"async\" src=\"https:\/\/www.europesays.com\/pl\/wp-content\/uploads\/2025\/11\/rOrk9lBaHR0cHM6Ly9vY2RuLmV1L3B1bHNjbXMvTURBXy85NDdjZjUyZDYyM2YxN2Y0ZjYwNzc1NjJiMzE0YzY3OC5qcGeRlQLNB.jpeg\" height=\"709\" width=\"940\" alt=\"Piotr Ba\u0142troczyk\" loading=\"lazy\" class=\"ods-c-image__img ods-c-image__img--viewport-width\"\/><\/p>\n<p>Piotr Ba\u0142troczykMarek Ulatowski \/ MW Media<\/p>\n<p class=\"ods-c-paragraph \">Dzi\u0119kujemy, \u017ce przeczyta\u0142a\u015b\/e\u015b nasz artyku\u0142 do ko\u0144ca. W serwisie Plejada.pl ka\u017cdego dnia piszemy o najwa\u017cniejszych wydarzeniach show-biznesowych. B\u0105d\u017a na bie\u017c\u0105co! <a rel=\"nofollow noopener\" href=\"https:\/\/profile.google.com\/cp\/Cg0vZy8xMWJ6X19wdHBx\" id=\"3e203bb7-8256-4bfd-a06c-4790def70309\" target=\"_blank\">Obserwuj<\/a> Plejad\u0119 w Google. Odwied\u017a nas tak\u017ce na <a rel=\"nofollow noopener\" href=\"https:\/\/www.facebook.com\/plejadapl\" id=\"9e1a0cbd-8fe9-4440-86e1-2e3cb123e309\" target=\"_blank\">Facebooku<\/a>, <a rel=\"nofollow noopener\" href=\"https:\/\/www.instagram.com\/plejadapl\/\" id=\"95d966b7-5c8a-4f33-b0ae-440fb4efdded\" target=\"_blank\">Instagramie<\/a>, <a rel=\"nofollow noopener\" href=\"https:\/\/www.youtube.com\/c\/plejada\" id=\"71135332-895f-453b-bf53-247cab22a38a\" target=\"_blank\">YouTubie<\/a> oraz <a rel=\"nofollow noopener\" href=\"https:\/\/www.tiktok.com\/@plejada_pl\" id=\"f59feb2a-1cf7-41b7-81b6-6953356923fd\" target=\"_blank\">TikToku<\/a>.<\/p>\n<p class=\"ods-c-paragraph \">Chcesz podzieli\u0107 si\u0119 ciekawym newsem lub zaproponowa\u0107 temat? Skontaktuj si\u0119 z nami, pisz\u0105c maila na adres: <a rel=\"nofollow noopener\" href=\"https:\/\/plejada.pl\/newsy\/piotr-baltroczyk-w-ogniu-krytyki-widzow-tak-zareagowal-na-bardzo-mocne-recenzje\/mailto:plejada@redakcjaonet.pl\" id=\"58028c9b-85c8-4937-8d42-16be7bc15a15\" target=\"_blank\">plejada@redakcjaon<\/a><a href=\"https:\/\/et.pl\" id=\"9b56ccf2-3460-4993-8ed2-b99a42156beb\" rel=\"nofollow noopener\" target=\"_blank\">et.pl<\/a>.<\/p>\n<p><script async src=\"\/\/www.instagram.com\/embed.js\"><\/script><script async src=\"\/\/www.tiktok.com\/embed.js\"><\/script><\/p>\n","protected":false},"excerpt":{"rendered":"Piotr Ba\u0142troczyk przez lata by\u0142 jednym z najpopularniejszych prezenter\u00f3w na scenie kabaretowej. Artysta niejednokrotnie pojawia\u0142 si\u0119 na ekranie&hellip;\n","protected":false},"author":2,"featured_media":116473,"comment_status":"","ping_status":"","sticky":false,"template":"","format":"standard","meta":{"footnotes":""},"categories":[5],"tags":[32,33,36,37,27,34,35,28,31,48,25,125,46,2342,42,38,40,39,41,47,29,30,26],"class_list":{"0":"post-116472","1":"post","2":"type-post","3":"status-publish","4":"format-standard","5":"has-post-thumbnail","7":"category-naglowki","8":"tag-breaking-news","9":"tag-breakingnews","10":"tag-featured-news","11":"tag-featurednews","12":"tag-headlines","13":"tag-latest-news","14":"tag-latestnews","15":"tag-naglowki","16":"tag-najwazniejsze-artykuly","17":"tag-nat_styl","18":"tag-news","19":"tag-newsy","20":"tag-omp","21":"tag-piotr_baltroczyk","22":"tag-pl","23":"tag-poland","24":"tag-polish","25":"tag-polska","26":"tag-polski","27":"tag-screening_general","28":"tag-top-stories","29":"tag-topstories","30":"tag-wiadomosci"},"share_on_mastodon":{"url":"https:\/\/pubeurope.com\/@pl\/115606121963231535","error":""},"_links":{"self":[{"href":"https:\/\/www.europesays.com\/pl\/wp-json\/wp\/v2\/posts\/116472","targetHints":{"allow":["GET"]}}],"collection":[{"href":"https:\/\/www.europesays.com\/pl\/wp-json\/wp\/v2\/posts"}],"about":[{"href":"https:\/\/www.europesays.com\/pl\/wp-json\/wp\/v2\/types\/post"}],"author":[{"embeddable":true,"href":"https:\/\/www.europesays.com\/pl\/wp-json\/wp\/v2\/users\/2"}],"replies":[{"embeddable":true,"href":"https:\/\/www.europesays.com\/pl\/wp-json\/wp\/v2\/comments?post=116472"}],"version-history":[{"count":0,"href":"https:\/\/www.europesays.com\/pl\/wp-json\/wp\/v2\/posts\/116472\/revisions"}],"wp:featuredmedia":[{"embeddable":true,"href":"https:\/\/www.europesays.com\/pl\/wp-json\/wp\/v2\/media\/116473"}],"wp:attachment":[{"href":"https:\/\/www.europesays.com\/pl\/wp-json\/wp\/v2\/media?parent=116472"}],"wp:term":[{"taxonomy":"category","embeddable":true,"href":"https:\/\/www.europesays.com\/pl\/wp-json\/wp\/v2\/categories?post=116472"},{"taxonomy":"post_tag","embeddable":true,"href":"https:\/\/www.europesays.com\/pl\/wp-json\/wp\/v2\/tags?post=116472"}],"curies":[{"name":"wp","href":"https:\/\/api.w.org\/{rel}","templated":true}]}}