{"id":116481,"date":"2025-11-24T18:41:09","date_gmt":"2025-11-24T18:41:09","guid":{"rendered":"https:\/\/www.europesays.com\/pl\/116481\/"},"modified":"2025-11-24T18:41:09","modified_gmt":"2025-11-24T18:41:09","slug":"przeciwienstwo-pavla-w-pradze-czeskie-media-o-wizycie-karola-nawrockiego","status":"publish","type":"post","link":"https:\/\/www.europesays.com\/pl\/116481\/","title":{"rendered":"&#8222;Przeciwie\u0144stwo Pavla&#8221; w Pradze. Czeskie media o wizycie Karola Nawrockiego"},"content":{"rendered":"<p class=\"ods-c-paragraph \">Na portalu czeskiego radia pojawi\u0142 si\u0119 obszerny artyku\u0142 wskazuj\u0105cy na podobie\u0144stwa pomi\u0119dzy Karolem Nawrockim a Petrem Pavlem. Nawrocki zosta\u0142 nazwany &#8222;prezydentem opozycji&#8221;, co nied\u0142ugo czeka tak\u017ce prezydenta Czech. Autor zauwa\u017cy\u0142, \u017ce Nawrocki jest przedstawicielem tej cz\u0119\u015bci sceny politycznej, kt\u00f3ra &#8222;nie opowiada si\u0119 za wi\u0119ksz\u0105 przyja\u017ani\u0105 z Ukrai\u0144cami i Ukrain\u0105&#8221;, wskazuj\u0105c tu na kwesti\u0119 rzezi wo\u0142y\u0144skiej.<\/p>\n<p>Dalszy ci\u0105g artyku\u0142u pod materia\u0142em wideo<\/p>\n<p> Gdzie spotka\u0142 si\u0119 Karol Nawrocki w Pradze? <\/p>\n<p> Jakie tematy omawiano podczas wizyty Nawrockiego? <\/p>\n<p> Kto towarzyszy\u0142 Nawrockiemu podczas wizyty w Czechach? <\/p>\n<p> Jakie s\u0105 r\u00f3\u017cnice w pogl\u0105dach Nawrockiego i Pavla na temat Unii Europejskiej? <\/p>\n<p>  &#8222;Przeciwie\u0144stwo Pavla&#8221;<\/p>\n<p class=\"ods-c-paragraph \">&#8222;W tym sensie, gdyby Nawrocki by\u0142 zainteresowany, Pavel m\u00f3g\u0142by poinformowa\u0107 swojego polskiego go\u015bcia o leczniczym wp\u0142ywie pewnego zdania zawartego w deklaracji czesko-niemieckiej z po\u0142owy lat 90. M\u00f3wi ona, \u017ce Niemcy i Czesi nie b\u0119d\u0105 obci\u0105\u017ca\u0107 swoich przysz\u0142ych relacji sprawami z przesz\u0142o\u015bci. Bo w\u0142a\u015bnie tego potrzebuj\u0105 stosunki polsko-ukrai\u0144skie, zw\u0142aszcza w dzisiejszych napi\u0119tych czasach&#8221; \u2014 czytamy.<\/p>\n<p class=\"ods-c-paragraph \">&#8222;Seznam Zpravy&#8221; pisze za\u015b o Nawrockim jako o przeciwie\u0144stwie Pavla, wskazuj\u0105c na pogl\u0105dy dotycz\u0105ce Ukrainy i Unii Europejskiej. Autor podkre\u015bli\u0142 jednak, \u017ce Pavel i Nawrocki znajd\u0105 wsp\u00f3lny j\u0119zyk w negocjacjach \u2014 zw\u0142aszcza w zakresie handlu i po\u0142\u0105cze\u0144 transportowych.<\/p>\n<p class=\"ods-c-paragraph \">&#8222;Podczas gdy prezydent Czech obj\u0105\u0142 urz\u0105d z has\u0142ami w\u0142adzy opartymi na spokojnej i przewidywalnej, prozachodniej racjonalno\u015bci, prezydent Polski wyg\u0142osi\u0142 bardziej ostre i emocjonalne przem\u00f3wienie. Jego polityka opiera si\u0119 na motywach zagro\u017cenia suwerenno\u015bci, to\u017csamo\u015bci narodowej i konflikt\u00f3w kulturowych&#8221; \u2014 czytamy w &#8222;Seznamie&#8221;.<\/p>\n<p class=\"ods-c-paragraph \">Kolejnym w\u0105tkiem poruszonym przez portal jest nastawienie obu prezydent\u00f3w do Unii Europejskiej. &#8222;Dla Pavla Unia jest \u00bbkotwic\u0105\u00ab i m\u00f3wi o niej jako o naturalnej ramie bezpiecze\u0144stwa i dobrobytu. Dla Nawrockiego jest to raczej przestrze\u0144, w kt\u00f3rej nale\u017cy strzec polskiej suwerenno\u015bci i gdzie czyhaj\u0105 pu\u0142apki na polsk\u0105 konserwatywn\u0105 to\u017csamo\u015b\u0107&#8221; \u2014 podsumowa\u0142 autor.<\/p>\n<p>   <img decoding=\"async\" src=\"https:\/\/www.europesays.com\/pl\/wp-content\/uploads\/2025\/11\/TxEk9lGaHR0cHM6Ly9vY2RuLmV1L3B1bHNjbXMvTURBXy82ZTdlNmViZC0yYTg2LTQzMjItYWI0YS1hYTQyMmM3MDU0MmQuanBlZ.jpeg\" height=\"627\" width=\"940\" alt=\"Karol Nawrocki i Petr Pavel\" loading=\"lazy\" class=\"ods-c-image__img ods-c-image__img--viewport-width\"\/><\/p>\n<p>Karol Nawrocki i Petr PavelPAP\/EPA\/MARTIN DIVISEK<\/p>\n<p> &#8222;Jedno\u015b\u0107 pogl\u0105d\u00f3w&#8221; w sprawie Ukrainy<\/p>\n<p class=\"ods-c-paragraph \">Czo\u0142owy czeski portal informacyjny iDnes przytacza s\u0142owa czeskiego prezydenta, kt\u00f3re wyg\u0142osi\u0142 po spotkaniu z Nawrockim. \u2014 Rozmowy w Genewie z delegacjami USA, Ukrainy i z udzia\u0142em Europy przynosz\u0105 znacznie bardziej pozytywn\u0105 atmosfer\u0119, wida\u0107 jedno\u015b\u0107 pogl\u0105d\u00f3w \u2014 powiedzia\u0142 Pavel.<\/p>\n<p class=\"ods-c-paragraph \">Prezydent Czech podkre\u015bli\u0142, \u017ce &#8222;osi\u0105gni\u0119cie pokoju bez udzia\u0142u przynajmniej najwi\u0119kszych pa\u0144stw europejskich b\u0119dzie bardzo trudne&#8221;. Zaznaczy\u0142, \u017ce to Ukraina jest ofiar\u0105 wojny i nie mo\u017ce by\u0107 r\u00f3wnie\u017c ofiar\u0105 planu pokojowego. &#8222;Plan musi respektowa\u0107 normy i zasady mi\u0119dzynarodowe i nie powinien prowadzi\u0107 do zaprzeczenia podstawowym zasadom architektury bezpiecze\u0144stwa&#8221; \u2014 pisze iDnes.<\/p>\n<p class=\"ods-c-paragraph \">Prezydent Karol Nawrocki spotka\u0142 si\u0119 te\u017c z prawdopodobnym przysz\u0142ym premierem Andrejem Babiszem w hotelu \u2014 informuje &#8222;Blesk&#8221;. Wed\u0142ug portalu spotkanie przebieg\u0142o w &#8222;mi\u0142ej atmosferze&#8221; i nie poruszono na nim &#8222;trudnych temat\u00f3w&#8221;. Dziennik podkre\u015bli\u0142, \u017ce Babisz b\u0119dzie chcia\u0142 wzmocni\u0107 wsp\u00f3\u0142prac\u0119 w ramach Czw\u00f3rki Wyszechradzkiej, co mo\u017ce zainteresowa\u0107 Nawrockiego.<\/p>\n<p class=\"ods-c-paragraph \">&#8222;Rozumiem swoj\u0105 rol\u0119 jako prezydenta Polski nie jako kogo\u015b, kto kwestionuje nasz\u0105 obecno\u015b\u0107 w Unii Europejskiej, ale jako lidera, kt\u00f3ry, opieraj\u0105c si\u0119 na krajach regionu, naszej wra\u017cliwo\u015bci i emocjach, b\u0119dzie budowa\u0142 silniejsz\u0105 Europ\u0119 \u015arodkow\u0105 w ramach UE&#8221; \u2014 m\u00f3wi\u0142 Nawrocki podczas <a href=\"https:\/\/www.onet.pl\/informacje\/onetwiadomosci\/karol-nawrocki-krytycznie-o-ue-to-nie-jest-unia-naszych-marzen\/rz54xxg,79cfc278\" id=\"114587d3-3b32-44c4-a74b-4d4b1fc2ea11\" rel=\"nofollow noopener\" target=\"_blank\">wyst\u0105pienia na Uniwersytecie Karola.<\/a><\/p>\n","protected":false},"excerpt":{"rendered":"Na portalu czeskiego radia pojawi\u0142 si\u0119 obszerny artyku\u0142 wskazuj\u0105cy na podobie\u0144stwa pomi\u0119dzy Karolem Nawrockim a Petrem Pavlem. Nawrocki&hellip;\n","protected":false},"author":2,"featured_media":116482,"comment_status":"","ping_status":"","sticky":false,"template":"","format":"standard","meta":{"footnotes":""},"categories":[12],"tags":[32,33,779,36,37,27,43,34,35,28,31,48,25,46,3100,42,38,40,39,41,47,80,29,30,26],"class_list":{"0":"post-116481","1":"post","2":"type-post","3":"status-publish","4":"format-standard","5":"has-post-thumbnail","7":"category-polska","8":"tag-breaking-news","9":"tag-breakingnews","10":"tag-czechy","11":"tag-featured-news","12":"tag-featurednews","13":"tag-headlines","14":"tag-karol_nawrocki","15":"tag-latest-news","16":"tag-latestnews","17":"tag-naglowki","18":"tag-najwazniejsze-artykuly","19":"tag-nat_styl","20":"tag-news","21":"tag-omp","22":"tag-petr_pavel","23":"tag-pl","24":"tag-poland","25":"tag-polish","26":"tag-polska","27":"tag-polski","28":"tag-screening_general","29":"tag-swiat","30":"tag-top-stories","31":"tag-topstories","32":"tag-wiadomosci"},"share_on_mastodon":{"url":"https:\/\/pubeurope.com\/@pl\/115606145505281390","error":""},"_links":{"self":[{"href":"https:\/\/www.europesays.com\/pl\/wp-json\/wp\/v2\/posts\/116481","targetHints":{"allow":["GET"]}}],"collection":[{"href":"https:\/\/www.europesays.com\/pl\/wp-json\/wp\/v2\/posts"}],"about":[{"href":"https:\/\/www.europesays.com\/pl\/wp-json\/wp\/v2\/types\/post"}],"author":[{"embeddable":true,"href":"https:\/\/www.europesays.com\/pl\/wp-json\/wp\/v2\/users\/2"}],"replies":[{"embeddable":true,"href":"https:\/\/www.europesays.com\/pl\/wp-json\/wp\/v2\/comments?post=116481"}],"version-history":[{"count":0,"href":"https:\/\/www.europesays.com\/pl\/wp-json\/wp\/v2\/posts\/116481\/revisions"}],"wp:featuredmedia":[{"embeddable":true,"href":"https:\/\/www.europesays.com\/pl\/wp-json\/wp\/v2\/media\/116482"}],"wp:attachment":[{"href":"https:\/\/www.europesays.com\/pl\/wp-json\/wp\/v2\/media?parent=116481"}],"wp:term":[{"taxonomy":"category","embeddable":true,"href":"https:\/\/www.europesays.com\/pl\/wp-json\/wp\/v2\/categories?post=116481"},{"taxonomy":"post_tag","embeddable":true,"href":"https:\/\/www.europesays.com\/pl\/wp-json\/wp\/v2\/tags?post=116481"}],"curies":[{"name":"wp","href":"https:\/\/api.w.org\/{rel}","templated":true}]}}