{"id":116485,"date":"2025-11-24T18:43:09","date_gmt":"2025-11-24T18:43:09","guid":{"rendered":"https:\/\/www.europesays.com\/pl\/116485\/"},"modified":"2025-11-24T18:43:09","modified_gmt":"2025-11-24T18:43:09","slug":"piatek-stoczyl-pojedynek-z-benzema-alez-gol-polaka-wideo","status":"publish","type":"post","link":"https:\/\/www.europesays.com\/pl\/116485\/","title":{"rendered":"Pi\u0105tek stoczy\u0142 pojedynek z Benzem\u0105. Ale\u017c gol Polaka! [WIDEO]"},"content":{"rendered":"\n<p class=\"contentpart contentpart--default contentpart--text\" data-position=\"0\">Al Duhail SC chcia\u0142o jak najszybciej rozstrzygn\u0105\u0107 losy poniedzia\u0142kowego spotkania. Bohaterem katarskiej dru\u017cyny okaza\u0142 si\u0119 Adil Boulbina, kt\u00f3ry skompletowa\u0142 hat-tricka i pozbawi\u0142 z\u0142udze\u0144 Al-Ittihad.<\/p>\n<p class=\"contentpart contentpart--default contentpart--text\" data-position=\"1\">W 74. minucie tej rywalizacji swoj\u0105 obecno\u015b\u0107 na boisku zaznaczy\u0142 <a href=\"https:\/\/sportowefakty.wp.pl\/pilka-nozna\/krzysztof-piatek\" rel=\"nofollow noopener\" target=\"_blank\">Krzysztof Pi\u0105tek<\/a>. Polski snajper znalaz\u0142 sobie troch\u0119 miejsca, zdecydowa\u0142 si\u0119 na uderzenie z kraw\u0119dzi pola karnego i prze\u0142ama\u0142 r\u0119ce Predraga Rajkovicia.<\/p>\n<p> <img role=\"presentation\" src=\"https:\/\/std.wpcdn.pl\/images\/adv\/placeholder_wp.svg\" loading=\"lazy\" alt=\"\" decoding=\"async\"\/>  <\/p>\n<p class=\"contentpart contentpart--default contentpart--text\" data-position=\"2\">ZOBACZ WIDEO: #dziejesiewsporcie: Hukn\u0105\u0142 nie do obrony. Asysta pi\u0119t\u0105 skrad\u0142a show<\/p>\n<p class=\"contentpart contentpart--default contentpart--text\" data-position=\"4\">Saudyjczycy przebudzili si\u0119 w ostatnim kwadransie. <a href=\"https:\/\/sportowefakty.wp.pl\/pilka-nozna\/karim-benzema\" rel=\"nofollow noopener\" target=\"_blank\">Karim Benzema<\/a>\u00a0zapisa\u0142 dublet na swoim koncie, lecz to nie wystarczy\u0142o.<\/p>\n<p class=\"contentpart contentpart--default contentpart--text\" data-position=\"5\">Pi\u0105tek r\u00f3wnie\u017c m\u00f3g\u0142 drugi raz wpisa\u0107 si\u0119 na list\u0119 strzelc\u00f3w. Po jego p\u0142askim uderzeniu pi\u0142ka zatrzyma\u0142a si\u0119 jednak na lewym s\u0142upku. Finalnie Al Duhail pokona\u0142o Al-Ittihad 4:2.<\/p>\n<p class=\"contentpart contentpart--default contentpart--text\" data-position=\"6\">W tym sezonie <a href=\"https:\/\/sportowefakty.wp.pl\/pilka-nozna\/liga-mistrzow-afc\" rel=\"nofollow noopener\" target=\"_blank\">Ligi Mistrz\u00f3w AFC<\/a>\u00a0Pi\u0105tek mo\u017ce pochwali\u0107 si\u0119 ju\u017c trzema zdobytymi bramkami. Jego Al Duhail znajduje si\u0119 na sz\u00f3stej pozycji w tabeli.<\/p>\n<p> <img role=\"presentation\" src=\"https:\/\/std.wpcdn.pl\/images\/adv\/placeholder_wp.svg\" loading=\"lazy\" alt=\"\" decoding=\"async\"\/>  <\/p>\n<p class=\"contentpart contentpart--default contentpart--text\" data-position=\"7\"><a href=\"https:\/\/sportowefakty.wp.pl\/pilka-nozna\/al-duhail-sc\" rel=\"nofollow noopener\" target=\"_blank\">Al Duhail SC<\/a>\u00a0&#8211; <a href=\"https:\/\/sportowefakty.wp.pl\/pilka-nozna\/al-ittihad\" rel=\"nofollow noopener\" target=\"_blank\">Al-Ittihad FC<\/a>\u00a04:2 (2:0)<br \/>1:0 &#8211; Adil Boulbina 5&#8242;<br \/>2:0 &#8211; Adil Boulbina 33&#8242;<br \/>3:0 &#8211; Adil Boulbina 53&#8242;<br \/>4:0 &#8211; Krzysztof Pi\u0105tek 74&#8242;<br \/>4:1 &#8211; Karim Benzema 76&#8242;<br \/>4:2 &#8211; Karim Benzema 83&#8242;<\/p>\n","protected":false},"excerpt":{"rendered":"Al Duhail SC chcia\u0142o jak najszybciej rozstrzygn\u0105\u0107 losy poniedzia\u0142kowego spotkania. Bohaterem katarskiej dru\u017cyny okaza\u0142 si\u0119 Adil Boulbina, kt\u00f3ry&hellip;\n","protected":false},"author":2,"featured_media":116486,"comment_status":"","ping_status":"","sticky":false,"template":"","format":"standard","meta":{"footnotes":""},"categories":[24],"tags":[3059,25282,25281,3058,20201,269,42,38,40,39,41,127,126],"class_list":{"0":"post-116485","1":"post","2":"type-post","3":"status-publish","4":"format-standard","5":"has-post-thumbnail","7":"category-sport","8":"tag-al-duhail-sc","9":"tag-al-ittihad-fc","10":"tag-karim-benzema","11":"tag-krzysztof-piatek","12":"tag-liga-mistrzow-afc","13":"tag-pilka-nozna","14":"tag-pl","15":"tag-poland","16":"tag-polish","17":"tag-polska","18":"tag-polski","19":"tag-sport","20":"tag-sports"},"share_on_mastodon":{"url":"https:\/\/pubeurope.com\/@pl\/115606153602222261","error":""},"_links":{"self":[{"href":"https:\/\/www.europesays.com\/pl\/wp-json\/wp\/v2\/posts\/116485","targetHints":{"allow":["GET"]}}],"collection":[{"href":"https:\/\/www.europesays.com\/pl\/wp-json\/wp\/v2\/posts"}],"about":[{"href":"https:\/\/www.europesays.com\/pl\/wp-json\/wp\/v2\/types\/post"}],"author":[{"embeddable":true,"href":"https:\/\/www.europesays.com\/pl\/wp-json\/wp\/v2\/users\/2"}],"replies":[{"embeddable":true,"href":"https:\/\/www.europesays.com\/pl\/wp-json\/wp\/v2\/comments?post=116485"}],"version-history":[{"count":0,"href":"https:\/\/www.europesays.com\/pl\/wp-json\/wp\/v2\/posts\/116485\/revisions"}],"wp:featuredmedia":[{"embeddable":true,"href":"https:\/\/www.europesays.com\/pl\/wp-json\/wp\/v2\/media\/116486"}],"wp:attachment":[{"href":"https:\/\/www.europesays.com\/pl\/wp-json\/wp\/v2\/media?parent=116485"}],"wp:term":[{"taxonomy":"category","embeddable":true,"href":"https:\/\/www.europesays.com\/pl\/wp-json\/wp\/v2\/categories?post=116485"},{"taxonomy":"post_tag","embeddable":true,"href":"https:\/\/www.europesays.com\/pl\/wp-json\/wp\/v2\/tags?post=116485"}],"curies":[{"name":"wp","href":"https:\/\/api.w.org\/{rel}","templated":true}]}}