{"id":116521,"date":"2025-11-24T19:09:09","date_gmt":"2025-11-24T19:09:09","guid":{"rendered":"https:\/\/www.europesays.com\/pl\/116521\/"},"modified":"2025-11-24T19:09:09","modified_gmt":"2025-11-24T19:09:09","slug":"policjanci-uslysza-zarzuty-w-sprawie-interwencji-na-s3-prokuratura-wszczela-sledztwo-gazeta-lubuska","status":"publish","type":"post","link":"https:\/\/www.europesays.com\/pl\/116521\/","title":{"rendered":"Policjanci us\u0142ysz\u0105 zarzuty w sprawie interwencji na S3? Prokuratura wszcz\u0119\u0142a \u015bledztwo &#8211; Gazeta Lubuska"},"content":{"rendered":"<ol>\n<li><a href=\"https:\/\/news.google.com\/rss\/articles\/CBMi_gFBVV95cUxQaUg0NFZRaWN1YmMzcXNiTGg2aUdWXzJGNFRpTVM1VWNnVDlucmNjWGVaTWtUTldrOXl6SWJwSTNIa2JxWVNlZUNXa0EzVWI0Sk5hbEdRUWIyVEl4YUF0ZDYyZmNYelZUWXdxTHRRYm9PaWpmS3VPaGt3TGVFdU5rWE85b2RMM29ha3gyeGtYSWZiMmJtQUNZWGxCdnc2TmhxbTFvRWRvcjlNd05wTWx0S3UwcDhsRG5taTJOak1HWlVZMDlBTzdzRTFNaTQ2VW9YMVRCSjFRMTZUeFpwYjlaVHN2TUN2M00xdnFyMkFLQVNDRnIwdkRvN0JNbXk5QQ?oc=5\" target=\"_blank\" rel=\"nofollow noopener\">Policjanci us\u0142ysz\u0105 zarzuty w sprawie interwencji na S3? Prokuratura wszcz\u0119\u0142a \u015bledztwo<\/a>&nbsp;&nbsp;Gazeta Lubuska<\/li>\n<li><a href=\"https:\/\/news.google.com\/rss\/articles\/CBMiqgFBVV95cUxQMWxHV2ZIVk5hMm5nWnkzck0yUFZQNllnM3ViUXJSS3Q0Rmo1TnZOZU5IdUhxM0lUS2p4T2ZPN2ZXSzIxQ0dxcXFJSE9reEtKbXJfNks2ek5mSTQ5TklzQmZaNkliak1wdFAyR1VxNFRkcHE5TXRHbEdhMEQ4N3RrZVY3c0FJWFRnWWUxYjkwNzlBR0lUZGhXT1NsWS1wRE5Dd3RVZlBVbTdkZw?oc=5\" target=\"_blank\" rel=\"nofollow noopener\">Skwierzyna. Tragiczny fina\u0142 po\u015bcigu na S3, prokuratura wszczyna \u015bledztwo<\/a>&nbsp;&nbsp;TVN24<\/li>\n<li><a href=\"https:\/\/news.google.com\/rss\/articles\/CBMiiwJBVV95cUxNTEM5cC1KLVNrY2hHUXNrNzdmS2s3cUNFb0Jwai1tNWJhd1dfR3IydnlwV0FmSmQ2SVpWM0JvYk1nbGcySm5mLWM1alV5WHdhbVZEc1pyZmx5OUNocmczWkhGclRpRG50V2xyNVQtWUstTjY3OGdMeXFtY2ZDVF9reUZkM3MtdTJZdDdrQ1JHaVNBUW9mR01aN0Y1X1RUZWkxZW5La2VPN3J5V09uZVBaLV9pQWE2a3Z2TFdHanRtbnhsQ1JXQTJfdGpMY3BNYV9IaTh2bkJhTWtoS0JQOUJZV3dDMWRzU21aYUxJTklhcWtKMGZqWGNxa2RNdGhzVFRDT19tUWxaNEYtZVk?oc=5\" target=\"_blank\" rel=\"nofollow noopener\">Komunikat o wszcz\u0119ciu \u015bledztwa w sprawie zdarzenia ze skutkiem \u015bmiertelnym z 22 listopada 2025 r. na drodze S-3 w okolicach Skwierzyny<\/a>&nbsp;&nbsp;Gov.pl<\/li>\n<li><a href=\"https:\/\/news.google.com\/rss\/articles\/CBMiuAFBVV95cUxOVkplN1RzZGdYY01ueElQRGJvbEZ4MFQwc09JREpGaVQxWmpxdTkwMnlUTkhKSDhYZ0VybGZQcjR4RE9iOGliZFp5ZnZkaGhEaXdSSGE3b002Wnpqb2tkZnpMTGFVMGNEVHpzVkFaajRMRUZtSmg1QzFXbFVGSTFlT1daZUdYeENJcGtuR1JZb3BuS3cxUW5SckhkZDJhR1lHUHRtSUJ3NmROZkg0QnVFd0tpMkV0bkU3?oc=5\" target=\"_blank\" rel=\"nofollow noopener\">Nie \u017cyje kierowca, policjant jest ranny. Dramatyczna akcja na S3<\/a>&nbsp;&nbsp;Onet Wiadomo\u015bci<\/li>\n<li><a href=\"https:\/\/news.google.com\/rss\/articles\/CBMirwFBVV95cUxOMjB4MUt1cmdDTGhZNVlZRW5ZdU1RR1JhUkNmNG9TekVsT3V6TC1hQmVqYjdDVTg5REltR2w3VXZoczhrVWxoeWVyVG9jZDN0c0pjWlh4WHBwcW44SEc1YS13RVA3SE5pdm9Lc3NMdjRnRzNjeUNxaEVPMkVuQmNOck9OMlVDa1BfOERIa0VBWi1HVmQ0V0NhWk11eXk5TjNiUXBoNUF0YzFUejFVWFhj?oc=5\" target=\"_blank\" rel=\"nofollow noopener\">Tragiczna interwencja policji na S3. Znamy szczeg\u00f3\u0142y \u015bmiertelnego wypadku<\/a>&nbsp;&nbsp;Fakt<\/li>\n<\/ol>\n","protected":false},"excerpt":{"rendered":"Policjanci us\u0142ysz\u0105 zarzuty w sprawie interwencji na S3? Prokuratura wszcz\u0119\u0142a \u015bledztwo&nbsp;&nbsp;Gazeta Lubuska Skwierzyna. Tragiczny fina\u0142 po\u015bcigu na S3,&hellip;\n","protected":false},"author":2,"featured_media":60432,"comment_status":"","ping_status":"","sticky":false,"template":"","format":"standard","meta":{"footnotes":""},"categories":[12],"tags":[32,33,36,37,27,34,35,28,31,25,42,38,40,39,41,29,30,26],"class_list":{"0":"post-116521","1":"post","2":"type-post","3":"status-publish","4":"format-standard","5":"has-post-thumbnail","7":"category-polska","8":"tag-breaking-news","9":"tag-breakingnews","10":"tag-featured-news","11":"tag-featurednews","12":"tag-headlines","13":"tag-latest-news","14":"tag-latestnews","15":"tag-naglowki","16":"tag-najwazniejsze-artykuly","17":"tag-news","18":"tag-pl","19":"tag-poland","20":"tag-polish","21":"tag-polska","22":"tag-polski","23":"tag-top-stories","24":"tag-topstories","25":"tag-wiadomosci"},"share_on_mastodon":{"url":"https:\/\/pubeurope.com\/@pl\/115606255351259838","error":""},"_links":{"self":[{"href":"https:\/\/www.europesays.com\/pl\/wp-json\/wp\/v2\/posts\/116521","targetHints":{"allow":["GET"]}}],"collection":[{"href":"https:\/\/www.europesays.com\/pl\/wp-json\/wp\/v2\/posts"}],"about":[{"href":"https:\/\/www.europesays.com\/pl\/wp-json\/wp\/v2\/types\/post"}],"author":[{"embeddable":true,"href":"https:\/\/www.europesays.com\/pl\/wp-json\/wp\/v2\/users\/2"}],"replies":[{"embeddable":true,"href":"https:\/\/www.europesays.com\/pl\/wp-json\/wp\/v2\/comments?post=116521"}],"version-history":[{"count":0,"href":"https:\/\/www.europesays.com\/pl\/wp-json\/wp\/v2\/posts\/116521\/revisions"}],"wp:featuredmedia":[{"embeddable":true,"href":"https:\/\/www.europesays.com\/pl\/wp-json\/wp\/v2\/media\/60432"}],"wp:attachment":[{"href":"https:\/\/www.europesays.com\/pl\/wp-json\/wp\/v2\/media?parent=116521"}],"wp:term":[{"taxonomy":"category","embeddable":true,"href":"https:\/\/www.europesays.com\/pl\/wp-json\/wp\/v2\/categories?post=116521"},{"taxonomy":"post_tag","embeddable":true,"href":"https:\/\/www.europesays.com\/pl\/wp-json\/wp\/v2\/tags?post=116521"}],"curies":[{"name":"wp","href":"https:\/\/api.w.org\/{rel}","templated":true}]}}