{"id":116615,"date":"2025-11-24T20:12:09","date_gmt":"2025-11-24T20:12:09","guid":{"rendered":"https:\/\/www.europesays.com\/pl\/116615\/"},"modified":"2025-11-24T20:12:09","modified_gmt":"2025-11-24T20:12:09","slug":"irena-rupinska-nie-zyje-przedsiebiorczyni-miala-54-lata","status":"publish","type":"post","link":"https:\/\/www.europesays.com\/pl\/116615\/","title":{"rendered":"Irena Rupi\u0144ska nie \u017cyje. Przedsi\u0119biorczyni mia\u0142a 54 lata"},"content":{"rendered":"<p>Nie \u017cyje Irena Rupi\u0144ska, znana przedsi\u0119biorczyni z Podlasia<\/p>\n<p class=\"typography ids-typeset-body ids-typeset-body--preset-large link paragraph ids-paragraph ids-paragraph--default\">Irena Rupi\u0144ska <a href=\"https:\/\/biznes.interia.pl\/gospodarka\/news-leonard-lauder-nie-zyje-kosmetyki-jego-firmy-zna-kazda-polka,nId,7984771\" target=\"_blank\" rel=\"nofollow noopener\">nie \u017cyje<\/a>. Wyrazy wsp\u00f3\u0142czucia z powodu \u015bmierci przedsi\u0119biorczyni z\u0142o\u017cyli jej bliskim przedstawiciele lokalnych w\u0142adz.<\/p>\n<p class=\"typography ids-typeset-body ids-typeset-body--preset-large link paragraph ids-paragraph ids-paragraph--default\">&#8222;Starosta Zambrowski Edyta Marchelska-Groszfeld, Wicestarosta Zambrowski Robert Maciej Rosiak i Pracownicy Starostwa Powiatowego w Zambrowie oraz Przewodnicz\u0105cy Rady Powiatu Zambrowskiego Jacek Norbert Murawski wraz z Radnymi sk\u0142adaj\u0105 najszczersze wyrazy wsp\u00f3\u0142czucia pogr\u0105\u017conej w \u017calu Rodzinie, Najbli\u017cszym oraz wszystkim \u0142\u0105cz\u0105cym si\u0119 b\u00f3lu po \u015bmierci pani Ireny Rupi\u0144skiej oraz jej ukochanego Wnuka&#8221; &#8211; czytamy we wpisie kondolencyjnym opublikowanym na portalu zambrow.org.<\/p>\n<p class=\"typography ids-typeset-body ids-typeset-body--preset-large link paragraph ids-paragraph ids-paragraph--default\">Informacja o\u00a0\u015bmierci Ireny Rupi\u0144skiej pojawi\u0142a si\u0119 r\u00f3wnie\u017c w serwisie X.<\/p>\n<p class=\"typography ids-typeset-body ids-typeset-body--preset-large link paragraph ids-paragraph ids-paragraph--default\">Firma ZPK Rupi\u0144scy, kt\u00f3rej wsp\u00f3\u0142w\u0142a\u015bcicielk\u0105 by\u0142a Irena Rupi\u0144ska, dzia\u0142a od ponad 20 lat w bran\u017cy wydobycia kruszyw budowlanych i drogowych, wsp\u00f3\u0142uczestnicz\u0105c w du\u017cych przedsi\u0119wzi\u0119ciach infrastrukturalnych. Przedsi\u0119biorstwo eksploruje obecnie z\u0142o\u017ca w trzynastu lokalizacjach. Centrala firmy znajduje si\u0119 w Szumowie w powiecie zambrowskim.<\/p>\n<p class=\"typography ids-typeset-body ids-typeset-body--preset-large link paragraph ids-paragraph ids-paragraph--default\">Do grupy kapita\u0142owej ZPK Rupi\u0144scy nale\u017cy r\u00f3wnie\u017c Natrix &#8211; fabryka prefabrykat\u00f3w betonowych.<\/p>\n<p>Irena Rupi\u0144ska by\u0142a klasyfikowana w rankingu 100 najbogatszych Polak\u00f3w<\/p>\n<p class=\"typography ids-typeset-body ids-typeset-body--preset-large link paragraph ids-paragraph ids-paragraph--default\">Irena Rupi\u0144ska i jej m\u0105\u017c Kazimierz w 2016 r. znale\u017ali si\u0119 na 85. miejscu listy 100 najbogatszych Polak\u00f3w Forbesa. W 2017 r. zaj\u0119li w rankingu\u00a084. pozycj\u0119. Forbes szacowa\u0142 w\u00f3wczas ich maj\u0105tek na 518 mln z\u0142.<\/p>\n<p class=\"typography ids-typeset-body ids-typeset-body--preset-large link paragraph ids-paragraph ids-paragraph--default\">W rankingu 100 najcenniejszych polskich firm rodzinnych wed\u0142ug Forbesa opublikowanym w 2021 r. przedsi\u0119biorstwo ZPK Rupi\u0144scy zaj\u0119\u0142o 1. lokat\u0119 w wojew\u00f3dztwie podlaskim w\u015br\u00f3d firm o przychodach przekraczaj\u0105cych 100 mln z\u0142 w skali roku.<\/p>\n<p>&#8222;Wydarzenia&#8221;: \u0141\u00f3d\u017a si\u0119 wyludnia. Nie pomog\u0142y programy socjalnePolsat News<\/p>\n","protected":false},"excerpt":{"rendered":"Nie \u017cyje Irena Rupi\u0144ska, znana przedsi\u0119biorczyni z Podlasia Irena Rupi\u0144ska nie \u017cyje. Wyrazy wsp\u00f3\u0142czucia z powodu \u015bmierci przedsi\u0119biorczyni&hellip;\n","protected":false},"author":2,"featured_media":116616,"comment_status":"","ping_status":"","sticky":false,"template":"","format":"standard","meta":{"footnotes":""},"categories":[12],"tags":[32,33,36,37,27,34,35,28,31,25,42,38,40,39,41,29,30,26],"class_list":{"0":"post-116615","1":"post","2":"type-post","3":"status-publish","4":"format-standard","5":"has-post-thumbnail","7":"category-polska","8":"tag-breaking-news","9":"tag-breakingnews","10":"tag-featured-news","11":"tag-featurednews","12":"tag-headlines","13":"tag-latest-news","14":"tag-latestnews","15":"tag-naglowki","16":"tag-najwazniejsze-artykuly","17":"tag-news","18":"tag-pl","19":"tag-poland","20":"tag-polish","21":"tag-polska","22":"tag-polski","23":"tag-top-stories","24":"tag-topstories","25":"tag-wiadomosci"},"share_on_mastodon":{"url":"https:\/\/pubeurope.com\/@pl\/115606503102106474","error":""},"_links":{"self":[{"href":"https:\/\/www.europesays.com\/pl\/wp-json\/wp\/v2\/posts\/116615","targetHints":{"allow":["GET"]}}],"collection":[{"href":"https:\/\/www.europesays.com\/pl\/wp-json\/wp\/v2\/posts"}],"about":[{"href":"https:\/\/www.europesays.com\/pl\/wp-json\/wp\/v2\/types\/post"}],"author":[{"embeddable":true,"href":"https:\/\/www.europesays.com\/pl\/wp-json\/wp\/v2\/users\/2"}],"replies":[{"embeddable":true,"href":"https:\/\/www.europesays.com\/pl\/wp-json\/wp\/v2\/comments?post=116615"}],"version-history":[{"count":0,"href":"https:\/\/www.europesays.com\/pl\/wp-json\/wp\/v2\/posts\/116615\/revisions"}],"wp:featuredmedia":[{"embeddable":true,"href":"https:\/\/www.europesays.com\/pl\/wp-json\/wp\/v2\/media\/116616"}],"wp:attachment":[{"href":"https:\/\/www.europesays.com\/pl\/wp-json\/wp\/v2\/media?parent=116615"}],"wp:term":[{"taxonomy":"category","embeddable":true,"href":"https:\/\/www.europesays.com\/pl\/wp-json\/wp\/v2\/categories?post=116615"},{"taxonomy":"post_tag","embeddable":true,"href":"https:\/\/www.europesays.com\/pl\/wp-json\/wp\/v2\/tags?post=116615"}],"curies":[{"name":"wp","href":"https:\/\/api.w.org\/{rel}","templated":true}]}}