{"id":116617,"date":"2025-11-24T20:13:08","date_gmt":"2025-11-24T20:13:08","guid":{"rendered":"https:\/\/www.europesays.com\/pl\/116617\/"},"modified":"2025-11-24T20:13:08","modified_gmt":"2025-11-24T20:13:08","slug":"polska-bedzie-miala-najnowoczesniejszy-stadion-w-europie-nie-podlega-dyskusji","status":"publish","type":"post","link":"https:\/\/www.europesays.com\/pl\/116617\/","title":{"rendered":"Polska b\u0119dzie mia\u0142a najnowocze\u015bniejszy stadion w Europie! 'Nie podlega dyskusji&#8217;"},"content":{"rendered":"<p class=\"art_paragraph\">W poniedzia\u0142ek na Stadionie Narodowym w Warszawie minister sportu Jakub Rutnicki i prezydent Warszawy Rafa\u0142 Trzaskowski og\u0142osili, \u017ce Warszawa b\u0119dzie si\u0119 ubiega\u0142a o organizacj\u0119 letnich igrzysk olimpijskich.<\/p>\n<p>\n    Zobacz wideo Szef WADA o Enhanced Games, igrzyskach dopingowicz\u00f3w: Cyrk i makiawelizm. To jest nara\u017canie ludzi na \u015bmier\u0107\n  <\/p>\n<p class=\"art_paragraph\">To jeszcze nie jest czas zg\u0142aszania kandydat\u00f3w. Na dzi\u015b znamy gospodarzy letnich igrzysk w roku 2028 (Los Angeles) i 2032 (Brisbane) Gospodarzy igrzysk na nast\u0119pne lata Mi\u0119dzynarodowy Komitet Olimpijski wybierze dopiero w lipcu 2028. Ale Warszawa ju\u017c szykuje ofert\u0119 i ju\u017c jest w procesie nieformalnych rozm\u00f3w z MKOl-em. A od Roberta Korzeniowskiego, doradcy ministra sportu, a kiedy\u015b czterokrotnego <a href=\"https:\/\/www.sport.pl\/lekkoatletyka\/7,64989,27911808,nasz-sensacyjny-mistrz-olimpijski-oddaje-zloty-medal-to-dopiero.html#anchorLink\" rel=\"nofollow noopener\" target=\"_blank\">mistrza olimpijskiego<\/a> w chodzie, us\u0142yszeli\u015bmy nawet, \u017ce wkr\u00f3tce on i Rutnicki wybior\u0105 si\u0119 w wa\u017cn\u0105 delegacj\u0119. Pojad\u0105 do Francji, \u017ceby spotka\u0107 si\u0119 z organizatorami letnich igrzysk Pary\u017c 2024 i zimowych, kt\u00f3re w 2030 roku odb\u0119d\u0105 si\u0119 w Alpach Francuskich. Wszystko po to, by si\u0119 uczy\u0107 i inspirowa\u0107.<\/p>\n<p> Pytamy o Chorz\u00f3w, a minister m\u00f3wi o Barcelonie i Madrycie<\/p>\n<p class=\"art_paragraph\">Po konferencji na Narodowym sportowych dziennikarzy szczeg\u00f3lnie interesowa\u0142a rola w\u0142a\u015bnie Stadionu Narodowego w ca\u0142ym przedsi\u0119wzi\u0119ciu. Czy ten typowo pi\u0142karski obiekt m\u00f3g\u0142by pe\u0142ni\u0107 rol\u0119 stadionu olimpijskiego? Jak mia\u0142by to robi\u0107, skoro nie posiada bie\u017cni, a przecie\u017c lekkoatletyka na igrzyskach zawsze odbywa si\u0119 w\u0142a\u015bnie na olimpijskim stadionie, kt\u00f3ry zazwyczaj jest te\u017c wykorzystywany do oficjalnych ceremonii: otwarcia i zamkni\u0119cia igrzysk.<\/p>\n<p class=\"art_paragraph\">Ju\u017c dzi\u015b wiadomo, \u017ce igrzyska w Warszawie oznacza\u0142yby, \u017ce niekt\u00f3re dyscypliny b\u0119d\u0105 si\u0119 odbywa\u0142y nawet w Gda\u0144sku, Krakowie czy Wroc\u0142awiu. Ale trudno sobie wyobrazi\u0107, \u017ce na igrzyskach w Warszawie stadionem olimpijskim by\u0142by Stadion \u015al\u0105ski w Chorzowie, czyli najwi\u0119ksza w kraju arena lekkoatletyczna.<\/p>\n<p class=\"art_paragraph\">&#8211; To nie podlega dyskusji, \u017ce g\u0142\u00f3wnym motorem nap\u0119dowym musi by\u0107 stolica i <a href=\"https:\/\/www.sport.pl\/sport\/7,155466,20978834,stadion-narodowy-w-warszawie-ciekawostki-wydarzenia-dojazd.html#anchorLink\" rel=\"nofollow noopener\" target=\"_blank\">Stadion Narodowy<\/a>. My oczywi\u015bcie jeste\u015bmy teraz na etapie przygotowania pewnych analiz.\u00a0Oczywi\u015bcie jeszcze definitywnie takich rozstrzygni\u0119\u0107 nie mamy, ale zdajemy sobie spraw\u0119 z tego, \u017ce Narodowy potrzebuje nowego impulsu.\u00a0W 2040 roku to b\u0119dzie ju\u017c stadion, kt\u00f3ry b\u0119dzie mia\u0142 kilkadziesi\u0105t lat i on b\u0119dzie potrzebowa\u0142 wielkiej zmiany \u2013 m\u00f3wi minister Rutnicki. &#8211;\u00a0Zobaczcie, szanowni pa\u0144stwo, jak te najwi\u0119ksze przecie\u017c stadiony, czy to w Barcelonie, czy w <a href=\"https:\/\/www.sport.pl\/pilka\/7,65082,32378567,to-koniec-gwiazdor-odejdzie-z-realu-madryt-padla-kwota.html#anchorLink\" rel=\"nofollow noopener\" target=\"_blank\">Madrycie<\/a>, si\u0119 zmieniaj\u0105. Moim marzeniem jest, \u017ceby by\u0142a mowa o nowym Narodowym, ale w aspekcie takim, \u017ce mo\u017cemy tak przebudowa\u0107 ten obiekt,\u00a0aby odpowiada\u0142 zapotrzebowaniem dotycz\u0105cym wi\u0119kszej liczby publiczno\u015bci, je\u017celi chodzi o rozgrywanie najwi\u0119kszych mecz\u00f3w pi\u0142karskich,\u00a0a te\u017c by\u0107 mo\u017ce uda si\u0119 zrealizowa\u0107 to w taki spos\u00f3b, aby m\u00f3g\u0142 te\u017c to by\u0107 stadion do lekkoatletyki &#8211; dodaje.<\/p>\n<p> Nie tylko stadion. Hala na ponad 20 tysi\u0119cy widz\u00f3w<\/p>\n<p class=\"art_paragraph\">W szczeg\u00f3\u0142y minister Rutnicki nie chce wchodzi\u0107, bo \u2013 jak podkre\u015bla \u2013 jest na to za wcze\u015bnie. &#8211; Przygotowujemy te rozwi\u0105zania, rozmawiamy z architektami, z projektantami i zdajemy sobie spraw\u0119, \u017ce to jest bardzo wa\u017cny aspekt, to centrum igrzysk,\u00a0bo przecie\u017c lekkoatletyka i stadion to b\u0119dzie rzecz absolutnie kluczowa, ale te\u017c kluczowa b\u0119dzie wielka hala [podobno na ponad 20 tysi\u0119cy widz\u00f3w]. Na pewno b\u0119dziemy potrzebowali gruntownie wyremontowanego Narodowego \u2013 przekonuje minister sportu.<\/p>\n<p class=\"art_paragraph\">Obecnie Stadion Narodowy mo\u017ce pomie\u015bci\u0107 58 tysi\u0119cy widz\u00f3w. A jego trybuny znajduj\u0105 si\u0119 blisko p\u0142yty boiska, przez co w tym momencie nie jest mo\u017cliwe zbudowanie na obiekcie lekkoatletycznej bie\u017cni. &#8211; Tak, ja sobie zdaj\u0119 spraw\u0119 z tego, \u017ce to jest stadion pi\u0142karski, wi\u0119c dlatego te\u017c przygotowujemy analiz\u0119. Nie chc\u0119 rozstrzyga\u0107 czy to b\u0119dzie jeszcze na tym etapie technicznie mo\u017cliwe,\u00a0ale ju\u017c takie prace w tej chwili si\u0119 zacz\u0119\u0142y, je\u017celi chodzi o analiz\u0119 mo\u017cliwo\u015bci rozbudowy, i ewentualnie dostosowywania projektu.\u00a0I te\u017c na tej podstawie b\u0119dziemy przygotowywa\u0107 nasze referencje i to, czy i w jakim formacie Narodowy b\u0119dzie m\u00f3g\u0142 by\u0107 wykorzystany. Mam nadziej\u0119, \u017ce to si\u0119 da zrobi\u0107 \u2013 m\u00f3wi Rutnicki.<\/p>\n<p> Chcemy fina\u0142u Ligi Mistrz\u00f3w na Stadionie Narodowym<\/p>\n<p class=\"art_paragraph\">Minister sportu podkre\u015bla, \u017ce samo powi\u0119kszenie trybun Narodowego pozwoli\u0142oby organizowa\u0107 na nim najwi\u0119ksze mecze. &#8211; Chcemy organizowa\u0107 tutaj najwi\u0119ksze imprezy.\u00a0Realizowali\u015bmy tu fina\u0142 <a href=\"https:\/\/www.sport.pl\/pilka\/0,65042.html#anchorLink\" rel=\"nofollow noopener\" target=\"_blank\">Ligi Europy<\/a>, ale chcieliby\u015bmy przecie\u017c mie\u0107 te\u017c w przysz\u0142o\u015bci fina\u0142 Ligi Mistrz\u00f3w &#8211; m\u00f3wi. &#8211; Przepi\u0119knie by by\u0142o zrobi\u0107 to na naszym stadionie, ale nie mo\u017cemy, bo ten stadion powinien mie\u0107 70, a uwa\u017cam, \u017ce powinni\u015bmy i\u015b\u0107 dalej i powinien mie\u0107 80 tysi\u0119cy miejsc dla <a href=\"https:\/\/www.sport.pl\/kibice#anchorLink\" rel=\"nofollow noopener\" target=\"_blank\">kibic\u00f3w<\/a>, a mo\u017ce i wi\u0119cej &#8211; dodaje.<\/p>\n<p class=\"art_paragraph\">Natomiast kwesti\u0119 stworzenia na Narodowym warunk\u00f3w do rozgrywania zawod\u00f3w lekkoatletycznych Rutnicki zamyka nast\u0119puj\u0105cym stwierdzeniem: &#8211; My\u015bl\u0119, \u017ce architektura i post\u0119p techniczny idzie w taki spos\u00f3b, \u017ce rzeczy, kt\u00f3re nam sobie trudno wyobrazi\u0107, s\u0105 technicznie mo\u017cliwe, to si\u0119 dzieje.\u00a0Dlatego te\u017c jedziemy do Francji, dlatego jedziemy do Pary\u017ca. Zobaczymy tam na przyk\u0142ad, jak si\u0119 uda\u0142o zrealizowa\u0107 50-metrow\u0105 p\u0142ywalni\u0119 na terenie targ\u00f3w. Czy tartan na Narodowym jest mo\u017cliwy? Wszystko jest mo\u017cliwe. Ja nie jestem architektem, nie jestem budowla\u0144cem, ale przygotowujemy koncepcj\u0119 i chcemy zrobi\u0107 tak, \u017ceby Narodowy za 10-20 lat by\u0142 najnowocze\u015bniejszym stadionem w Europie. Ufam, \u017ce tak b\u0119dzie.<\/p>\n","protected":false},"excerpt":{"rendered":"W poniedzia\u0142ek na Stadionie Narodowym w Warszawie minister sportu Jakub Rutnicki i prezydent Warszawy Rafa\u0142 Trzaskowski og\u0142osili, \u017ce&hellip;\n","protected":false},"author":2,"featured_media":116618,"comment_status":"","ping_status":"","sticky":false,"template":"","format":"standard","meta":{"footnotes":""},"categories":[5],"tags":[32,33,36,37,27,34,35,28,31,25,42,38,40,39,41,29,30,26],"class_list":{"0":"post-116617","1":"post","2":"type-post","3":"status-publish","4":"format-standard","5":"has-post-thumbnail","7":"category-naglowki","8":"tag-breaking-news","9":"tag-breakingnews","10":"tag-featured-news","11":"tag-featurednews","12":"tag-headlines","13":"tag-latest-news","14":"tag-latestnews","15":"tag-naglowki","16":"tag-najwazniejsze-artykuly","17":"tag-news","18":"tag-pl","19":"tag-poland","20":"tag-polish","21":"tag-polska","22":"tag-polski","23":"tag-top-stories","24":"tag-topstories","25":"tag-wiadomosci"},"share_on_mastodon":{"url":"https:\/\/pubeurope.com\/@pl\/115606506985102793","error":""},"_links":{"self":[{"href":"https:\/\/www.europesays.com\/pl\/wp-json\/wp\/v2\/posts\/116617","targetHints":{"allow":["GET"]}}],"collection":[{"href":"https:\/\/www.europesays.com\/pl\/wp-json\/wp\/v2\/posts"}],"about":[{"href":"https:\/\/www.europesays.com\/pl\/wp-json\/wp\/v2\/types\/post"}],"author":[{"embeddable":true,"href":"https:\/\/www.europesays.com\/pl\/wp-json\/wp\/v2\/users\/2"}],"replies":[{"embeddable":true,"href":"https:\/\/www.europesays.com\/pl\/wp-json\/wp\/v2\/comments?post=116617"}],"version-history":[{"count":0,"href":"https:\/\/www.europesays.com\/pl\/wp-json\/wp\/v2\/posts\/116617\/revisions"}],"wp:featuredmedia":[{"embeddable":true,"href":"https:\/\/www.europesays.com\/pl\/wp-json\/wp\/v2\/media\/116618"}],"wp:attachment":[{"href":"https:\/\/www.europesays.com\/pl\/wp-json\/wp\/v2\/media?parent=116617"}],"wp:term":[{"taxonomy":"category","embeddable":true,"href":"https:\/\/www.europesays.com\/pl\/wp-json\/wp\/v2\/categories?post=116617"},{"taxonomy":"post_tag","embeddable":true,"href":"https:\/\/www.europesays.com\/pl\/wp-json\/wp\/v2\/tags?post=116617"}],"curies":[{"name":"wp","href":"https:\/\/api.w.org\/{rel}","templated":true}]}}