{"id":116625,"date":"2025-11-24T20:19:08","date_gmt":"2025-11-24T20:19:08","guid":{"rendered":"https:\/\/www.europesays.com\/pl\/116625\/"},"modified":"2025-11-24T20:19:08","modified_gmt":"2025-11-24T20:19:08","slug":"tatiana-kolesnychenko-uhonorowana-nagroda-pap-michal-janczura-wyrozniony","status":"publish","type":"post","link":"https:\/\/www.europesays.com\/pl\/116625\/","title":{"rendered":"Tatiana Kolesnychenko uhonorowana nagrod\u0105 PAP. Micha\u0142 Janczura wyr\u00f3\u017cniony"},"content":{"rendered":"<p>Kapitu\u0142a doceni\u0142a Tatian\u0119 Kolesnychenko za reporta\u017c &#8222;\u00bbW\u0142adcy cia\u0142\u00ab. Po wszystkim zostaje tylko fasada&#8221;<\/p>\n<p>Tematem tekstu jest okrucie\u0144stwo rosyjskich \u017co\u0142nierzy wobec ukrai\u0144skich kobiet w\u00a0jego najbardziej ekstremalnych formach. Przemocy seksualnej w\u00a0czasie wojny do\u015bwiadczaj\u0105 kobiety w\u00a0ka\u017cdym wieku. Tylko nieliczne decyduj\u0105 si\u0119 o\u00a0tym opowiedzie\u0107. Autorka opisuje traumatyczne do\u015bwiadczenia 77-letniej Ludmy\u0142y, 61-letniej Tetiany i\u00a0Niny &#8211;\u00a0wszystkie s\u0105 ofiarami brutalnych gwa\u0142t\u00f3w &#8211;\u00a0oraz ich pr\u00f3b\u0119 powrotu do &#8222;normalno\u015bci&#8221;, cho\u0107 czas wcale nie leczy ran. Kobiety m\u00f3wi\u0105, \u017ce \u015bmier\u0107 by\u0142aby lepsza od upokorze\u0144, kt\u00f3rych do\u015bwiadczy\u0142y.<\/p>\n<p>Laureat\u00f3w nagrody wy\u0142oni\u0142a kapitu\u0142a pod przewodnictwem redaktora naczelnego PAP Wojciecha Tumidalskiego. Funkcj\u0119 honorowych przewodnicz\u0105cych pe\u0142ni\u0105 Rene Maisner oraz Miros\u0142aw Ikonowic, przyjaciel legendy polskiego reporta\u017cu, zwi\u0105zany z\u00a0PAP od 1953 roku. W\u00a0sk\u0142ad kapitu\u0142y weszli r\u00f3wnie\u017c: Zuzanna D\u0105browska, Bogus\u0142aw Chrabota, Jaros\u0142aw Guga\u0142a, Andrzej Grygiel, Karolina Lewicka, Wojciech Jagielski, Beata Lubecka, Cezary \u0141azarewicz, Maciej Nabrdalik, Mateusz Sosnowski, Agnieszka Szyd\u0142owska, Beata Zawrzel oraz Micha\u0142 \u017bakowski. <\/p>\n<p>Gala fina\u0142owa 7. Nagrody PAP im. Ryszarda Kapu\u015bci\u0144skiego odbywa si\u0119 w\u00a0Teatrze Polskim. Laureat\u00f3w wy\u0142oni\u0142a kapitu\u0142a pod przewodnictwem redaktora naczelnego PAP Wojciecha Tumidalskiego. Funkcj\u0119 honorowych przewodnicz\u0105cych pe\u0142ni\u0105 Rene Maisner, c\u00f3rka Ryszarda Kapu\u015bci\u0144skiego, oraz Miros\u0142aw Ikonowicz, przyjaciel legendy polskiego reporta\u017cu zwi\u0105zany z\u00a0PAP od 1953 roku.<\/p>\n","protected":false},"excerpt":{"rendered":"Kapitu\u0142a doceni\u0142a Tatian\u0119 Kolesnychenko za reporta\u017c &#8222;\u00bbW\u0142adcy cia\u0142\u00ab. Po wszystkim zostaje tylko fasada&#8221; Tematem tekstu jest okrucie\u0144stwo rosyjskich&hellip;\n","protected":false},"author":2,"featured_media":116626,"comment_status":"","ping_status":"","sticky":false,"template":"","format":"standard","meta":{"footnotes":""},"categories":[12],"tags":[32,33,36,37,27,34,35,28,31,25,42,38,40,39,41,29,30,26],"class_list":{"0":"post-116625","1":"post","2":"type-post","3":"status-publish","4":"format-standard","5":"has-post-thumbnail","7":"category-polska","8":"tag-breaking-news","9":"tag-breakingnews","10":"tag-featured-news","11":"tag-featurednews","12":"tag-headlines","13":"tag-latest-news","14":"tag-latestnews","15":"tag-naglowki","16":"tag-najwazniejsze-artykuly","17":"tag-news","18":"tag-pl","19":"tag-poland","20":"tag-polish","21":"tag-polska","22":"tag-polski","23":"tag-top-stories","24":"tag-topstories","25":"tag-wiadomosci"},"share_on_mastodon":{"url":"https:\/\/pubeurope.com\/@pl\/115606530593749878","error":""},"_links":{"self":[{"href":"https:\/\/www.europesays.com\/pl\/wp-json\/wp\/v2\/posts\/116625","targetHints":{"allow":["GET"]}}],"collection":[{"href":"https:\/\/www.europesays.com\/pl\/wp-json\/wp\/v2\/posts"}],"about":[{"href":"https:\/\/www.europesays.com\/pl\/wp-json\/wp\/v2\/types\/post"}],"author":[{"embeddable":true,"href":"https:\/\/www.europesays.com\/pl\/wp-json\/wp\/v2\/users\/2"}],"replies":[{"embeddable":true,"href":"https:\/\/www.europesays.com\/pl\/wp-json\/wp\/v2\/comments?post=116625"}],"version-history":[{"count":0,"href":"https:\/\/www.europesays.com\/pl\/wp-json\/wp\/v2\/posts\/116625\/revisions"}],"wp:featuredmedia":[{"embeddable":true,"href":"https:\/\/www.europesays.com\/pl\/wp-json\/wp\/v2\/media\/116626"}],"wp:attachment":[{"href":"https:\/\/www.europesays.com\/pl\/wp-json\/wp\/v2\/media?parent=116625"}],"wp:term":[{"taxonomy":"category","embeddable":true,"href":"https:\/\/www.europesays.com\/pl\/wp-json\/wp\/v2\/categories?post=116625"},{"taxonomy":"post_tag","embeddable":true,"href":"https:\/\/www.europesays.com\/pl\/wp-json\/wp\/v2\/tags?post=116625"}],"curies":[{"name":"wp","href":"https:\/\/api.w.org\/{rel}","templated":true}]}}