{"id":116627,"date":"2025-11-24T20:20:12","date_gmt":"2025-11-24T20:20:12","guid":{"rendered":"https:\/\/www.europesays.com\/pl\/116627\/"},"modified":"2025-11-24T20:20:12","modified_gmt":"2025-11-24T20:20:12","slug":"wazny-komunikat-dotyczacy-jakosci-wody-w-kilku-dzielnicach-gdyni","status":"publish","type":"post","link":"https:\/\/www.europesays.com\/pl\/116627\/","title":{"rendered":"Wa\u017cny komunikat dotycz\u0105cy jako\u015bci wody w kilku dzielnicach Gdyni"},"content":{"rendered":"<p>                W pr\u00f3bkach wody z cz\u0119\u015bci Gdy\u0144skiego Systemu Wodoci\u0105gowego wykryto bakterie grupy coli. Woda w kilku dzielnicach jest\u00a0warunkowo przydatna do spo\u017cycia \u2013 tylko po przegotowaniu.<\/p>\n<p>Aktualizacja z godziny 18:00&#13;<br \/>\nPrzedsi\u0119biorstwo Wodoci\u0105g\u00f3w i Kanalizacji Sp. z o.o. w Gdyni informuje, \u017ce zgodnie z tre\u015bci\u0105 Komunikatu z 24.11.2025 Pa\u0144stwowego Powiatowego Inspektora Sanitarnego w Gdyni dotycz\u0105cego jako\u015bci wody z Gdy\u0144skiego Systemu Wodoci\u0105gowego stwierdzono warunkow\u0105 przydatno\u015bci wody do spo\u017cycia, po uprzednim przegotowaniu dla mieszka\u0144c\u00f3w strefy Gdynia Cisowa, Gdynia Chylonia, Gdynia Pustki Cisowskie-Demptowo. W pozosta\u0142ej cz\u0119\u015bci miasta woda jest bezwarunkowo zdatna do spo\u017cycia.<br \/>Informujemy, \u017ce od dnia 23 listopada 2025 r. (do odwo\u0142ania) prowadzone jest chlorowanie wody w sieci wodoci\u0105gowej. Dzia\u0142anie ma charakter profilaktyczny i zosta\u0142o wprowadzone w celu utrzymania w\u0142a\u015bciwej jako\u015bci wody. St\u0119\u017cenie chloru pozostaje w granicach norm i nie przekracza warto\u015bci okre\u015blonych w rozporz\u0105dzeniu Ministra Zdrowia z dnia 7 grudnia 2017 r. [Dz.U. 2017 poz. 2294]. R\u00f3wnolegle s\u0142u\u017cby sp\u00f3\u0142ki realizuj\u0105 p\u0142ukanie sieci wodoci\u0105gowej na obszarze obj\u0119tym komunikatem.<\/p>\n<p>Komunikat z godz. 15:00\u00a0<\/p>\n<p>Pa\u0144stwowy Powiatowy Inspektor Sanitarny w Gdyni informuje, \u017ce w badaniach pr\u00f3bek wody pobranych z punkt\u00f3w zgodno\u015bci na sieci wodoci\u0105gowej Gdy\u0144skiego Systemu Zaopatrzenia w strefie zasilania\u00a0Gdynia Cisowa, Gdynia Chylonia, Gdynia Pustki Cisowskie \u2013 Demptowo, stwierdzono obecno\u015b\u0107 bakterii grupy coli. Jednocze\u015bnie nie wykryto bakterii chorobotw\u00f3rczych, takich jak\u00a0Escherichia coli\u00a0czy enterokoki.<\/p>\n<p>W zwi\u0105zku z wynikami bada\u0144\u00a0woda w wymienionych obszarach jest warunkowo przydatna do spo\u017cycia \u2013 wy\u0142\u0105cznie po uprzednim przegotowaniu.<\/p>\n<p>Jak post\u0119powa\u0107?&#13;<br \/>\nMieszka\u0144cy powinni:<br \/>Gotowa\u0107 wod\u0119 przez co najmniej 2 minuty, a nast\u0119pnie pozostawi\u0107 j\u0105 do naturalnego ostudzenia.<br \/>U\u017cywa\u0107 wy\u0142\u0105cznie przegotowanej wody do:<br \/>&#13;<\/p>\n<ul>&#13;<\/p>\n<li>picia i przygotowywania napoj\u00f3w,<\/li>\n<p>&#13;<\/p>\n<li>przygotowywania posi\u0142k\u00f3w,<\/li>\n<p>&#13;<\/p>\n<li>mycia surowych warzyw i owoc\u00f3w,<\/li>\n<p>&#13;<\/p>\n<li>mycia z\u0119b\u00f3w,<\/li>\n<p>&#13;<\/p>\n<li>mycia naczy\u0144,<\/li>\n<p>&#13;<\/p>\n<li>k\u0105pieli niemowl\u0105t i noworodk\u00f3w.<\/li>\n<p>&#13;\n<\/ul>\n<p>&#13;<br \/>\nWoda nieprzegotowana\u00a0powinna by\u0107 wykorzystywana jedynie do cel\u00f3w sanitarnych i porz\u0105dkowych.Trwaj\u0105ce dzia\u0142ania&#13;<br \/>\nS\u0142u\u017cby techniczne oraz Pa\u0144stwowy Powiatowy Inspektorat Sanitarny prowadz\u0105 intensywne prace maj\u0105ce na celu przywr\u00f3cenie jako\u015bci wody zgodnej z obowi\u0105zuj\u0105cym Rozporz\u0105dzeniem Ministra Zdrowia z 7 grudnia 2017 r. dotycz\u0105cym jako\u015bci wody przeznaczonej do spo\u017cycia przez ludzi.<\/p>\n","protected":false},"excerpt":{"rendered":"W pr\u00f3bkach wody z cz\u0119\u015bci Gdy\u0144skiego Systemu Wodoci\u0105gowego wykryto bakterie grupy coli. Woda w kilku dzielnicach jest\u00a0warunkowo przydatna&hellip;\n","protected":false},"author":2,"featured_media":116628,"comment_status":"","ping_status":"","sticky":false,"template":"","format":"standard","meta":{"footnotes":""},"categories":[5],"tags":[32,33,36,37,27,34,35,28,31,25,42,38,40,39,41,29,30,26],"class_list":{"0":"post-116627","1":"post","2":"type-post","3":"status-publish","4":"format-standard","5":"has-post-thumbnail","7":"category-naglowki","8":"tag-breaking-news","9":"tag-breakingnews","10":"tag-featured-news","11":"tag-featurednews","12":"tag-headlines","13":"tag-latest-news","14":"tag-latestnews","15":"tag-naglowki","16":"tag-najwazniejsze-artykuly","17":"tag-news","18":"tag-pl","19":"tag-poland","20":"tag-polish","21":"tag-polska","22":"tag-polski","23":"tag-top-stories","24":"tag-topstories","25":"tag-wiadomosci"},"share_on_mastodon":{"url":"https:\/\/pubeurope.com\/@pl\/115606534553856422","error":""},"_links":{"self":[{"href":"https:\/\/www.europesays.com\/pl\/wp-json\/wp\/v2\/posts\/116627","targetHints":{"allow":["GET"]}}],"collection":[{"href":"https:\/\/www.europesays.com\/pl\/wp-json\/wp\/v2\/posts"}],"about":[{"href":"https:\/\/www.europesays.com\/pl\/wp-json\/wp\/v2\/types\/post"}],"author":[{"embeddable":true,"href":"https:\/\/www.europesays.com\/pl\/wp-json\/wp\/v2\/users\/2"}],"replies":[{"embeddable":true,"href":"https:\/\/www.europesays.com\/pl\/wp-json\/wp\/v2\/comments?post=116627"}],"version-history":[{"count":0,"href":"https:\/\/www.europesays.com\/pl\/wp-json\/wp\/v2\/posts\/116627\/revisions"}],"wp:featuredmedia":[{"embeddable":true,"href":"https:\/\/www.europesays.com\/pl\/wp-json\/wp\/v2\/media\/116628"}],"wp:attachment":[{"href":"https:\/\/www.europesays.com\/pl\/wp-json\/wp\/v2\/media?parent=116627"}],"wp:term":[{"taxonomy":"category","embeddable":true,"href":"https:\/\/www.europesays.com\/pl\/wp-json\/wp\/v2\/categories?post=116627"},{"taxonomy":"post_tag","embeddable":true,"href":"https:\/\/www.europesays.com\/pl\/wp-json\/wp\/v2\/tags?post=116627"}],"curies":[{"name":"wp","href":"https:\/\/api.w.org\/{rel}","templated":true}]}}