{"id":116674,"date":"2025-11-24T20:55:10","date_gmt":"2025-11-24T20:55:10","guid":{"rendered":"https:\/\/www.europesays.com\/pl\/116674\/"},"modified":"2025-11-24T20:55:10","modified_gmt":"2025-11-24T20:55:10","slug":"chelm-szykuje-sylwestra-z-tv-republika-stacja-prosi-o-rekordowe-wsparcie","status":"publish","type":"post","link":"https:\/\/www.europesays.com\/pl\/116674\/","title":{"rendered":"Che\u0142m szykuje sylwestra z TV Republika. Stacja prosi o rekordowe wsparcie"},"content":{"rendered":"<p data-section=\"detail-body\">Wed\u0142ug serwisu jawnylublin.pl, dok\u0142adna kwota dofinansowania wpisana w dokumentach zarz\u0105du wojew\u00f3dztwa wynosi 2 466 150 z\u0142. \u015arodki maj\u0105 pochodzi\u0107 z puli przeznaczonej na promocj\u0119 jednostek samorz\u0105du terytorialnego. Jak zauwa\u017caj\u0105 lokalni dziennikarze, marsza\u0142ek wojew\u00f3dztwa mo\u017ce przyzna\u0107 stacji ni\u017csz\u0105 kwot\u0119 wsparcia.<\/p>\n<p class=\"article_p\" data-section=\"detail-body\">Czytaj te\u017c: <a href=\"https:\/\/businessinsider.com.pl\/biznes\/republika-chce-powalczyc-z-allegro-i-amazonem-nowy-projekt\/j14hc7x\" id=\"ebd57919-850f-4ecf-a412-19f4b2d8aa81\" rel=\"nofollow noopener\" target=\"_blank\">Republika chce powalczy\u0107 z Allegro i Amazonem. Nowy projekt<\/a><\/p>\n<p>        Organizacja sylwestra TV Republika. &#8222;Oszcz\u0119dnie, ale z rozmachem&#8221;<\/p>\n<p class=\"article_p\" data-section=\"detail-body\">&#8222;My i tak do tego bardzo mocno dok\u0142adamy. Dla wojew\u00f3dztwa to gigantyczna promocja, wielkie o\u017cywienie gospodarcze. Chodzi o turystyk\u0119 i pe\u0142ne restauracje, pe\u0142ne hotele. Niech pan spr\u00f3buje kupi\u0107 nocleg w Che\u0142mie. Nied\u0142ugo nie b\u0119dzie ju\u017c miejsc noclegowych w Lublinie&#8221; \u2014 m\u00f3wi Tomasz Sakiewicz portalowi wirtualnemedia.pl.<\/p>\n<p class=\"article_p\" data-section=\"detail-body\">Obecnie stacja nie ma jeszcze podpisanych um\u00f3w z gwiazdami. &#8222;My\u015bl\u0119, \u017ce personalia poznamy ko\u0142o 10 grudnia. To gwiazdy pierwszej p\u00f3\u0142ki, i polskie, i zagraniczne. Polskie zespo\u0142y graj\u0105 z mi\u0142o\u015bci do regionu, zagraniczne kieruj\u0105 si\u0119 bardziej tym, jak\u0105 kwot\u0119 dostan\u0105&#8221; \u2014 t\u0142umaczy Sakiewicz.<\/p>\n<p>            Czytaj tak\u017ce w BUSINESS INSIDER<\/p>\n<p class=\"article_p\" data-section=\"detail-body\">Dodatkowo trwaj\u0105 rozmowy TV Republika z miastem Che\u0142m w sprawie dofinansowania, przy czym kwota, o kt\u00f3r\u0105 si\u0119 m\u00f3wi, wynosi od 600 do 800 tys. z\u0142, z przewag\u0105 tej wy\u017cszej warto\u015bci, jak pisze portal wirtualnemedia.pl.<\/p>\n<p class=\"article_p\" data-section=\"detail-body\">Czytaj te\u017c: <a href=\"https:\/\/businessinsider.com.pl\/wiadomosci\/tv-republika-inwestuje-w-nowe-wozy-za-pieniadze-widzow\/pmr2v75\" id=\"118840de-ccfd-46b3-9f57-29ddc98472be\" rel=\"nofollow noopener\" target=\"_blank\">5,5 mln z\u0142 dla TV Republika. Niespodziewana decyzja o zmianie celu<\/a><\/p>\n<p>        Poprzedni sylwester i ogl\u0105dalno\u015b\u0107<\/p>\n<p class=\"article_p\" data-section=\"detail-body\">To ju\u017c drugi sylwester w Che\u0142mie organizowany przez TV Republika. Jak m\u00f3wi\u0142 pod koniec pa\u017adziernika dla portalu wirtualnemedia.pl Jaros\u0142aw Olechowski, szef wydawc\u00f3w stacji, plan jest taki, aby impreza wygl\u0105da\u0142a podobnie jak w ubieg\u0142ym roku. &#8222;Znaj\u0105c stawki, jakie TVP p\u0142aci\u0142a za sylwestra, my robimy to za mniej wi\u0119cej 30 proc. bud\u017cetu TVP&#8221; \u2014 dodawa\u0142 Olechowski.<\/p>\n<p class=\"article_p\" data-section=\"detail-body\">W zesz\u0142ym roku na scenie wyst\u0105pi\u0142y m.in. Bayer Full, MIG, Pi\u0119kni i M\u0142odzi, Defis, Don Vasyl, Milano, Elwira Mejk, Playboys, Andrzej Rosiewicz, Lombard, Kombi, Weekend, Top One, a tak\u017ce zagraniczne gwiazdy: Boney M., Captain Jack i Bad Boys Blue. Sylwestra prowadzi\u0142y dwa duety: Rafa\u0142 Patyra z Ann\u0105 Popek oraz Natalia Rze\u017aniczak z Adrianem Boreckim.<\/p>\n<p class=\"article_p\" data-section=\"detail-body\">\u015arednia ogl\u0105dalno\u015b\u0107 transmisji wynios\u0142a 1,332 mln widz\u00f3w, co prze\u0142o\u017cy\u0142o si\u0119 na 10,7 proc. udzia\u0142u w grupie 4+ i 6,8 proc. w grupie 16\u201359. Wyniki te by\u0142y ni\u017csze ni\u017c imprezy konkurencji \u2014 w Polsacie w Toruniu \u015brednia wynios\u0142a 3,06 mln, a w TVP2 w Chorzowie 1,91 mln widz\u00f3w, pisze portal wirtualnemedia.pl.<\/p>\n<p class=\"article_p\" data-section=\"detail-body\">W tym roku sylwester Polsatu odb\u0119dzie si\u0119 ponownie w Toruniu, a TVP w Katowicach. G\u00f3rno\u015bl\u0105sko-Zag\u0142\u0119biowska Metropolia zap\u0142aci TVP za wsp\u00f3\u0142organizacj\u0119 imprezy 6 mln z\u0142<\/p>\n","protected":false},"excerpt":{"rendered":"Wed\u0142ug serwisu jawnylublin.pl, dok\u0142adna kwota dofinansowania wpisana w dokumentach zarz\u0105du wojew\u00f3dztwa wynosi 2 466 150 z\u0142. \u015arodki maj\u0105&hellip;\n","protected":false},"author":2,"featured_media":116675,"comment_status":"","ping_status":"","sticky":false,"template":"","format":"standard","meta":{"footnotes":""},"categories":[5],"tags":[32,33,36,37,27,34,35,28,31,25,42,38,40,39,41,29,30,26],"class_list":{"0":"post-116674","1":"post","2":"type-post","3":"status-publish","4":"format-standard","5":"has-post-thumbnail","7":"category-naglowki","8":"tag-breaking-news","9":"tag-breakingnews","10":"tag-featured-news","11":"tag-featurednews","12":"tag-headlines","13":"tag-latest-news","14":"tag-latestnews","15":"tag-naglowki","16":"tag-najwazniejsze-artykuly","17":"tag-news","18":"tag-pl","19":"tag-poland","20":"tag-polish","21":"tag-polska","22":"tag-polski","23":"tag-top-stories","24":"tag-topstories","25":"tag-wiadomosci"},"share_on_mastodon":{"url":"https:\/\/pubeurope.com\/@pl\/115606672191982698","error":""},"_links":{"self":[{"href":"https:\/\/www.europesays.com\/pl\/wp-json\/wp\/v2\/posts\/116674","targetHints":{"allow":["GET"]}}],"collection":[{"href":"https:\/\/www.europesays.com\/pl\/wp-json\/wp\/v2\/posts"}],"about":[{"href":"https:\/\/www.europesays.com\/pl\/wp-json\/wp\/v2\/types\/post"}],"author":[{"embeddable":true,"href":"https:\/\/www.europesays.com\/pl\/wp-json\/wp\/v2\/users\/2"}],"replies":[{"embeddable":true,"href":"https:\/\/www.europesays.com\/pl\/wp-json\/wp\/v2\/comments?post=116674"}],"version-history":[{"count":0,"href":"https:\/\/www.europesays.com\/pl\/wp-json\/wp\/v2\/posts\/116674\/revisions"}],"wp:featuredmedia":[{"embeddable":true,"href":"https:\/\/www.europesays.com\/pl\/wp-json\/wp\/v2\/media\/116675"}],"wp:attachment":[{"href":"https:\/\/www.europesays.com\/pl\/wp-json\/wp\/v2\/media?parent=116674"}],"wp:term":[{"taxonomy":"category","embeddable":true,"href":"https:\/\/www.europesays.com\/pl\/wp-json\/wp\/v2\/categories?post=116674"},{"taxonomy":"post_tag","embeddable":true,"href":"https:\/\/www.europesays.com\/pl\/wp-json\/wp\/v2\/tags?post=116674"}],"curies":[{"name":"wp","href":"https:\/\/api.w.org\/{rel}","templated":true}]}}