{"id":116712,"date":"2025-11-24T21:24:15","date_gmt":"2025-11-24T21:24:15","guid":{"rendered":"https:\/\/www.europesays.com\/pl\/116712\/"},"modified":"2025-11-24T21:24:15","modified_gmt":"2025-11-24T21:24:15","slug":"skoki-narciarskie-r-kobayashi-zrownal-sie-z-ahonenem-pierwsze-podium-hoffmanna","status":"publish","type":"post","link":"https:\/\/www.europesays.com\/pl\/116712\/","title":{"rendered":"Skoki narciarskie. R. Kobayashi zr\u00f3wna\u0142 si\u0119 z Ahonenem, pierwsze podium Hoffmanna"},"content":{"rendered":"<p><a href=\"https:\/\/vitay.pl\/rabaty\" target=\"_blank\" rel=\"nofollow noopener\"><img decoding=\"async\" class=\"hidden-sm hidden-xs img-responsive lazyload\" src=\"https:\/\/www.europesays.com\/pl\/wp-content\/uploads\/2025\/11\/1764019453_764_840x70 - belka gorna w wiadomosciach.png\" alt=\"\" title=\"Orlen\" style=\"\" loading=\"lazy\"\/><img decoding=\"async\" class=\"hidden-md hidden-lg img-responsive lazyload\" src=\"https:\/\/www.europesays.com\/pl\/wp-content\/uploads\/2025\/11\/1764019453_764_840x70 - belka gorna w wiadomosciach.png\" alt=\"\" title=\"Orlen\" loading=\"lazy\"\/><\/a><\/p>\n<p>                                                                    <img decoding=\"async\" src=\"https:\/\/www.europesays.com\/pl\/wp-content\/uploads\/2025\/11\/kobayashi_2025-11-23_18-52-00.jpg\" _data-fancybox=\"gallery37475\" _data-caption=\"Ryoyu Kobayashi\" class=\"img-responsive lazyload\" alt=\"Ryoyu Kobayashi\" title=\"Ryoyu Kobayashi\"\/><\/p>\n<p>                                            Ryoyu Kobayashi                                        <\/p>\n<p>                                            fot. Tadeusz Mieczy\u0144ski                                        <\/p>\n<p>Po niedzielnym triumfie nowym liderem Pucharu \u015awiata zosta\u0142 Ryoyu Kobayashi. Wraz ze szcz\u0119\u015bliwym Japo\u0144czykiem na podium stan\u0119li Domen Prevc i Felix Hoffmann. Niemiec wywalczy\u0142 swoje pierwsze podium w karierze.<\/p>\n<p>                            <a class=\"fancybox\" href=\"https:\/\/www.europesays.com\/pl\/wp-content\/uploads\/2025\/11\/kobayashi_2025-11-23_18-52-00.jpg\" data-fancybox=\"gallery37475\" data-caption=\"Ryoyu Kobayashi, fot. Tadeusz Mieczy\u0144ski\"><img decoding=\"async\" class=\"img-responsive lazyload\" src=\"https:\/\/www.europesays.com\/pl\/wp-content\/uploads\/2025\/11\/280x190_q80_kobayashi_2025-11-23_18-52-00.jpg\" alt=\"Ryoyu Kobayashi\" title=\"Ryoyu Kobayashi\"\/><\/a>Ryoyu Kobayashi<\/p>\n<p>\u2013 Jestem naprawd\u0119 szcz\u0119\u015bliwy i zadowolony ze swoich skok\u00f3w \u2013 m\u00f3wi\u0142 Ryoyu Kobayashi, kt\u00f3ry wywalczy\u0142 36. wygran\u0105 w Pucharze \u015awiata. Tym samym reprezentant Kraju Kwitn\u0105cej Wi\u015bni zr\u00f3wna\u0142 si\u0119 liczb\u0105 zwyci\u0119stw z Janne Ahonenem.\u00a0<\/p>\n<p>\u2013 Teraz przed nami Falun, w kt\u00f3rym jeszcze nie by\u0142em, dlatego jestem bardzo podekscytowany \u2013 doda\u0142 Japo\u0144czyk.<\/p>\n<p>Na drugim miejscu zameldowa\u0142 si\u0119 Domen Prevc, kt\u00f3ry przyzna\u0142, \u017ce nie spodziewa\u0142 si\u0119, \u017ce sezon rozpocznie si\u0119 dla niego tak dobrze.\u00a0<\/p>\n<p>\u2013 Bardzo mnie to cieszy, bo nie spodziewa\u0142em si\u0119 a\u017c takich wynik\u00f3w. Wiedzia\u0142em, \u017ce jestem w formie i jestem zadowolony, \u017ce uda\u0142o mi si\u0119 to prze\u0142o\u017cy\u0107 na konkursy \u2013 m\u00f3wi\u0142 nam tu\u017c po konkursie S\u0142oweniec. \u2013 Sezon jest d\u0142ugi i mam nadziej\u0119, \u017ce b\u0119d\u0119 robi\u0142 post\u0119py przez ca\u0142\u0105 zim\u0119 \u2013 podkre\u015bli\u0142.<\/p>\n<p>Na najni\u017cszym stopniu podium stan\u0105\u0142 Felix Hoffmann. 28-latek zaledwie w sobot\u0119 po raz pierwszy zameldowa\u0142 si\u0119 w czo\u0142owej dziesi\u0105tce, a takie zako\u0144czenie weekendu spot\u0119gowa\u0142o jego rado\u015b\u0107.<\/p>\n<p>\u2013 Zyska\u0142em du\u017co pewno\u015bci siebie przez ten weekend. W sobot\u0119 ten drugi konkursowy skok nie by\u0142 najlepszy, dlatego cieszy\u0142a mnie lokata w pierwszej dziesi\u0105tce \u2013 opowiada\u0142 Niemiec. \u2013 W niedziel\u0119 uda\u0142o mi si\u0119 odda\u0107 dwa solidne skoki, z dobr\u0105 faz\u0105 lotu i dobrym l\u0105dowaniem. Czuj\u0119 si\u0119 pewnie \u2013 podkre\u015bli\u0142.<\/p>\n<p>korespondencja z Lillehammer, Kinga Marchela<\/p>\n<p><a href=\"https:\/\/vitay.pl\/rabaty\" target=\"_blank\" rel=\"nofollow noopener\"><img decoding=\"async\" class=\"hidden-sm hidden-xs img-responsive lazyload\" src=\"https:\/\/www.europesays.com\/pl\/wp-content\/uploads\/2025\/11\/1764019455_671_840x50 - belka dolna w wiadomosciach-1.png\" alt=\"\" title=\"Orlen\" style=\"\" loading=\"lazy\"\/><img decoding=\"async\" class=\"hidden-md hidden-lg img-responsive lazyload\" src=\"https:\/\/www.europesays.com\/pl\/wp-content\/uploads\/2025\/11\/1764019455_671_840x50 - belka dolna w wiadomosciach-1.png\" alt=\"\" title=\"Orlen\" loading=\"lazy\"\/><\/a><\/p>\n<p>                                    Kinga Marchela,<br \/>\n                                    \u017ar\u00f3d\u0142o: Informacja w\u0142asna\n                            <\/p>\n<p>\n                                    ogl\u0105dalno\u015b\u0107: (1812)<br \/>\n                                    komentarze: (2)\n                                <\/p>\n","protected":false},"excerpt":{"rendered":"Ryoyu Kobayashi fot. Tadeusz Mieczy\u0144ski Po niedzielnym triumfie nowym liderem Pucharu \u015awiata zosta\u0142 Ryoyu Kobayashi. Wraz ze szcz\u0119\u015bliwym&hellip;\n","protected":false},"author":2,"featured_media":116713,"comment_status":"","ping_status":"","sticky":false,"template":"","format":"standard","meta":{"footnotes":""},"categories":[24],"tags":[1574,1546,1557,1558,1561,1573,1571,1563,291,1553,1564,1549,1551,1543,1550,1562,1547,1565,1540,1568,1544,42,38,40,39,41,1554,1359,1567,1560,1559,1566,1556,1569,1539,1538,1555,127,126,1552,1541,1548,1542,1570,1572,645,1545],"class_list":{"0":"post-116712","1":"post","2":"type-post","3":"status-publish","4":"format-standard","5":"has-post-thumbnail","7":"category-sport","8":"tag-4skocznie","9":"tag-adam","10":"tag-adam-malysz","11":"tag-adammalysz","12":"tag-coc","13":"tag-czteryskocznie","14":"tag-fis","15":"tag-fis-cup","16":"tag-historia","17":"tag-horngacher","18":"tag-io","19":"tag-kobayashi","20":"tag-kraft","21":"tag-kuba","22":"tag-kubacki","23":"tag-lotos-cup","24":"tag-malysz","25":"tag-ms","26":"tag-narciarskie","27":"tag-narty","28":"tag-piotrek","29":"tag-pl","30":"tag-poland","31":"tag-polish","32":"tag-polska","33":"tag-polski","34":"tag-polskie","35":"tag-ranking","36":"tag-ski-jumping","37":"tag-skijump","38":"tag-skijumping","39":"tag-skoczkowie","40":"tag-skocznia","41":"tag-skocznie","42":"tag-skoki","43":"tag-skoki-narciarskie","44":"tag-skokinarciarskie","45":"tag-sport","46":"tag-sports","47":"tag-stefan","48":"tag-stoch","49":"tag-wellinger","50":"tag-wolny","51":"tag-zakopane","52":"tag-zawody","53":"tag-zdjecia","54":"tag-zyla"},"share_on_mastodon":{"url":"","error":"Validation failed: Text character limit of 500 exceeded"},"_links":{"self":[{"href":"https:\/\/www.europesays.com\/pl\/wp-json\/wp\/v2\/posts\/116712","targetHints":{"allow":["GET"]}}],"collection":[{"href":"https:\/\/www.europesays.com\/pl\/wp-json\/wp\/v2\/posts"}],"about":[{"href":"https:\/\/www.europesays.com\/pl\/wp-json\/wp\/v2\/types\/post"}],"author":[{"embeddable":true,"href":"https:\/\/www.europesays.com\/pl\/wp-json\/wp\/v2\/users\/2"}],"replies":[{"embeddable":true,"href":"https:\/\/www.europesays.com\/pl\/wp-json\/wp\/v2\/comments?post=116712"}],"version-history":[{"count":0,"href":"https:\/\/www.europesays.com\/pl\/wp-json\/wp\/v2\/posts\/116712\/revisions"}],"wp:featuredmedia":[{"embeddable":true,"href":"https:\/\/www.europesays.com\/pl\/wp-json\/wp\/v2\/media\/116713"}],"wp:attachment":[{"href":"https:\/\/www.europesays.com\/pl\/wp-json\/wp\/v2\/media?parent=116712"}],"wp:term":[{"taxonomy":"category","embeddable":true,"href":"https:\/\/www.europesays.com\/pl\/wp-json\/wp\/v2\/categories?post=116712"},{"taxonomy":"post_tag","embeddable":true,"href":"https:\/\/www.europesays.com\/pl\/wp-json\/wp\/v2\/tags?post=116712"}],"curies":[{"name":"wp","href":"https:\/\/api.w.org\/{rel}","templated":true}]}}