{"id":116720,"date":"2025-11-24T21:30:09","date_gmt":"2025-11-24T21:30:09","guid":{"rendered":"https:\/\/www.europesays.com\/pl\/116720\/"},"modified":"2025-11-24T21:30:09","modified_gmt":"2025-11-24T21:30:09","slug":"szesc-goli-to-jeszcze-nic-niemozliwe-sceny-w-meczu-ekstraklasy","status":"publish","type":"post","link":"https:\/\/www.europesays.com\/pl\/116720\/","title":{"rendered":"Sze\u015b\u0107 goli to jeszcze nic! Niemo\u017cliwe sceny w meczu Ekstraklasy"},"content":{"rendered":"<p class=\"Paragraph_desktopParagraph__Fd2e9\">W poprzednim sezonie zaj\u0119li czwarte miejsce i zagrali w finale Pucharu Polski, a teraz&#8230; mieli tylko punkt przewagi nad stref\u0105 spadkow\u0105! Pogo\u0144 Szczecin mimo naprawd\u0119 mocnej kadry kompletnie zawodzi\u0142a i liczy\u0142a na prze\u0142amanie. O to nie mog\u0142o by\u0107 jednak \u0142atwo w starciu z Zag\u0142\u0119biem Lubin, kt\u00f3re pod wodz\u0105 Leszka Ojrzy\u0144skiego regularnie punktowa\u0142o.<\/p>\n<p class=\"VideoPlayerText_videoPlayerText__zrtJk\">Dalszy ci\u0105g materia\u0142u pod wideo<\/p>\n<p class=\"Paragraph_desktopParagraph__Fd2e9\">Wystarczy\u0142o spojrze\u0107 na tabel\u0119. Miedziowi po czterech meczach z rz\u0119du bez pora\u017cki stawali przed szans\u0105, by zr\u00f3wna\u0107 si\u0119 punktami z Lechem Pozna\u0144! Ostatnie dwa mecze z Portowcami jednak przegrali. A to sprawia\u0142o, \u017ce emocji nie mog\u0142o zabrakn\u0105\u0107.<\/p>\n<p class=\"Paragraph_desktopParagraph__Fd2e9\">Na kogo mogli liczy\u0107 kibice obu zespo\u0142\u00f3w? U gospodarzy w ofensywie b\u0142yszcza\u0142 przede wszystkim Leonardo Rocha, a z drugiej strony klas\u0119 wci\u0105\u017c udowadnia\u0142 Kamil Grosicki, kt\u00f3remu niezwykle zale\u017ca\u0142o na wyci\u0105gni\u0119ciu dru\u017cyny z do\u0142ka.<\/p>\n<p class=\"Paragraph_desktopParagraph__Fd2e9\">Strzelanie rozpocz\u0105\u0142 jednak kto\u015b inny i to ju\u017c w trzeciej minucie gry! Pogo\u0144 zn\u00f3w \u015bwietnie wykona\u0142a rzut ro\u017cny, pi\u0142k\u0119 w stron\u0119 bramki zgrywa\u0142 Danijel Loncar, a do siatki z bliska trafi\u0142 Dimitrios Keramitsis i Portowcy nie mogli marzy\u0107 o lepszym pocz\u0105tku!<\/p>\n<p class=\"Paragraph_desktopParagraph__Fd2e9\">Kto zawini\u0142 przy tej bramce? Problemy z wybiciem pi\u0142ki z w\u0142asnego pola karnego mia\u0142 Aleks \u0141awniczak, kt\u00f3ry nied\u0142ugo p\u00f3\u017aniej m\u00f3g\u0142 idealnie odpowiedzie\u0107 na ten b\u0142\u0105d. Obro\u0144ca Miedziowych zn\u00f3w doszed\u0142 do pozycji strzeleckiej, wyskoczy\u0142 najwy\u017cej w polu karnym, ale tym razem zabrak\u0142o mu niewiele, by odda\u0107 celny strza\u0142.<\/p>\n<p class=\"Paragraph_desktopParagraph__Fd2e9\">Do tego w s\u0142upek trafi\u0142 jeszcze Jakub Kolan i cho\u0107 to Pogo\u0144 szybko wysz\u0142a na prowadzenie, to wi\u0119cej z gry mia\u0142o Zag\u0142\u0119bie, kt\u00f3re walczy\u0142o o wyr\u00f3wnanie. A wtedy sta\u0142o si\u0119 co\u015b, co trudno by\u0142o przewidzie\u0107!<\/p>\n<p>Niesamowite chwile Pogoni Szczecin! Rywale nie dowierzali<\/p>\n<p class=\"Paragraph_desktopParagraph__Fd2e9\">No to skoro Pogo\u0144 prowadzi\u0142a, ale wi\u0119cej okazji stwarza\u0142o Zag\u0142\u0119bie, to nied\u0142ugo obserwowali\u015bmy remis? Wr\u0119cz przeciwnie! Pogo\u0144 Szczecin strzeli\u0142a dwie kolejne bramki i to w ci\u0105gu kilkudziesi\u0119ciu sekund!<\/p>\n<p class=\"Paragraph_desktopParagraph__Fd2e9\">Najpierw z prawej strony zagrywa\u0142 Linus Wahlqvist, a ze spokojem z rywalami w polu karnym poradzi\u0142 sobie Rajmund Molnar, a po chwili rywale wybili pi\u0142k\u0119, kt\u00f3ra zmierza\u0142a do Kamila Grosickiego, a ta trafi\u0142a idealnie pod nogi Adriana Przyborka, kt\u00f3ry hukn\u0105\u0142 sprzed pola karnego i pokona\u0142 Jasmina Buricia!<\/p>\n<p>Zag\u0142\u0119bie Lubin musia\u0142o reagowa\u0107. I od razu sta\u0142o si\u0119 to!<\/p>\n<p class=\"Paragraph_desktopParagraph__Fd2e9\">Zag\u0142\u0119bie mog\u0142o nawet prowadzi\u0107, a przegrywa\u0142o 0:3 i Leszek Ojrzy\u0144ski musia\u0142 zareagowa\u0107. Ju\u017c po przerwie na murawie pojawili si\u0119 Jesus D\u00edaz, Mateusz Dziewiatowski i Josip Corluka. A to od razu przynios\u0142o efekty!<\/p>\n<p class=\"Paragraph_desktopParagraph__Fd2e9\">Niewiele po wznowieniu gry z lewej strony \u015bwietnie do\u015brodkowywa\u0142 Kajetan Szmyt, a gola strzeli\u0142 w\u0142a\u015bnie zmiennik, Dziewatowski! Gorzej sko\u0144czy\u0142a si\u0119 za to zmiana Diaza, kt\u00f3ry&#8230; od razu nabawi\u0142 si\u0119 kontuzji kolana i zosta\u0142 zast\u0105piony przez Mateusza Wdowiaka.<\/p>\n<p class=\"Paragraph_desktopParagraph__Fd2e9\">A to by\u0142 dopiero pocz\u0105tek wielkich emocji! Nied\u0142ugo p\u00f3\u017aniej w polu karnym upad\u0142 Leonardo Rocha, s\u0119dzia d\u0142ugo sprawdza\u0142 powt\u00f3rk\u0119 tej akcji, a wtedy okaza\u0142o si\u0119, \u017ce gospodarzom si\u0119 upiek\u0142o! Na pozycji spalonej by\u0142 bowiem Szmyt.<\/p>\n<p class=\"Paragraph_desktopParagraph__Fd2e9\">No to po chwili wszytko wygl\u0105da\u0142o podobnie w drugim polu karnym. W nim pad\u0142 Mor N&#8217;Diaye, s\u0119dzia podyktowa\u0142 jedenastk\u0119, ale ca\u0142a akcja zn\u00f3w by\u0142a d\u0142ugo sprawdzana. Tym razem o anulowaniu rzutu karnego nie by\u0142o jednak mowy, Kamil Grosicki odda\u0142 pi\u0142k\u0119 Samowi Greenwoodowi, a ten mia\u0142 okazj\u0119, by zdoby\u0107 pierwsz\u0105 bramk\u0119 w PKO BP Ekstraklasie, ale trafi\u0142 w s\u0142upek! W\u00f3wczas do pi\u0142ki dopad\u0142 jednak Rajmund Molnar i mimo to Pogo\u0144 wygra\u0142a 5:1!<\/p>\n<p class=\"Paragraph_desktopParagraph__Fd2e9\">Dlaczego 5? Bo po chwili zrehabilitowa\u0142 si\u0119 Greenwood, kt\u00f3ry w ko\u0144cu trafi\u0142 do siatki. I to po efektownym strzale z kilkunastu metr\u00f3w!<\/p>\n<p class=\"Paragraph_desktopParagraph__Fd2e9\">Zwyci\u0119stwo Pogoni sprawia, \u017ce ta&#8230; traci ju\u017c tylko punkt do Zag\u0142\u0119bia! W nast\u0119pnej kolejce Portowcy zagraj\u0105 na wyje\u017adzie z GKS-em Katowice, a Zag\u0142\u0119bie podejmie Jagielloni\u0119 Bia\u0142ystok.<\/p>\n","protected":false},"excerpt":{"rendered":"W poprzednim sezonie zaj\u0119li czwarte miejsce i zagrali w finale Pucharu Polski, a teraz&#8230; mieli tylko punkt przewagi&hellip;\n","protected":false},"author":2,"featured_media":116721,"comment_status":"","ping_status":"","sticky":false,"template":"","format":"standard","meta":{"footnotes":""},"categories":[5],"tags":[32,33,274,36,37,27,67,34,35,28,31,25,42,275,38,40,39,41,136,128,47,135,29,30,26,130,3376],"class_list":{"0":"post-116720","1":"post","2":"type-post","3":"status-publish","4":"format-standard","5":"has-post-thumbnail","7":"category-naglowki","8":"tag-breaking-news","9":"tag-breakingnews","10":"tag-ekstraklasa","11":"tag-featured-news","12":"tag-featurednews","13":"tag-headlines","14":"tag-intextvideo_splayer","15":"tag-latest-news","16":"tag-latestnews","17":"tag-naglowki","18":"tag-najwazniejsze-artykuly","19":"tag-news","20":"tag-pl","21":"tag-pogon_szczecin","22":"tag-poland","23":"tag-polish","24":"tag-polska","25":"tag-polski","26":"tag-ps_detal_new","27":"tag-psv2","28":"tag-screening_general","29":"tag-sport_sport","30":"tag-top-stories","31":"tag-topstories","32":"tag-wiadomosci","33":"tag-wiadomosci_sportowe","34":"tag-zaglebie_lubin"},"share_on_mastodon":{"url":"https:\/\/pubeurope.com\/@pl\/115606809744377495","error":""},"_links":{"self":[{"href":"https:\/\/www.europesays.com\/pl\/wp-json\/wp\/v2\/posts\/116720","targetHints":{"allow":["GET"]}}],"collection":[{"href":"https:\/\/www.europesays.com\/pl\/wp-json\/wp\/v2\/posts"}],"about":[{"href":"https:\/\/www.europesays.com\/pl\/wp-json\/wp\/v2\/types\/post"}],"author":[{"embeddable":true,"href":"https:\/\/www.europesays.com\/pl\/wp-json\/wp\/v2\/users\/2"}],"replies":[{"embeddable":true,"href":"https:\/\/www.europesays.com\/pl\/wp-json\/wp\/v2\/comments?post=116720"}],"version-history":[{"count":0,"href":"https:\/\/www.europesays.com\/pl\/wp-json\/wp\/v2\/posts\/116720\/revisions"}],"wp:featuredmedia":[{"embeddable":true,"href":"https:\/\/www.europesays.com\/pl\/wp-json\/wp\/v2\/media\/116721"}],"wp:attachment":[{"href":"https:\/\/www.europesays.com\/pl\/wp-json\/wp\/v2\/media?parent=116720"}],"wp:term":[{"taxonomy":"category","embeddable":true,"href":"https:\/\/www.europesays.com\/pl\/wp-json\/wp\/v2\/categories?post=116720"},{"taxonomy":"post_tag","embeddable":true,"href":"https:\/\/www.europesays.com\/pl\/wp-json\/wp\/v2\/tags?post=116720"}],"curies":[{"name":"wp","href":"https:\/\/api.w.org\/{rel}","templated":true}]}}