{"id":116738,"date":"2025-11-24T21:44:10","date_gmt":"2025-11-24T21:44:10","guid":{"rendered":"https:\/\/www.europesays.com\/pl\/116738\/"},"modified":"2025-11-24T21:44:10","modified_gmt":"2025-11-24T21:44:10","slug":"teresa-d-ukrywala-jacka-jaworka-przelomowe-zeznania-ciotki-przed-sadem","status":"publish","type":"post","link":"https:\/\/www.europesays.com\/pl\/116738\/","title":{"rendered":"Teresa D. ukrywa\u0142a Jacka Jaworka. Prze\u0142omowe zeznania ciotki przed s\u0105dem"},"content":{"rendered":"<ul class=\"UnorderedList_container__nmfSl\">\n<li class=\"UnorderedList_listElement__Py7xi\" data-id=\"ai-summary-link\">Du\u017co czytania, a ma\u0142o czasu? Sprawd\u017a\u00a0skr\u00f3t\u00a0artyku\u0142u<\/li>\n<\/ul>\n<p class=\"Paragraph_desktopParagraph__U31Gm\">75-letnia Teresa D. zezna\u0142a w poniedzia\u0142ek przed s\u0105dem, \u017ce ukrywa\u0142a w domu <a href=\"https:\/\/wiadomosci.onet.pl\/kraj\/jacek-jaworek-odnaleziony-martwy-tak-wygladaly-pierwsze-godziny-poszukiwan\/zbrfzkt\" id=\"de0e7fe5-0129-4875-a06f-91a32e8ac6d2\" rel=\"nofollow noopener\" target=\"_blank\">Jacka Jaworka<\/a>, poszukiwanego przez policj\u0119 w zwi\u0105zku z <a href=\"https:\/\/www.onet.pl\/informacje\/onetwiadomosci\/mieszkancy-dabrowy-zielonej-o-jacku-jaworku-nie-wierze-ze-to-bylo-samobojstwo\/ct5gry6,79cfc278\" id=\"f5d98ef6-7a0d-4a24-a400-987da6d625fc\" rel=\"nofollow noopener\" target=\"_blank\">potr\u00f3jnym zab\u00f3jstwem w Borowcach ko\u0142o Cz\u0119stochowy<\/a>.<\/p>\n<p class=\"Paragraph_desktopParagraph__U31Gm\">Kobieta potwierdzi\u0142a, \u017ce rozumie zarzut i odm\u00f3wi\u0142a sk\u0142adania wyja\u015bnie\u0144 \u2014 opisuje Radio Katowice.<\/p>\n<p class=\"Paragraph_desktopParagraph__U31Gm\">\u2014 Strach i obawa nie pozwala\u0142y kobiecie na podj\u0119cie innej decyzji \u2014 o\u015bwiadczy\u0142 obro\u0144ca 75-latki, mecenas Tomasz Gola, cytowany przez rozg\u0142o\u015bni\u0119. Adwokat zaapelowa\u0142 tak\u017ce, by nie uto\u017csamia\u0107 zbrodni w Borowcach z zarzutem stawianym jego klientce.<\/p>\n<p class=\"VideoPlayerText_videoPlayerText__iDwyz\">Dalszy ci\u0105g materia\u0142u pod wideo<\/p>\n<ul class=\"OchatFollowUps_wrapper__1ry7X\">\n<li class=\"OchatFollowUps_item__Dhyly OchatFollowUps_itemDesktop__R6aBv\">Dlaczego Teresa D. ukrywa\u0142a Jacka Jaworka?<\/li>\n<li class=\"OchatFollowUps_item__Dhyly OchatFollowUps_itemDesktop__R6aBv\">Jakie s\u0105 konsekwencje prawne dla Teresy D.?<\/li>\n<li class=\"OchatFollowUps_item__Dhyly OchatFollowUps_itemDesktop__R6aBv\">Co znalaz\u0142a policja w domu Teresy D.?<\/li>\n<li class=\"OchatFollowUps_item__Dhyly OchatFollowUps_itemDesktop__R6aBv\">W jakich okoliczno\u015bciach Jacek Jaworek pope\u0142ni\u0142 samob\u00f3jstwo?<\/li>\n<\/ul>\n<p>Jacek Jaworek ukrywa\u0142 si\u0119 u ciotki. Jest akt oskar\u017cenia <\/p>\n<p class=\"Paragraph_desktopParagraph__U31Gm\">10 lipca 2021 r. Jacek Jaworek <a href=\"https:\/\/wiadomosci.onet.pl\/kraj\/jacek-jaworek-odnaleziony-martwy-tak-wygladaly-pierwsze-godziny-poszukiwan\/zbrfzkt\" id=\"1a351807-c8d0-4179-9adc-51e1886ca4ea\" rel=\"nofollow noopener\" target=\"_blank\">w Borowcach ko\u0142o Cz\u0119stochowy zastrzeli\u0142 swojego brata, bratow\u0105 oraz bratanka<\/a>. Po zbrodni m\u0119\u017cczyzna ukrywa\u0142 si\u0119 przez ponad trzy lata. Jego zw\u0142oki znaleziono 19 lipca 2024 r. w le\u017c\u0105cej nieopodal D\u0105browie Zielonej.<\/p>\n<p class=\"Paragraph_desktopParagraph__U31Gm\">\u015aledztwo w sprawie utrudniania post\u0119powania karnego przeciwko Jackowi Jaworkowi zosta\u0142o wszcz\u0119te po znalezieniu jego zw\u0142ok. Dom Teresy D. przeszukano 7 sierpnia 2024 r. Kobieta \u2014 ciotka Jacka Jaworka \u2014 przyzna\u0142a w\u00f3wczas, \u017ce siostrzeniec u niej przebywa\u0142.<\/p>\n<p class=\"Paragraph_desktopParagraph__U31Gm\"><a href=\"https:\/\/wiadomosci.onet.pl\/slask\/brutalna-zbrodnia-w-borowcach-jest-akt-oskarzenia-dla-ciotki-jacka-jaworka\/8ygng6b\" id=\"1772e72a-b6ec-4138-9db8-bc8c294b2e13\" rel=\"nofollow noopener\" target=\"_blank\">Akt oskar\u017cenia przeciwko D. trafi\u0142 do s\u0105du w lipcu<\/a>. Jak informowa\u0142a w\u00f3wczas prokuratura, kobieta by\u0142a wielokrotnie przes\u0142uchiwana podczas \u015bledztwa, cz\u0119\u015bciowo przyzna\u0142a si\u0119 do zarzucanego jej przest\u0119pstwa \u2014 powiedzia\u0142a, \u017ce ukrywa\u0142a siostrze\u0144ca, obawiaj\u0105c si\u0119 o swoje \u017cycie. Wed\u0142ug jej wyja\u015bnie\u0144 Jacek Jaworek przyszed\u0142 do niej 1 listopada 2023 r. w godzinach wieczornych. Jak zapewni\u0142a, nikomu nie powiedzia\u0142a, \u017ce u niej przebywa.<\/p>\n<p class=\"Paragraph_desktopParagraph__U31Gm\">\u015aledczy uznali te wyja\u015bnienia za niewiarygodne. <a href=\"https:\/\/wiadomosci.onet.pl\/slask\/proces-ciotki-jacka-jaworka-ruszy-w-listopadzie-bedzie-toczyl-sie-jawnie\/r4ctxjn\" id=\"c5228bb9-8bcd-4e2b-908d-19ca5b093fd2\" rel=\"nofollow noopener\" target=\"_blank\">Ustalili, \u017ce Jacek Jaworek prowadzi\u0142 remont domu Teresy D., kt\u00f3ra potrzebne materia\u0142y budowlane kupowa\u0142a jesieni\u0105 2022 r<\/a>. Na podstawie opinii bieg\u0142ych z zakresu bada\u0144 daktyloskopijnych i DNA stwierdzono, \u017ce na zabezpieczonych w domu Teresy D. telefonach kom\u00f3rkowych znajduj\u0105 si\u0119 \u015blady nale\u017c\u0105ce do Jacka Jaworka.<\/p>\n<p>To u niej ukrywa\u0142 si\u0119 Jacek Jaworek. Nagra\u0142 film smartwatchem <\/p>\n<p class=\"Paragraph_desktopParagraph__U31Gm\">W trakcie ogl\u0119dzin domu Teresy D. znaleziono kartki z odr\u0119cznymi zapiskami Jacka Jaworka, dotycz\u0105cymi m.in. ilo\u015bci materia\u0142\u00f3w budowlanych. Stwierdzono tak\u017ce wzrost zu\u017cycia pr\u0105du i wody \u2014 opisa\u0142 rzecznik Prokuratury Okr\u0119gowej w Cz\u0119stochowie Tomasz Ozimek.<\/p>\n<p class=\"Paragraph_desktopParagraph__U31Gm\">Bieg\u0142y z zakresu informatyki wskaza\u0142, \u017ce w smartwatchu, kt\u00f3ry nale\u017ca\u0142 do Jacka Jaworka, znajdowa\u0142 si\u0119 film zarejestrowany w domu Teresy D. 22 marca 2023 r. Wida\u0107 na nim Jacka Jaworka przedstawiaj\u0105cego si\u0119 i podaj\u0105cego dat\u0119 nagrania.<\/p>\n<p class=\"Paragraph_desktopParagraph__U31Gm\">Teresie D. za utrudnianie post\u0119powania karnego poprzez ukrywanie Jacka Jaworka grozi kara od trzech miesi\u0119cy do pi\u0119ciu lat pozbawienia wolno\u015bci. Na pocz\u0105tkowym etapie \u015bledztwa przebywa\u0142a w areszcie.<\/p>\n<p>Jacek Jaworek pope\u0142ni\u0142 samob\u00f3jstwo <\/p>\n<p class=\"Paragraph_desktopParagraph__U31Gm\">\u015aledztwo w sprawie potr\u00f3jnego zab\u00f3jstwa w Borowcach zosta\u0142o umorzone ze wzgl\u0119du na \u015bmier\u0107 sprawcy. <a href=\"https:\/\/wiadomosci.onet.pl\/kraj\/jacek-jaworek-odnaleziony-martwy-tak-wygladaly-pierwsze-godziny-poszukiwan\/zbrfzkt\" id=\"dd1f96df-6e97-4e66-899b-38e616b46125\" rel=\"nofollow noopener\" target=\"_blank\">Sekcja zw\u0142ok wskaza\u0142a, \u017ce Jacek Jaworek pope\u0142ni\u0142 samob\u00f3jstwo<\/a>.<\/p>\n<p class=\"Paragraph_desktopParagraph__U31Gm\">Opinia bieg\u0142ych z zakresu balistyki potwierdzi\u0142a, \u017ce u\u017cy\u0142 do tego tej samej broni, z kt\u00f3rej wcze\u015bniej zastrzeli\u0142 cz\u0142onk\u00f3w swojej rodziny.<\/p>\n","protected":false},"excerpt":{"rendered":"Du\u017co czytania, a ma\u0142o czasu? Sprawd\u017a\u00a0skr\u00f3t\u00a0artyku\u0142u 75-letnia Teresa D. zezna\u0142a w poniedzia\u0142ek przed s\u0105dem, \u017ce ukrywa\u0142a w domu&hellip;\n","protected":false},"author":2,"featured_media":116739,"comment_status":"","ping_status":"","sticky":false,"template":"","format":"standard","meta":{"footnotes":""},"categories":[5],"tags":[32,33,25314,2368,36,37,27,67,25313,34,35,28,31,53,25,52,68,51,55,42,38,40,39,41,11238,47,29,30,65,50,26],"class_list":{"0":"post-116738","1":"post","2":"type-post","3":"status-publish","4":"format-standard","5":"has-post-thumbnail","7":"category-naglowki","8":"tag-breaking-news","9":"tag-breakingnews","10":"tag-ciotki","11":"tag-czestochowa","12":"tag-featured-news","13":"tag-featurednews","14":"tag-headlines","15":"tag-intextvideo_splayer","16":"tag-jacek_jaworek","17":"tag-latest-news","18":"tag-latestnews","19":"tag-naglowki","20":"tag-najwazniejsze-artykuly","21":"tag-new_header","22":"tag-news","23":"tag-onet3","24":"tag-onet3d","25":"tag-onet3d_2i","26":"tag-phx","27":"tag-pl","28":"tag-poland","29":"tag-polish","30":"tag-polska","31":"tag-polski","32":"tag-sad_i_sadownictwo","33":"tag-screening_general","34":"tag-top-stories","35":"tag-topstories","36":"tag-update_me","37":"tag-v2021","38":"tag-wiadomosci"},"share_on_mastodon":{"url":"https:\/\/pubeurope.com\/@pl\/115606864813024656","error":""},"_links":{"self":[{"href":"https:\/\/www.europesays.com\/pl\/wp-json\/wp\/v2\/posts\/116738","targetHints":{"allow":["GET"]}}],"collection":[{"href":"https:\/\/www.europesays.com\/pl\/wp-json\/wp\/v2\/posts"}],"about":[{"href":"https:\/\/www.europesays.com\/pl\/wp-json\/wp\/v2\/types\/post"}],"author":[{"embeddable":true,"href":"https:\/\/www.europesays.com\/pl\/wp-json\/wp\/v2\/users\/2"}],"replies":[{"embeddable":true,"href":"https:\/\/www.europesays.com\/pl\/wp-json\/wp\/v2\/comments?post=116738"}],"version-history":[{"count":0,"href":"https:\/\/www.europesays.com\/pl\/wp-json\/wp\/v2\/posts\/116738\/revisions"}],"wp:featuredmedia":[{"embeddable":true,"href":"https:\/\/www.europesays.com\/pl\/wp-json\/wp\/v2\/media\/116739"}],"wp:attachment":[{"href":"https:\/\/www.europesays.com\/pl\/wp-json\/wp\/v2\/media?parent=116738"}],"wp:term":[{"taxonomy":"category","embeddable":true,"href":"https:\/\/www.europesays.com\/pl\/wp-json\/wp\/v2\/categories?post=116738"},{"taxonomy":"post_tag","embeddable":true,"href":"https:\/\/www.europesays.com\/pl\/wp-json\/wp\/v2\/tags?post=116738"}],"curies":[{"name":"wp","href":"https:\/\/api.w.org\/{rel}","templated":true}]}}