{"id":116836,"date":"2025-11-24T23:36:32","date_gmt":"2025-11-24T23:36:32","guid":{"rendered":"https:\/\/www.europesays.com\/pl\/116836\/"},"modified":"2025-11-24T23:36:32","modified_gmt":"2025-11-24T23:36:32","slug":"wulkan-hayli-gubbi-wybuchl-po-raz-pierwszy-w-historii-pyl-siega-az-do-indii","status":"publish","type":"post","link":"https:\/\/www.europesays.com\/pl\/116836\/","title":{"rendered":"Wulkan Hayli Gubbi wybuch\u0142 po raz pierwszy w historii. Py\u0142 si\u0119ga a\u017c do Indii"},"content":{"rendered":"<p class=\"ods-c-paragraph \">Hayli Gubbi, po\u0142o\u017cony w regionie Afar, to wulkan tarczowy nale\u017c\u0105cy do jednego z najbardziej aktywnych wulkanicznie obszar\u00f3w Afryki Wschodniej. Do tej pory brakowa\u0142o dowod\u00f3w na jego aktywno\u015b\u0107 w okresie holocenu, co czyni ten wybuch pierwszym od co najmniej 10 tys. lat.<\/p>\n<p class=\"ods-c-paragraph \">Wed\u0142ug analiz Centrum Doradczego ds. Py\u0142u Wulkanicznego (VAAC), popi\u00f3\u0142 na ni\u017cszych wysoko\u015bciach kierowa\u0142 si\u0119 ku D\u017cibuti i Jemenowi, za\u015b wy\u017csze warstwy przesuwa\u0142y si\u0119 nad Morze Arabskie i dalej na p\u00f3\u0142nocny wsch\u00f3d. Mimo spektakularnego charakteru erupcji nie odnotowano jej wp\u0142ywu na lotnictwo ani na lokalnych mieszka\u0144c\u00f3w.<\/p>\n<p class=\"ods-c-paragraph \">Hayli Gubbi, najdalej wysuni\u0119ty na po\u0142udnie wulkan pasma Erta Ale, pozostawa\u0142 dotychczas w cieniu bardziej aktywnych s\u0105siad\u00f3w. Niedzielna erupcja to wa\u017cne wydarzenie dla naukowc\u00f3w badaj\u0105cych aktywno\u015b\u0107 wulkaniczn\u0105 w regionie.<\/p>\n","protected":false},"excerpt":{"rendered":"Hayli Gubbi, po\u0142o\u017cony w regionie Afar, to wulkan tarczowy nale\u017c\u0105cy do jednego z najbardziej aktywnych wulkanicznie obszar\u00f3w Afryki&hellip;\n","protected":false},"author":2,"featured_media":116837,"comment_status":"","ping_status":"","sticky":false,"template":"","format":"standard","meta":{"footnotes":""},"categories":[5],"tags":[6306,32,33,17269,36,37,27,34,35,28,31,48,25,46,42,38,40,39,41,7682,47,29,30,26,17268],"class_list":{"0":"post-116836","1":"post","2":"type-post","3":"status-publish","4":"format-standard","5":"has-post-thumbnail","7":"category-naglowki","8":"tag-afryka","9":"tag-breaking-news","10":"tag-breakingnews","11":"tag-erupcja","12":"tag-featured-news","13":"tag-featurednews","14":"tag-headlines","15":"tag-latest-news","16":"tag-latestnews","17":"tag-naglowki","18":"tag-najwazniejsze-artykuly","19":"tag-nat_styl","20":"tag-news","21":"tag-omp","22":"tag-pl","23":"tag-poland","24":"tag-polish","25":"tag-polska","26":"tag-polski","27":"tag-przyroda","28":"tag-screening_general","29":"tag-top-stories","30":"tag-topstories","31":"tag-wiadomosci","32":"tag-wulkany"},"share_on_mastodon":{"url":"https:\/\/pubeurope.com\/@pl\/115607305303008062","error":""},"_links":{"self":[{"href":"https:\/\/www.europesays.com\/pl\/wp-json\/wp\/v2\/posts\/116836","targetHints":{"allow":["GET"]}}],"collection":[{"href":"https:\/\/www.europesays.com\/pl\/wp-json\/wp\/v2\/posts"}],"about":[{"href":"https:\/\/www.europesays.com\/pl\/wp-json\/wp\/v2\/types\/post"}],"author":[{"embeddable":true,"href":"https:\/\/www.europesays.com\/pl\/wp-json\/wp\/v2\/users\/2"}],"replies":[{"embeddable":true,"href":"https:\/\/www.europesays.com\/pl\/wp-json\/wp\/v2\/comments?post=116836"}],"version-history":[{"count":0,"href":"https:\/\/www.europesays.com\/pl\/wp-json\/wp\/v2\/posts\/116836\/revisions"}],"wp:featuredmedia":[{"embeddable":true,"href":"https:\/\/www.europesays.com\/pl\/wp-json\/wp\/v2\/media\/116837"}],"wp:attachment":[{"href":"https:\/\/www.europesays.com\/pl\/wp-json\/wp\/v2\/media?parent=116836"}],"wp:term":[{"taxonomy":"category","embeddable":true,"href":"https:\/\/www.europesays.com\/pl\/wp-json\/wp\/v2\/categories?post=116836"},{"taxonomy":"post_tag","embeddable":true,"href":"https:\/\/www.europesays.com\/pl\/wp-json\/wp\/v2\/tags?post=116836"}],"curies":[{"name":"wp","href":"https:\/\/api.w.org\/{rel}","templated":true}]}}