{"id":116886,"date":"2025-11-25T02:24:09","date_gmt":"2025-11-25T02:24:09","guid":{"rendered":"https:\/\/www.europesays.com\/pl\/116886\/"},"modified":"2025-11-25T02:24:09","modified_gmt":"2025-11-25T02:24:09","slug":"nocny-atak-wojsk-putina-na-kijow-rosjanie-trafili-w-22-pietrowy-wiezowiec","status":"publish","type":"post","link":"https:\/\/www.europesays.com\/pl\/116886\/","title":{"rendered":"Nocny atak wojsk Putina na Kij\u00f3w. Rosjanie trafili w 22-pi\u0119trowy wie\u017cowiec"},"content":{"rendered":"<ul class=\"UnorderedList_container__nmfSl\">\n<li class=\"UnorderedList_listElement__Py7xi\" data-id=\"ai-summary-link\">Du\u017co czytania, a ma\u0142o czasu? Sprawd\u017a\u00a0skr\u00f3t\u00a0artyku\u0142u<\/li>\n<\/ul>\n<p class=\"Paragraph_desktopParagraph__U31Gm\">Noc z poniedzia\u0142ku na wtorek by\u0142a kolejn\u0105 niespokojn\u0105 noc\u0105 dla Ukrai\u0144c\u00f3w. &#8222;Eksplozja w Kijowie. Rosjanie trafili w blok mieszkalny&#8221; \u2014 pisa\u0142 Mateusz Lachowski, korespondent wojenny Telewizji Polskiej.<\/p>\n<p class=\"Paragraph_desktopParagraph__U31Gm\">&#8222;Rosjanie prowadz\u0105 zmasowany atak z powietrza na Ukrain\u0119. Wystrzelono rakiety balistyczne i pociski manewruj\u0105ce, u\u017cyto r\u00f3wnie\u017c dron\u00f3w. W Kijowie s\u0142ycha\u0107 by\u0142o eksplozje. W ca\u0142ym kraju og\u0142oszono alarm przeciwlotniczy&#8221; \u2014 ostrzega\u0142 wcze\u015bniej.<\/p>\n<ul class=\"OchatFollowUps_wrapper__1ry7X\">\n<li class=\"OchatFollowUps_item__Dhyly OchatFollowUps_itemDesktop__R6aBv\">Gdzie zosta\u0142 przeprowadzony atak rakietowy?<\/li>\n<li class=\"OchatFollowUps_item__Dhyly OchatFollowUps_itemDesktop__R6aBv\">Kto alarmowa\u0142 o ataku w Kijowie?<\/li>\n<li class=\"OchatFollowUps_item__Dhyly OchatFollowUps_itemDesktop__R6aBv\">Jakie zniszczenia spowodowa\u0142 atak w Bia\u0142ej Cerkwi?<\/li>\n<li class=\"OchatFollowUps_item__Dhyly OchatFollowUps_itemDesktop__R6aBv\">Co si\u0119 wydarzy\u0142o w Taganrogu?<\/li>\n<\/ul>\n<p class=\"Paragraph_desktopParagraph__U31Gm\">Po godz. 1 w nocy mer Kijowa Witalij Kliczko przekaza\u0142, \u017ce trwa ewakuacja mieszka\u0144c\u00f3w 22-pi\u0119trowego budynku mieszkalnego w dzielnicy peczerskiej. \u2014 Zniszczone s\u0105 pi\u0119tra od 4. do 7., a w budynku wybuch\u0142 po\u017car \u2014 m\u00f3wi\u0142. &#8222;Atak wroga na stolic\u0119 trwa. Rakiety nad miastem. Kryjcie si\u0119 w schronach!&#8221; \u2014 alarmowa\u0142 w mediach spo\u0142eczno\u015bciowych.<\/p>\n<p class=\"Paragraph_desktopParagraph__U31Gm\">Zaatakowana zosta\u0142a tak\u017ce podkijowska Bia\u0142a Cerkiew. &#8222;Spokojne osiedla w regionie s\u0105 celem wsp\u00f3lnego ataku terrorystycznego. Niestety, w Bia\u0142ej Cerkwi ranna zosta\u0142a 14-letnia dziewczynka. Wcze\u015bniej mia\u0142a uraz kr\u0119gos\u0142upa \u2014 napisa\u0142 szef kijowskiej administracji wojskowej Myko\u0142a Ka\u0142asznik. Rosjanie uderzyli te\u017c w elektrowni\u0119 w Odessie na po\u0142udniu Ukrainy.<\/p>\n<p class=\"Paragraph_desktopParagraph__U31Gm\">Wcze\u015bniej Rosjanie zaatakowali s\u0142u\u017cby ratunkowe w obwodzie sumskim. &#8222;W Sumach wr\u00f3g \u015bwiadomie zaatakowa\u0142 ratownik\u00f3w i zniszczy\u0142 samoch\u00f3d stra\u017cacki. Ratownicy natychmiast przybyli na miejsce potr\u0105cenia i przyst\u0105pili do gaszenia po\u017caru. I dok\u0142adnie w tym momencie, kiedy dzia\u0142a\u0142y jednostki ratownicze, wr\u00f3g przeprowadzi\u0142 powt\u00f3rny atak&#8221; \u2014 poinformowa\u0142a Pa\u0144stwowa S\u0142u\u017cba Ratownicza Ukrainy, podkre\u015blaj\u0105c, \u017ce na szcz\u0119\u015bcie nie by\u0142o ofiar w ludziach.<\/p>\n<p>Wojna w Ukrainie. Rosjanie trac\u0105 cenny samolot <\/p>\n<p class=\"Paragraph_desktopParagraph__U31Gm\">Ukrai\u0144ski dron zaatakowa\u0142 rosyjski samolot w bazie lotniczej Taganrog, prawdopodobnie samolot laboratoryjny z laserami pok\u0142adowymi A-60. Wed\u0142ug doniesie\u0144 medi\u00f3w zbudowano tylko dwa egzemplarze takiej maszyny.<\/p>\n<p class=\"Paragraph_desktopParagraph__U31Gm\">Ukrai\u0144cy nie oszcz\u0119dzili te\u017c portu w Noworosyjsku. Zosta\u0142 on zaatakowany przez drony. Z kolei dwa budynki mieszkalne i centrum biurowe zosta\u0142y uszkodzone w ataku dron\u00f3w w Krasnodarze \u2014 poinformowa\u0142y s\u0142u\u017cby Kraju Krasnodarskiego.<\/p>\n","protected":false},"excerpt":{"rendered":"Du\u017co czytania, a ma\u0142o czasu? Sprawd\u017a\u00a0skr\u00f3t\u00a0artyku\u0142u Noc z poniedzia\u0142ku na wtorek by\u0142a kolejn\u0105 niespokojn\u0105 noc\u0105 dla Ukrai\u0144c\u00f3w. &#8222;Eksplozja&hellip;\n","protected":false},"author":2,"featured_media":116887,"comment_status":"","ping_status":"","sticky":false,"template":"","format":"standard","meta":{"footnotes":""},"categories":[14],"tags":[32,33,27,64,34,35,28,31,53,25,52,68,51,55,40,41,62,47,80,29,30,390,65,50,26,17341,82,83,84],"class_list":{"0":"post-116886","1":"post","2":"type-post","3":"status-publish","4":"format-standard","5":"has-post-thumbnail","7":"category-swiat","8":"tag-breaking-news","9":"tag-breakingnews","10":"tag-headlines","11":"tag-inwazja_rosji_na_ukraine_2014_","12":"tag-latest-news","13":"tag-latestnews","14":"tag-naglowki","15":"tag-najwazniejsze-artykuly","16":"tag-new_header","17":"tag-news","18":"tag-onet3","19":"tag-onet3d","20":"tag-onet3d_2i","21":"tag-phx","22":"tag-polish","23":"tag-polski","24":"tag-rosja_kraj_rosjanin_rosjanie_rosjanka_rosjanki","25":"tag-screening_general","26":"tag-swiat","27":"tag-top-stories","28":"tag-topstories","29":"tag-ukraina_ukrainiec_ukrainka_ukraincy_ukrainki","30":"tag-update_me","31":"tag-v2021","32":"tag-wiadomosci","33":"tag-witalij_kliczko","34":"tag-world","35":"tag-world-news","36":"tag-worldnews"},"share_on_mastodon":{"url":"","error":"Validation failed: Text character limit of 500 exceeded"},"_links":{"self":[{"href":"https:\/\/www.europesays.com\/pl\/wp-json\/wp\/v2\/posts\/116886","targetHints":{"allow":["GET"]}}],"collection":[{"href":"https:\/\/www.europesays.com\/pl\/wp-json\/wp\/v2\/posts"}],"about":[{"href":"https:\/\/www.europesays.com\/pl\/wp-json\/wp\/v2\/types\/post"}],"author":[{"embeddable":true,"href":"https:\/\/www.europesays.com\/pl\/wp-json\/wp\/v2\/users\/2"}],"replies":[{"embeddable":true,"href":"https:\/\/www.europesays.com\/pl\/wp-json\/wp\/v2\/comments?post=116886"}],"version-history":[{"count":0,"href":"https:\/\/www.europesays.com\/pl\/wp-json\/wp\/v2\/posts\/116886\/revisions"}],"wp:featuredmedia":[{"embeddable":true,"href":"https:\/\/www.europesays.com\/pl\/wp-json\/wp\/v2\/media\/116887"}],"wp:attachment":[{"href":"https:\/\/www.europesays.com\/pl\/wp-json\/wp\/v2\/media?parent=116886"}],"wp:term":[{"taxonomy":"category","embeddable":true,"href":"https:\/\/www.europesays.com\/pl\/wp-json\/wp\/v2\/categories?post=116886"},{"taxonomy":"post_tag","embeddable":true,"href":"https:\/\/www.europesays.com\/pl\/wp-json\/wp\/v2\/tags?post=116886"}],"curies":[{"name":"wp","href":"https:\/\/api.w.org\/{rel}","templated":true}]}}