{"id":116903,"date":"2025-11-25T03:23:08","date_gmt":"2025-11-25T03:23:08","guid":{"rendered":"https:\/\/www.europesays.com\/pl\/116903\/"},"modified":"2025-11-25T03:23:08","modified_gmt":"2025-11-25T03:23:08","slug":"to-dlatego-anita-wlodarczyk-musi-sprzedac-swoje-luksusowe-porsche-przeglad-sportowy-onet","status":"publish","type":"post","link":"https:\/\/www.europesays.com\/pl\/116903\/","title":{"rendered":"To dlatego Anita W\u0142odarczyk musi sprzeda\u0107 swoje luksusowe porsche &#8211; Przegl\u0105d Sportowy Onet"},"content":{"rendered":"<ol>\n<li><a href=\"https:\/\/news.google.com\/rss\/articles\/CBMiswFBVV95cUxOTVdFaVRtUTA0SkRndWhKMVNvN2IwSVM1SnI2U0JNU0QzdEEyMmhibGpmc0RkSnpRZXJvWjcyYVJRWEdSVU1rQWplNXgzektkZjdyWnZLZm4xQXBUeWVMenJERnpJRDZHc0JjdUpsSktWTkRlemk4ZkxDNUNpZjF6VWM5VU9WYWt3V2t0SjlyRmFleW9rbl9sQ0JERGdlNG16d29iZW9ybENvam5uWHQ3aWhiTQ?oc=5\" target=\"_blank\" rel=\"nofollow noopener\">To dlatego Anita W\u0142odarczyk musi sprzeda\u0107 swoje luksusowe porsche<\/a>&nbsp;&nbsp;Przegl\u0105d Sportowy Onet<\/li>\n<li><a href=\"https:\/\/news.google.com\/rss\/articles\/CBMipgFBVV95cUxQM1czNnlkRHlpVVhHcW9BT0pYaC1ELWNOa2VuYjNJSXhENHJYWVdIMkhpZXQ3amVfc2dlTWlWcFhaMG5YbUhpalQzMUpVRFB3NnFaZFhIWEtIaERLRF9MUUJMT2FqQVRhSEFFeVU4TWEzOUhqX09Kb3I0SFJQeGk3VFpxTmRpbjlWVm1uZnRRbkFkMXFydnowdkNYY1RoaXRla0tGMERB?oc=5\" target=\"_blank\" rel=\"nofollow noopener\">Sprzedaje swoje Porsche. Zdradza, dlaczego ju\u017c go nie chce<\/a>&nbsp;&nbsp;SportoweFakty<\/li>\n<li><a href=\"https:\/\/news.google.com\/rss\/articles\/CBMiuwFBVV95cUxNNlVsc3E2WDE0cUZFRDNTemxGZU1tTTV6V0F2TFZiSTM2UWdCeGw1bnZtanZaUFk1UnRZVzFnWW8wcTZrYmlzc2RoVWx5NlRlTHdhek8xTTdTVWs2NUM4LUdGV3YtT1J1UEdqT0RzT1YtNU5wNWJWNHpYSXhPZVYzZkQtRFh4dzljYjNGVmZ4Q3FNODRuZXFOSnR2T25mZTBXVkhITnJXM2htTEMtTG04cFZHc1hLemlMZUU0?oc=5\" target=\"_blank\" rel=\"nofollow noopener\">Mistrzyni olimpijska wystawi\u0142a na sprzeda\u017c swoje Porsche. Wyja\u015bnia pow\u00f3d decyzji<\/a>&nbsp;&nbsp;Fakt<\/li>\n<li><a href=\"https:\/\/news.google.com\/rss\/articles\/CBMiqAFBVV95cUxNX3hheU5HdDdxUllhMjdKQ1draWtRQWlObTNCOGlfXzA4TVZURDBFOVBkanJMT2NORHVGYlV5WllDRnRZYms4cm9ZbTdzd0QzNEo4a2l0OU8xNjRrNzZhVTVrYTd4QnVYRWs2WXNpeWtHbG5qV00wZ1dEQ2huNXhUcmRBZ2hneFNtWC1qTEpUNzhzNzlXd3gxQ1pEUEdHLXZQZ3ZTRE1VVk8?oc=5\" target=\"_blank\" rel=\"nofollow noopener\">Anita W\u0142odarczyk sprzedaje sw\u00f3j luksusowy samoch\u00f3d. Oto pow\u00f3d<\/a>&nbsp;&nbsp;Sport.pl<\/li>\n<li><a href=\"https:\/\/news.google.com\/rss\/articles\/CBMi5wFBVV95cUxPdTJ4RE5XQ0VZUGpXVFIxMTdJQXJtR3U3bm1QclF1Z1ItRkY4eGFPcTdFTGExdEtHUFpvNTdXM09ueXBFakJQS2lkWkdnRnE2blY3Yi1JelFJNjZCNjVJdEtwazJJWkdvdFFHRlpMMTZnazNrR2pKNkp3THZ2ZG9qTWxBXzRSRVpYdnViQUU3Nk1Vb2M0NGtOaGdlenF4REdxaHBVNWl0bEhjajFUVUtqMG5Xc1cyVEp6NDJaMnVkM2FqTC1oVHZldms4WHIyRWVvbTQycF8yalhkYUFNbVlVa18wcEVfaGM?oc=5\" target=\"_blank\" rel=\"nofollow noopener\">Anita W\u0142odarczyk sprzedaje swoje luksusowe Porsche! Od razu wyja\u015bni\u0142a powody tej decyzji<\/a>&nbsp;&nbsp;Super Express<\/li>\n<\/ol>\n","protected":false},"excerpt":{"rendered":"To dlatego Anita W\u0142odarczyk musi sprzeda\u0107 swoje luksusowe porsche&nbsp;&nbsp;Przegl\u0105d Sportowy Onet Sprzedaje swoje Porsche. Zdradza, dlaczego ju\u017c go&hellip;\n","protected":false},"author":2,"featured_media":116904,"comment_status":"","ping_status":"","sticky":false,"template":"","format":"standard","meta":{"footnotes":""},"categories":[24],"tags":[2032,67,522,2856,129,42,38,40,39,41,136,128,47,127,126,130],"class_list":{"0":"post-116903","1":"post","2":"type-post","3":"status-publish","4":"format-standard","5":"has-post-thumbnail","7":"category-sport","8":"tag-anita_wlodarczyk","9":"tag-intextvideo_splayer","10":"tag-lekkoatletyka","11":"tag-motoryzacja_other","12":"tag-ofsajd","13":"tag-pl","14":"tag-poland","15":"tag-polish","16":"tag-polska","17":"tag-polski","18":"tag-ps_detal_new","19":"tag-psv2","20":"tag-screening_general","21":"tag-sport","22":"tag-sports","23":"tag-wiadomosci_sportowe"},"share_on_mastodon":{"url":"https:\/\/pubeurope.com\/@pl\/115608197722626706","error":""},"_links":{"self":[{"href":"https:\/\/www.europesays.com\/pl\/wp-json\/wp\/v2\/posts\/116903","targetHints":{"allow":["GET"]}}],"collection":[{"href":"https:\/\/www.europesays.com\/pl\/wp-json\/wp\/v2\/posts"}],"about":[{"href":"https:\/\/www.europesays.com\/pl\/wp-json\/wp\/v2\/types\/post"}],"author":[{"embeddable":true,"href":"https:\/\/www.europesays.com\/pl\/wp-json\/wp\/v2\/users\/2"}],"replies":[{"embeddable":true,"href":"https:\/\/www.europesays.com\/pl\/wp-json\/wp\/v2\/comments?post=116903"}],"version-history":[{"count":0,"href":"https:\/\/www.europesays.com\/pl\/wp-json\/wp\/v2\/posts\/116903\/revisions"}],"wp:featuredmedia":[{"embeddable":true,"href":"https:\/\/www.europesays.com\/pl\/wp-json\/wp\/v2\/media\/116904"}],"wp:attachment":[{"href":"https:\/\/www.europesays.com\/pl\/wp-json\/wp\/v2\/media?parent=116903"}],"wp:term":[{"taxonomy":"category","embeddable":true,"href":"https:\/\/www.europesays.com\/pl\/wp-json\/wp\/v2\/categories?post=116903"},{"taxonomy":"post_tag","embeddable":true,"href":"https:\/\/www.europesays.com\/pl\/wp-json\/wp\/v2\/tags?post=116903"}],"curies":[{"name":"wp","href":"https:\/\/api.w.org\/{rel}","templated":true}]}}