{"id":116917,"date":"2025-11-25T03:49:10","date_gmt":"2025-11-25T03:49:10","guid":{"rendered":"https:\/\/www.europesays.com\/pl\/116917\/"},"modified":"2025-11-25T03:49:10","modified_gmt":"2025-11-25T03:49:10","slug":"ks-dominik-chmielewski-mial-uwiesc-wierna-prokuratura-zdecydowala-2","status":"publish","type":"post","link":"https:\/\/www.europesays.com\/pl\/116917\/","title":{"rendered":"Ks. Dominik Chmielewski mia\u0142 uwie\u015b\u0107 wiern\u0105. Prokuratura zdecydowa\u0142a"},"content":{"rendered":"<p class=\"ods-c-paragraph \">S\u0142upecka prokuratura prowadzi\u0142a \u015bledztwo w kierunku art. 199 Kodeksu karnego, kt\u00f3ry m\u00f3wi o doprowadzeniu innej osoby do obcowania p\u0142ciowego, poddania si\u0119 albo wykonania innej czynno\u015bci seksualnej przez nadu\u017cycie stosunku zale\u017cno\u015bci lub wykorzystanie krytycznego po\u0142o\u017cenia. W \u015bledztwie, jak przekaza\u0142 we wrze\u015bniu PAP prok. Wrzesi\u0144ski, pojawi\u0142o si\u0119 nazwisko ks. Chmielewskiego.<\/p>\n<p>Dalszy ci\u0105g artyku\u0142u pod materia\u0142em wideo<\/p>\n<p> Jakie by\u0142y powody umorzenia \u015bledztwa przeciwko ks. Chmielewskiego? <\/p>\n<p> Kto jest ks. Dominik Chmielewski? <\/p>\n<p> Jakie dzia\u0142ania podejmuje wsp\u00f3lnota Wojownicy Maryi? <\/p>\n<p> Co ustali\u0142 S\u0105d Biskupi w Toruniu w sprawie ks. Chmielewskiego? <\/p>\n<p class=\"ods-c-paragraph \">W poniedzia\u0142ek prok. Wrzesi\u0144ski poinformowa\u0142 PAP, \u017ce \u015bledztwo zosta\u0142o umorzone, bo prokuratura nie stwierdzi\u0142a znamion przest\u0119pstwa.<\/p>\n<p class=\"ods-c-paragraph \">Strony zosta\u0142y ju\u017c poinformowane o decyzji prokuratury i mog\u0105 wnie\u015b\u0107 na ni\u0105 za\u017calenie. Takie za\u017calenie do prokuratury jeszcze nie wp\u0142yn\u0119\u0142o \u2014 przekaza\u0142 prok. Wrzesi\u0144ski.<\/p>\n<p>   Sprawa ksi\u0119dza Dominika Chmielewskiego<\/p>\n<p class=\"ods-c-paragraph \">Ks. Chmielewski jest salezjaninem, tw\u00f3rc\u0105 m\u0119skiej katolickiej wsp\u00f3lnoty Wojownicy Maryi. Wed\u0142ug statutu wsp\u00f3lnoty jej celem jest &#8222;formowanie m\u0142odych m\u0119\u017cczyzn&#8221;, kt\u00f3rzy powinni stawa\u0107 si\u0119 &#8222;wiernymi \u015bwiadkami Chrystusa&#8221;, by\u0107 dobrymi ojcami i m\u0119\u017cami realizuj\u0105cymi swoj\u0105 misj\u0119 w Ko\u015bciele i spo\u0142ecze\u0144stwie. Formacja odbywa si\u0119 m.in. poprzez cykliczne spotkania, zako\u0144czona jest uroczystym pasowaniem. Siedzib\u0105 Wojownik\u00f3w Maryi jest wsp\u00f3lnota salezja\u0144ska w L\u0105dzie k. S\u0142upcy (woj. wielkopolskie).<\/p>\n<p class=\"ods-c-paragraph \"><a href=\"https:\/\/wiadomosci.onet.pl\/kujawsko-pomorskie\/zalozyciel-wojownikow-maryi-zostal-odwolany-dostal-nowe-zadanie\/kky75k8\" id=\"9c013b21-133f-4d42-8fec-c998d53cb088\" rel=\"nofollow noopener\" target=\"_blank\">W marcu 2023 r. ks. Chmielewski zosta\u0142 odwo\u0142any z funkcji moderatora wsp\u00f3lnoty. <\/a>Powierzona zosta\u0142a mu misja utworzenia o\u015brodka rekolekcyjnego w L\u0105dzie.<\/p>\n<p class=\"ods-c-paragraph \">Pod koniec sierpnia <a href=\"https:\/\/www.onet.pl\/styl-zycia\/onetkobieta\/zalozyciel-wojownikow-maryi-mial-uwiesc-wierna-wykorzystal-moje-zaufanie\/15p1mzh,2b83378a\" id=\"39cdaadb-0a78-4e65-990c-52c1910c7be1\" rel=\"nofollow noopener\" target=\"_blank\">&#8222;Gazeta Wyborcza&#8221; opisa\u0142a intymn\u0105 relacj\u0119, w kt\u00f3r\u0105 mia\u0142 wej\u015b\u0107 ks. Chmielewski z jedn\u0105 z uczestniczek prowadzonych przez niego rekolekcji. <\/a>Wed\u0142ug relacji kobiety w ci\u0105gu p\u00f3\u0142 roku mia\u0142o doj\u015b\u0107 do kilkunastu kontakt\u00f3w seksualnych mi\u0119dzy ni\u0105 a ksi\u0119dzem. Kap\u0142an mia\u0142 wykorzysta\u0107 wiar\u0119 oraz trudn\u0105 sytuacj\u0119 osobist\u0105 kobiety, m.in. rozstanie z m\u0119\u017cem oraz nieporozumienia z rodzicami i te\u015bciami. &#8222;GW&#8221; poda\u0142a ponadto, \u017ce ks. Chmielewski ju\u017c wcze\u015bniej mia\u0142 mie\u0107 intymne kontakty z innymi kobietami, o czym mia\u0142a by\u0107 informowana wsp\u00f3lnota salezja\u0144ska.<\/p>\n<p>S\u0105d Biskupi przeprowadzi\u0142 post\u0119powanie<\/p>\n<p class=\"ods-c-paragraph \">Inspektoria Pilska Towarzystwa Salezja\u0144skiego wyda\u0142a o\u015bwiadczenie, w kt\u00f3rym potwierdzono otrzymanie zawiadomienia o intymnej relacji ks. Chmielewskiego. Post\u0119powanie wst\u0119pne w tej sprawie przeprowadzi\u0142 S\u0105d Biskupi w Toruniu. W wyniku post\u0119powania, jak przekaza\u0142 rzecznik prasowy Inspektorii ks. Grzegorz Gruba, ustalono, \u017ce relacja ks. Chmielewskiego z kobiet\u0105 &#8222;zosta\u0142a nawi\u0105zana w spos\u00f3b dobrowolny, bez element\u00f3w przymusu, zale\u017cno\u015bci czy przewagi&#8221;.<\/p>\n<p class=\"ods-c-paragraph \">Jednocze\u015bnie zgromadzenie przyzna\u0142o, \u017ce naruszone zosta\u0142y normy moralne oraz zasady \u017cycia zakonnego. Ks. Chmielewski, wed\u0142ug salezjan\u00f3w, &#8222;przyzna\u0142 si\u0119 do b\u0142\u0119du, wyrazi\u0142 skruch\u0119 i podj\u0105\u0142 ustalon\u0105 z prze\u0142o\u017conymi pokut\u0119&#8221;. Jego prze\u0142o\u017ceni mieli podj\u0105\u0107 dalsze decyzje dotycz\u0105ce sytuacji zakonnej ks. Chmielewskiego.<\/p>\n","protected":false},"excerpt":{"rendered":"S\u0142upecka prokuratura prowadzi\u0142a \u015bledztwo w kierunku art. 199 Kodeksu karnego, kt\u00f3ry m\u00f3wi o doprowadzeniu innej osoby do obcowania&hellip;\n","protected":false},"author":2,"featured_media":116918,"comment_status":"","ping_status":"","sticky":false,"template":"","format":"standard","meta":{"footnotes":""},"categories":[12],"tags":[32,33,17144,36,37,27,702,34,35,28,31,48,25,46,42,38,40,39,41,1817,1627,47,1389,29,30,25176,26],"class_list":{"0":"post-116917","1":"post","2":"type-post","3":"status-publish","4":"format-standard","5":"has-post-thumbnail","7":"category-polska","8":"tag-breaking-news","9":"tag-breakingnews","10":"tag-duchowny","11":"tag-featured-news","12":"tag-featurednews","13":"tag-headlines","14":"tag-kosciol_katolicki","15":"tag-latest-news","16":"tag-latestnews","17":"tag-naglowki","18":"tag-najwazniejsze-artykuly","19":"tag-nat_styl","20":"tag-news","21":"tag-omp","22":"tag-pl","23":"tag-poland","24":"tag-polish","25":"tag-polska","26":"tag-polski","27":"tag-poznan","28":"tag-prokuratura","29":"tag-screening_general","30":"tag-sledztwo","31":"tag-top-stories","32":"tag-topstories","33":"tag-umorzenie","34":"tag-wiadomosci"},"share_on_mastodon":{"url":"https:\/\/pubeurope.com\/@pl\/115608299979317021","error":""},"_links":{"self":[{"href":"https:\/\/www.europesays.com\/pl\/wp-json\/wp\/v2\/posts\/116917","targetHints":{"allow":["GET"]}}],"collection":[{"href":"https:\/\/www.europesays.com\/pl\/wp-json\/wp\/v2\/posts"}],"about":[{"href":"https:\/\/www.europesays.com\/pl\/wp-json\/wp\/v2\/types\/post"}],"author":[{"embeddable":true,"href":"https:\/\/www.europesays.com\/pl\/wp-json\/wp\/v2\/users\/2"}],"replies":[{"embeddable":true,"href":"https:\/\/www.europesays.com\/pl\/wp-json\/wp\/v2\/comments?post=116917"}],"version-history":[{"count":0,"href":"https:\/\/www.europesays.com\/pl\/wp-json\/wp\/v2\/posts\/116917\/revisions"}],"wp:featuredmedia":[{"embeddable":true,"href":"https:\/\/www.europesays.com\/pl\/wp-json\/wp\/v2\/media\/116918"}],"wp:attachment":[{"href":"https:\/\/www.europesays.com\/pl\/wp-json\/wp\/v2\/media?parent=116917"}],"wp:term":[{"taxonomy":"category","embeddable":true,"href":"https:\/\/www.europesays.com\/pl\/wp-json\/wp\/v2\/categories?post=116917"},{"taxonomy":"post_tag","embeddable":true,"href":"https:\/\/www.europesays.com\/pl\/wp-json\/wp\/v2\/tags?post=116917"}],"curies":[{"name":"wp","href":"https:\/\/api.w.org\/{rel}","templated":true}]}}