{"id":116929,"date":"2025-11-25T04:10:15","date_gmt":"2025-11-25T04:10:15","guid":{"rendered":"https:\/\/www.europesays.com\/pl\/116929\/"},"modified":"2025-11-25T04:10:15","modified_gmt":"2025-11-25T04:10:15","slug":"przemyslaw-babiarz-pochowal-zone-dziekuje-za-tak-liczne-uczestnictwo","status":"publish","type":"post","link":"https:\/\/www.europesays.com\/pl\/116929\/","title":{"rendered":"Przemys\u0142aw Babiarz pochowa\u0142 \u017con\u0119. &#8222;Dzi\u0119kuj\u0119 za tak liczne uczestnictwo&#8221;"},"content":{"rendered":"<p class=\"ods-c-paragraph \">Podczas kazania podkre\u015blono duchow\u0105 obecno\u015b\u0107 zmar\u0142ej. Ksi\u0105dz m\u00f3wi\u0142 o oddaniu Marzeny Babiarz, wspominaj\u0105c, \u017ce by\u0142a pociech\u0105 dla swoich rodzic\u00f3w oraz wsparciem dla m\u0119\u017ca. \u2014 Kocha\u0142a \u017cycie i cieszy\u0142a si\u0119 \u017cyciem \u2014 wspomniano w trakcie homilii.<\/p>\n<p> Gdzie odby\u0142 si\u0119 pogrzeb Marzeny Babiarz? <\/p>\n<p> Kto by\u0142 m\u0119\u017cem Marzeny Babiarz? <\/p>\n<p> Jakie s\u0142owa pad\u0142y podczas homilii? <\/p>\n<p> Gdzie pochowano Marzen\u0119 Babiarz? <\/p>\n<p>  Marzena Babiarz \u2014 pogrzeb<\/p>\n<p class=\"ods-c-paragraph \">Przemys\u0142aw Babiarz r\u00f3wnie\u017c zabra\u0142 g\u0142os, wyra\u017caj\u0105c wdzi\u0119czno\u015b\u0107 przyby\u0142ym:<\/p>\n<blockquote class=\"ods-o-quota\">\n<p class=\"ods-o-quota__paragraph\">Bardzo serdecznie dzi\u0119kuj\u0119 za t\u0119 ofiar\u0119 mszy \u015bwi\u0119tej. Ko\u015bci\u00f3\u0142 \u015bwi\u0119ty przez wasze r\u0119ce daje nam szczeg\u00f3lne nadzieje, \u017ce nasze \u017cycie nie ko\u0144czy si\u0119, ale si\u0119 zmienia. Dzi\u0119kuj\u0119 za tak liczne uczestnictwo.<\/p>\n<\/blockquote>\n<p class=\"ods-c-paragraph \">Po nabo\u017ce\u0144stwie cia\u0142o Marzeny Babiarz zosta\u0142o przewiezione na Cmentarz G\u0142\u00f3wny w Przemy\u015blu. W uroczysto\u015bciach uczestniczyli rodzina oraz przyjaciele, kt\u00f3rzy przyjechali z r\u00f3\u017cnych zak\u0105tk\u00f3w Polski i \u015bwiata, w tym z Wysp Brytyjskich, Pary\u017ca, Warszawy, Krakowa, Szczecina oraz Mazur. Ko\u015bci\u00f3\u0142 wype\u0142ni\u0142y wi\u0105zanki kwiat\u00f3w.<\/p>\n","protected":false},"excerpt":{"rendered":"Podczas kazania podkre\u015blono duchow\u0105 obecno\u015b\u0107 zmar\u0142ej. Ksi\u0105dz m\u00f3wi\u0142 o oddaniu Marzeny Babiarz, wspominaj\u0105c, \u017ce by\u0142a pociech\u0105 dla swoich&hellip;\n","protected":false},"author":2,"featured_media":116930,"comment_status":"","ping_status":"","sticky":false,"template":"","format":"standard","meta":{"footnotes":""},"categories":[12],"tags":[32,33,36,37,27,34,35,28,31,48,25,46,42,393,38,40,39,41,20103,47,29,30,26],"class_list":{"0":"post-116929","1":"post","2":"type-post","3":"status-publish","4":"format-standard","5":"has-post-thumbnail","7":"category-polska","8":"tag-breaking-news","9":"tag-breakingnews","10":"tag-featured-news","11":"tag-featurednews","12":"tag-headlines","13":"tag-latest-news","14":"tag-latestnews","15":"tag-naglowki","16":"tag-najwazniejsze-artykuly","17":"tag-nat_styl","18":"tag-news","19":"tag-omp","20":"tag-pl","21":"tag-pogrzeb","22":"tag-poland","23":"tag-polish","24":"tag-polska","25":"tag-polski","26":"tag-przemyslaw_babiarz","27":"tag-screening_general","28":"tag-top-stories","29":"tag-topstories","30":"tag-wiadomosci"},"share_on_mastodon":{"url":"https:\/\/pubeurope.com\/@pl\/115608382550153885","error":""},"_links":{"self":[{"href":"https:\/\/www.europesays.com\/pl\/wp-json\/wp\/v2\/posts\/116929","targetHints":{"allow":["GET"]}}],"collection":[{"href":"https:\/\/www.europesays.com\/pl\/wp-json\/wp\/v2\/posts"}],"about":[{"href":"https:\/\/www.europesays.com\/pl\/wp-json\/wp\/v2\/types\/post"}],"author":[{"embeddable":true,"href":"https:\/\/www.europesays.com\/pl\/wp-json\/wp\/v2\/users\/2"}],"replies":[{"embeddable":true,"href":"https:\/\/www.europesays.com\/pl\/wp-json\/wp\/v2\/comments?post=116929"}],"version-history":[{"count":0,"href":"https:\/\/www.europesays.com\/pl\/wp-json\/wp\/v2\/posts\/116929\/revisions"}],"wp:featuredmedia":[{"embeddable":true,"href":"https:\/\/www.europesays.com\/pl\/wp-json\/wp\/v2\/media\/116930"}],"wp:attachment":[{"href":"https:\/\/www.europesays.com\/pl\/wp-json\/wp\/v2\/media?parent=116929"}],"wp:term":[{"taxonomy":"category","embeddable":true,"href":"https:\/\/www.europesays.com\/pl\/wp-json\/wp\/v2\/categories?post=116929"},{"taxonomy":"post_tag","embeddable":true,"href":"https:\/\/www.europesays.com\/pl\/wp-json\/wp\/v2\/tags?post=116929"}],"curies":[{"name":"wp","href":"https:\/\/api.w.org\/{rel}","templated":true}]}}