{"id":116933,"date":"2025-11-25T04:24:26","date_gmt":"2025-11-25T04:24:26","guid":{"rendered":"https:\/\/www.europesays.com\/pl\/116933\/"},"modified":"2025-11-25T04:24:26","modified_gmt":"2025-11-25T04:24:26","slug":"gorlice-dziesiatki-interwencji-strazacy-walcza-ze-skutkami-sniezyc-foto-wideo","status":"publish","type":"post","link":"https:\/\/www.europesays.com\/pl\/116933\/","title":{"rendered":"Gorlice. Dziesi\u0105tki interwencji. Stra\u017cacy walcz\u0105 ze skutkami \u015bnie\u017cyc [FOTO\/WIDEO]"},"content":{"rendered":"<p>Nieprzerwanie od pi\u0105tku gorlickie s\u0142u\u017cby ratunkowe walcz\u0105 ze skutkami \u015bnie\u017cyc jakie przesz\u0142y nad regionem. W niedziel\u0119, pomimo, \u017ce usta\u0142y opady stra\u017cacy otrzymuj\u0105 wezwanie za wezwaniem. Wi\u0119kszo\u015b\u0107 dotyczy powalonych drzew, kt\u00f3re nie wytrzyma\u0142y pod ci\u0119\u017carem \u015bniegu.<\/p>\n<p>[ZT]39185[\/ZT]<\/p>\n<p>Zar\u00f3wno Pogotowie Energetyczne jak i Stra\u017c Po\u017carna to najbardziej zapracowane s\u0142u\u017cby w ten weekend. Dziesi\u0105tki mieszka\u0144c\u00f3w powiatu gorlickiego musia\u0142o si\u0119 liczy\u0107 zar\u00f3wno w sobot\u0119 jak i w niedziel\u0119 z przerwami w dostawach pr\u0105du. G\u0142\u00f3wn\u0105 przyczyn\u0105 by\u0142y zerwanie linie, mi\u0119dzy innymi przez \u0142ami\u0105ce si\u0119 drzewa.<\/p>\n<p>Zalegaj\u0105cy \u015bnieg jest bardzo mokry, a co za tym idzie ci\u0119\u017cki. Z ka\u017cd\u0105 godzin\u0105 na lini\u0119 alarmow\u0105 nap\u0142ywaj\u0105 kolejne zg\u0142oszenia i drzewach blokuj\u0105cych drogi, zerwanych czy niebezpiecznie zwisaj\u0105cych konarach. Stra\u017cacy w wielu przypadkach je\u017cd\u017c\u0105 od zdarzenia do zdarzenia. W wielu miejscach musz\u0105 walczy\u0107 nie z jednym, ale nawet kilkoma drzewami blokuj\u0105cymi drog\u0119.<\/p>\n<p>W Gorlicach dosz\u0142o r\u00f3wnie\u017c do niebezpiecznego zdarzenia przy ulicy Skrzy\u0144skich. Pod naporem ci\u0119\u017ckiego \u015bniegu zawali\u0142a si\u0119 hala namiotowa, na miejscu pracowa\u0142y trzy zast\u0119py stra\u017cy po\u017carnej, nikt na szcz\u0119\u015bcie nie ucierpia\u0142, jednak straty finansowe mog\u0105 by\u0107 ogromne.<\/p>\n<p>Stra\u017cacy w niedziel\u0119 wyje\u017cd\u017cali tak\u017ce do pomocy Ratownikom Medycznym, kt\u00f3rzy mieli problem z dotarciem do osoby poszkodowanej, w akcjach wykorzystywane s\u0105 mi\u0119dzy innymi quady. Najwi\u0119cej akcji ma miejsce w po\u0142udniowej cz\u0119\u015bci powiatu gorlickiego.<\/p>\n<p>[FOTORELACJA]6778[\/FOTORELACJA]<\/p>\n<p style=\"text-align: center;\">\n<p>[ZT]39179[\/ZT]<\/p>\n<p>Do\u0142\u0105cz do nas na Facebooku!Publikujemy najciekawsze artyku\u0142y, wydarzenia i fotorelacje. Jeste\u015bmy tam, gdzie nasi czytelnicy!<\/p>\n<p>\u00a0<\/p>\n","protected":false},"excerpt":{"rendered":"Nieprzerwanie od pi\u0105tku gorlickie s\u0142u\u017cby ratunkowe walcz\u0105 ze skutkami \u015bnie\u017cyc jakie przesz\u0142y nad regionem. W niedziel\u0119, pomimo, \u017ce&hellip;\n","protected":false},"author":2,"featured_media":116934,"comment_status":"","ping_status":"","sticky":false,"template":"","format":"standard","meta":{"footnotes":""},"categories":[12],"tags":[32,33,36,37,24514,27,34,35,28,31,25,42,38,40,39,41,2148,29,30,26,2588],"class_list":{"0":"post-116933","1":"post","2":"type-post","3":"status-publish","4":"format-standard","5":"has-post-thumbnail","7":"category-polska","8":"tag-breaking-news","9":"tag-breakingnews","10":"tag-featured-news","11":"tag-featurednews","12":"tag-gorlice","13":"tag-headlines","14":"tag-latest-news","15":"tag-latestnews","16":"tag-naglowki","17":"tag-najwazniejsze-artykuly","18":"tag-news","19":"tag-pl","20":"tag-poland","21":"tag-polish","22":"tag-polska","23":"tag-polski","24":"tag-pozar","25":"tag-top-stories","26":"tag-topstories","27":"tag-wiadomosci","28":"tag-wypadek"},"share_on_mastodon":{"url":"https:\/\/pubeurope.com\/@pl\/115608437618357629","error":""},"_links":{"self":[{"href":"https:\/\/www.europesays.com\/pl\/wp-json\/wp\/v2\/posts\/116933","targetHints":{"allow":["GET"]}}],"collection":[{"href":"https:\/\/www.europesays.com\/pl\/wp-json\/wp\/v2\/posts"}],"about":[{"href":"https:\/\/www.europesays.com\/pl\/wp-json\/wp\/v2\/types\/post"}],"author":[{"embeddable":true,"href":"https:\/\/www.europesays.com\/pl\/wp-json\/wp\/v2\/users\/2"}],"replies":[{"embeddable":true,"href":"https:\/\/www.europesays.com\/pl\/wp-json\/wp\/v2\/comments?post=116933"}],"version-history":[{"count":0,"href":"https:\/\/www.europesays.com\/pl\/wp-json\/wp\/v2\/posts\/116933\/revisions"}],"wp:featuredmedia":[{"embeddable":true,"href":"https:\/\/www.europesays.com\/pl\/wp-json\/wp\/v2\/media\/116934"}],"wp:attachment":[{"href":"https:\/\/www.europesays.com\/pl\/wp-json\/wp\/v2\/media?parent=116933"}],"wp:term":[{"taxonomy":"category","embeddable":true,"href":"https:\/\/www.europesays.com\/pl\/wp-json\/wp\/v2\/categories?post=116933"},{"taxonomy":"post_tag","embeddable":true,"href":"https:\/\/www.europesays.com\/pl\/wp-json\/wp\/v2\/tags?post=116933"}],"curies":[{"name":"wp","href":"https:\/\/api.w.org\/{rel}","templated":true}]}}