{"id":116937,"date":"2025-11-25T04:39:08","date_gmt":"2025-11-25T04:39:08","guid":{"rendered":"https:\/\/www.europesays.com\/pl\/116937\/"},"modified":"2025-11-25T04:39:08","modified_gmt":"2025-11-25T04:39:08","slug":"pszczyna-tragiczny-pozar-budynku-mieszkalnego-burmistrz-zabral-glos","status":"publish","type":"post","link":"https:\/\/www.europesays.com\/pl\/116937\/","title":{"rendered":"Pszczyna. Tragiczny po\u017car budynku mieszkalnego. Burmistrz zabra\u0142 g\u0142os"},"content":{"rendered":"<p class=\"article-p\" data-section=\"detail-body\">&#8222;Niestety nie mam dobrych wie\u015bci. Oko\u0142o godziny 20 dosz\u0142o do powa\u017cnego po\u017caru w budynku przy ul. Dobrawy. Z ogromnym smutkiem informuj\u0119, \u017ce w wyniku zdarzenia jedna osoba ponios\u0142a \u015bmier\u0107, a kolejna zosta\u0142a przewieziona do szpitala. Trzy osoby zosta\u0142y przebadane na miejscu przez zesp\u00f3\u0142 ratownik\u00f3w medycznych&#8221; \u2014 przekaza\u0142 burmistrz Pszczyny Dariusz Skrobol.<\/p>\n<p>        Pszczyna. Tragiczny po\u017car domu. Nie \u017cyje jedna osoba<\/p>\n<p class=\"article-p\" data-section=\"detail-body\">We wpisie sprzed godz. 22 poinformowa\u0142 r\u00f3wnie\u017c, \u017ce na tym etapie dzia\u0142ania stra\u017cy po\u017carnej polega\u0142y na dogaszaniu po\u017caru. W akcji uczestniczy\u0142o dziewi\u0119\u0107 zast\u0119p\u00f3w stra\u017cak\u00f3w. Na miejscu byli tak\u017ce pracownicy Wydzia\u0142u Zarz\u0105dzania Kryzysowego, Administracji Zasob\u00f3w Komunalnych, O\u015brodka Pomocy Spo\u0142ecznej, a tak\u017ce Stra\u017cy Miejskiej.<\/p>\n<p class=\"article-p\" data-section=\"detail-body\">Mieszka\u0144cy budynku przy ul. Dobrawy 1a\/c zostali ewakuowani, a gmina zapewnia im bezpieczne lokale zast\u0119pcze. Sk\u0142adam wyrazy wsp\u00f3\u0142czucia rodzinie zmar\u0142ej osoby. Dzi\u0119kuj\u0119 wszystkim s\u0142u\u017cbom za szybk\u0105 i profesjonaln\u0105 reakcj\u0119<\/p>\n<p class=\"article-p\" data-section=\"detail-body\">\u2014 zako\u0144czy\u0142 samorz\u0105dowiec.<\/p>\n<p class=\"article-p\" data-section=\"detail-body\">Czytaj te\u017c: <a href=\"https:\/\/www.fakt.pl\/wydarzenia\/polska\/poznan\/binkowo-pod-sremem-byk-zabil-gospodarza\/q9fm0x7\" id=\"ef568b48-d025-45f8-902a-7fb8f9748dea\" rel=\"nofollow noopener\" target=\"_blank\">Gospodarz sprz\u0105ta\u0142 obor\u0119. Nagle zosta\u0142 zaatakowany. Nie by\u0142o \u017cadnych szans<\/a><\/p>\n<p>        Poszkodowani w po\u017carze budynku w Pszczynie<\/p>\n<p class=\"article-p\" data-section=\"detail-body\">Radio Bielsko podaje, \u017ce zmar\u0142\u0105 osob\u0119 znaleziono w spalonym budynku. Poszkodowan\u0105 do szpitala przewieziono z powa\u017cnymi poparzeniami. Serwis informuje, \u017ce stra\u017cacy us\u0142yszeli od \u015bwiadk\u00f3w, \u017ce w wewn\u0105trz budynku najprawdopodobniej przebywaj\u0105 ludzie. Jedna poparzon\u0105 osob\u0119 uda\u0142o si\u0119 ewakuowa\u0107 na zewn\u0105trz. Zosta\u0142a przekazana za\u0142odze pogotowia. Jej stan jest powa\u017cny. <\/p>\n<p class=\"article-p\" data-section=\"detail-body\">\u015amierteln\u0105 ofiar\u0119 uda\u0142o si\u0119 odnale\u017a\u0107 po kilkunastu minutach intensywnych poszukiwa\u0144 przez stra\u017cak\u00f3w. Stan m\u0119\u017cczyzny nie pozwala\u0142 na podj\u0119cie czynno\u015bci ratuj\u0105cych \u017cycie. Radio Bielsko podaje, \u017ce w tym samym mieszkaniu znaleziono butl\u0119 z gazem, kt\u00f3r\u0105 zabezpieczono.<\/p>\n<p class=\"article-p\" data-section=\"detail-body\">Zobacz te\u017c:<\/p>\n<p class=\"article-p\" data-section=\"detail-body\"><a href=\"https:\/\/www.fakt.pl\/wydarzenia\/polska\/warszawa\/warszawa-mlody-norweg-przylecial-do-polski-i-zaginal-byl-w-klubie\/6c5cm1z\" id=\"0c0e65e0-2032-4ce0-8cfe-9372563d266a\" rel=\"nofollow noopener\" target=\"_blank\">M\u0142ody Norweg przylecia\u0142 do Polski i zagin\u0105\u0142. By\u0142 w klubie. Pojawi\u0142 si\u0119 dramatyczny apel<\/a><\/p>\n<p class=\"article-p\" data-section=\"detail-body\"><a href=\"https:\/\/www.fakt.pl\/wydarzenia\/polska\/warszawa\/duczki-pod-wolominem-staruszek-prawie-zginal-pod-kolami-pociagu\/dgr9qct\" id=\"8a7ae0fb-da36-4d6d-9876-d08659b03d00\" rel=\"nofollow noopener\" target=\"_blank\">Jeden krok od \u015bmierci. Internauci komentuj\u0105 zachowanie staruszka. &#8222;Oszuka\u0142 przeznaczenie&#8221;<\/a><\/p>\n","protected":false},"excerpt":{"rendered":"&#8222;Niestety nie mam dobrych wie\u015bci. Oko\u0142o godziny 20 dosz\u0142o do powa\u017cnego po\u017caru w budynku przy ul. Dobrawy. Z&hellip;\n","protected":false},"author":2,"featured_media":116938,"comment_status":"","ping_status":"","sticky":false,"template":"","format":"standard","meta":{"footnotes":""},"categories":[5],"tags":[32,33,36,37,27,34,35,28,31,25,42,38,40,39,41,29,30,26],"class_list":{"0":"post-116937","1":"post","2":"type-post","3":"status-publish","4":"format-standard","5":"has-post-thumbnail","7":"category-naglowki","8":"tag-breaking-news","9":"tag-breakingnews","10":"tag-featured-news","11":"tag-featurednews","12":"tag-headlines","13":"tag-latest-news","14":"tag-latestnews","15":"tag-naglowki","16":"tag-najwazniejsze-artykuly","17":"tag-news","18":"tag-pl","19":"tag-poland","20":"tag-polish","21":"tag-polska","22":"tag-polski","23":"tag-top-stories","24":"tag-topstories","25":"tag-wiadomosci"},"share_on_mastodon":{"url":"https:\/\/pubeurope.com\/@pl\/115608496552725996","error":""},"_links":{"self":[{"href":"https:\/\/www.europesays.com\/pl\/wp-json\/wp\/v2\/posts\/116937","targetHints":{"allow":["GET"]}}],"collection":[{"href":"https:\/\/www.europesays.com\/pl\/wp-json\/wp\/v2\/posts"}],"about":[{"href":"https:\/\/www.europesays.com\/pl\/wp-json\/wp\/v2\/types\/post"}],"author":[{"embeddable":true,"href":"https:\/\/www.europesays.com\/pl\/wp-json\/wp\/v2\/users\/2"}],"replies":[{"embeddable":true,"href":"https:\/\/www.europesays.com\/pl\/wp-json\/wp\/v2\/comments?post=116937"}],"version-history":[{"count":0,"href":"https:\/\/www.europesays.com\/pl\/wp-json\/wp\/v2\/posts\/116937\/revisions"}],"wp:featuredmedia":[{"embeddable":true,"href":"https:\/\/www.europesays.com\/pl\/wp-json\/wp\/v2\/media\/116938"}],"wp:attachment":[{"href":"https:\/\/www.europesays.com\/pl\/wp-json\/wp\/v2\/media?parent=116937"}],"wp:term":[{"taxonomy":"category","embeddable":true,"href":"https:\/\/www.europesays.com\/pl\/wp-json\/wp\/v2\/categories?post=116937"},{"taxonomy":"post_tag","embeddable":true,"href":"https:\/\/www.europesays.com\/pl\/wp-json\/wp\/v2\/tags?post=116937"}],"curies":[{"name":"wp","href":"https:\/\/api.w.org\/{rel}","templated":true}]}}