{"id":116939,"date":"2025-11-25T04:44:09","date_gmt":"2025-11-25T04:44:09","guid":{"rendered":"https:\/\/www.europesays.com\/pl\/116939\/"},"modified":"2025-11-25T04:44:09","modified_gmt":"2025-11-25T04:44:09","slug":"niemcy-kolonia-bonn-rumuni-wbiegli-na-lotnisko-uznali-ze-zlapia-samolot","status":"publish","type":"post","link":"https:\/\/www.europesays.com\/pl\/116939\/","title":{"rendered":"Niemcy, Kolonia\/Bonn. Rumuni wbiegli na lotnisko. Uznali, \u017ce z\u0142api\u0105 samolot"},"content":{"rendered":"<p>&#13;<br \/>\n        \tPrzegapili ostatnie wezwanie na pok\u0142ad, a gdy zorientowali si\u0119, \u017ce jest za p\u00f3\u017ano, aby wej\u015b\u0107 do samolotu, sforsowali drzwi i wbiegli na p\u0142yt\u0119 niemieckiego lotniska. Dw\u00f3ch Rumun\u00f3w, nara\u017caj\u0105c swoje zdrowie i \u017cycie, dobieg\u0142o do szykuj\u0105cej si\u0119 do startu maszyny i pr\u00f3bowa\u0142o przekona\u0107 pilota, aby wpu\u015bci\u0142 ich do \u015brodka. Na marne jednak, a co wi\u0119cej &#8211; na m\u0119\u017cczyzn czekaj\u0105 teraz niema\u0142e k\u0142opoty.&#13;\n        \t<\/p>\n<p>Do zdarzenia dosz\u0142o pi\u0105tek wieczorem. &#8222;Bild&#8221; poinformowa\u0142, \u017ce na p\u0142yt\u0119 lotniska Kolonia\/Bonn wybieg\u0142o dw\u00f3ch sp\u00f3\u017anionych na lot pasa\u017cer\u00f3w. Byli to obywatele Rumunii, kt\u00f3rzy nie zd\u0105\u017cyli na samolot Wizz Air do Bukaresztu.<\/p>\n<p>\u00a0<\/p>\n<p>ZOBACZ: <a href=\"https:\/\/www.polsatnews.pl\/wiadomosc\/2025-11-24\/erupcja-wulkanu-w-etiopii-wybuchl-pierwszy-raz-od-10-tys-lat\/\" rel=\"nofollow noopener\" target=\"_blank\">Erupcja wulkanu w Etiopii. Wybuch\u0142 pierwszy raz od 10 tysi\u0119cy lat<\/a><\/p>\n<p>\u00a0<\/p>\n<p>Jak przekaza\u0142a policja, m\u0119\u017cczy\u017ani przegapili ostatnie wezwanie na pok\u0142ad. Chc\u0105c jednak polecie\u0107, rozbili szyb\u0119 wyj\u015bcia awaryjnego, aby otworzy\u0107 drzwi bezpiecze\u0144stwa i wybiegli na p\u0142yt\u0119 lotniska. Nast\u0119pnie pr\u00f3bowali pieszo goni\u0107 Airbusa A321.<\/p>\n<p>\u00a0<\/p>\n<blockquote class=\"twitter-tweet\" data-media-max-width=\"560\"><p>&#13;<\/p>\n<p dir=\"ltr\" lang=\"en\">Two late passengers frantically tried to catch their flight by breaking security barriers and running across tarmac at Cologne\/Bonn Airport on Friday.<\/p>\n<p>The Wizz Air flight, bound for Bucharest, Romania, had just pushed back from the gate when the incident occurred.<\/p>\n<p>The two men\u2026 <a href=\"https:\/\/t.co\/M98FdZDY7t\" rel=\"nofollow\">pic.twitter.com\/M98FdZDY7t<\/a><\/p>\n<p>&#13;<br \/>\n\u2014 Breaking Aviation News &amp; Videos (@aviationbrk) <a href=\"https:\/\/twitter.com\/aviationbrk\/status\/1992924894212849753?ref_src=twsrc%5Etfw\" rel=\"nofollow noopener\" target=\"_blank\">November 24, 2025<\/a><\/p><\/blockquote>\n<p>\u00a0<\/p>\n<p>Niemiecka gazeta poinformowa\u0142a, i\u017c w momencie incydentu silniki maszyny ju\u017c pracowa\u0142y, przez co mog\u0142o do\u015b\u0107 do tragedii. Szcz\u0119\u015bliwie nikomu jednak nic si\u0119 nie sta\u0142o.<\/p>\n<p>Niemcy. Sp\u00f3\u017anieni pasa\u017cerowie pr\u00f3bowali goni\u0107 samolot<\/p>\n<p>Na opublikowanym w sieci nagraniu wida\u0107, jak m\u0119\u017cczy\u017ani biegli za samolotem przygotowuj\u0105cym si\u0119 do startu. Nast\u0119pnie stan\u0119li pod maszyn\u0105 i gestykuluj\u0105c, pr\u00f3bowali przekona\u0107 pilota, by ten otworzy\u0142 im jednak drzwi i wpu\u015bci\u0142 ich do \u015brodka.<\/p>\n<p>\u00a0<\/p>\n<p>Ostatecznie Rumun\u00f3w zatrzymano przez pracownik\u00f3w portu lotniczego. Jak przekaza\u0142y s\u0142u\u017cby, wniesiono oskar\u017cenie o wtargni\u0119cie na teren niedost\u0119pny dla os\u00f3b postronnych. W tle jest mo\u017cliwe z\u0142amanie ustawy o bezpiecze\u0144stwie lotniczym.<\/p>\n<p>\u00a0<\/p>\n<p>Widzia\u0142e\u015b co\u015b wa\u017cnego? Przy\u015blij zdj\u0119cie, film lub napisz, co si\u0119 sta\u0142o. Skorzystaj z naszej <a href=\"https:\/\/www.polsatnews.pl\/platforma-widzow\/\" target=\"_blank\" rel=\"noopener noreferrer nofollow\">Wrzutni<\/a><\/p>\n<p>&#13;<br \/>\n                    \t\t\t\t\t\t\t\t\t\t\t\t\tjkn\/wka&#13;<br \/>\n\t\t\t\t\/\t\t\t\t\t\tpolsatnews.pl&#13;<br \/>\n\t\t\t\t\t&#13;\n                \t<\/p>\n<p>                <a class=\"news__read-more-button\" href=\"https:\/\/www.polsatnews.pl\/\" rel=\"nofollow noopener\" target=\"_blank\">Czytaj wi\u0119cej<\/a><\/p>\n<p>\t\t\tChcesz by\u0107 na bie\u017c\u0105co z najnowszymi newsami?<\/p>\n<p class=\"app-ad__preview\">Jeste\u015bmy w aplikacji na Tw\u00f3j telefon. Sprawd\u017a\u00a0nas!<\/p>\n<p>\t\t<script async src=\"https:\/\/platform.twitter.com\/widgets.js\" charset=\"utf-8\"><\/script><\/p>\n","protected":false},"excerpt":{"rendered":"&#13; Przegapili ostatnie wezwanie na pok\u0142ad, a gdy zorientowali si\u0119, \u017ce jest za p\u00f3\u017ano, aby wej\u015b\u0107 do samolotu,&hellip;\n","protected":false},"author":2,"featured_media":116940,"comment_status":"","ping_status":"","sticky":false,"template":"","format":"standard","meta":{"footnotes":""},"categories":[14],"tags":[32,33,27,34,35,28,31,25,40,41,80,29,30,26,82,83,84],"class_list":{"0":"post-116939","1":"post","2":"type-post","3":"status-publish","4":"format-standard","5":"has-post-thumbnail","7":"category-swiat","8":"tag-breaking-news","9":"tag-breakingnews","10":"tag-headlines","11":"tag-latest-news","12":"tag-latestnews","13":"tag-naglowki","14":"tag-najwazniejsze-artykuly","15":"tag-news","16":"tag-polish","17":"tag-polski","18":"tag-swiat","19":"tag-top-stories","20":"tag-topstories","21":"tag-wiadomosci","22":"tag-world","23":"tag-world-news","24":"tag-worldnews"},"share_on_mastodon":{"url":"https:\/\/pubeurope.com\/@pl\/115608516237137305","error":""},"_links":{"self":[{"href":"https:\/\/www.europesays.com\/pl\/wp-json\/wp\/v2\/posts\/116939","targetHints":{"allow":["GET"]}}],"collection":[{"href":"https:\/\/www.europesays.com\/pl\/wp-json\/wp\/v2\/posts"}],"about":[{"href":"https:\/\/www.europesays.com\/pl\/wp-json\/wp\/v2\/types\/post"}],"author":[{"embeddable":true,"href":"https:\/\/www.europesays.com\/pl\/wp-json\/wp\/v2\/users\/2"}],"replies":[{"embeddable":true,"href":"https:\/\/www.europesays.com\/pl\/wp-json\/wp\/v2\/comments?post=116939"}],"version-history":[{"count":0,"href":"https:\/\/www.europesays.com\/pl\/wp-json\/wp\/v2\/posts\/116939\/revisions"}],"wp:featuredmedia":[{"embeddable":true,"href":"https:\/\/www.europesays.com\/pl\/wp-json\/wp\/v2\/media\/116940"}],"wp:attachment":[{"href":"https:\/\/www.europesays.com\/pl\/wp-json\/wp\/v2\/media?parent=116939"}],"wp:term":[{"taxonomy":"category","embeddable":true,"href":"https:\/\/www.europesays.com\/pl\/wp-json\/wp\/v2\/categories?post=116939"},{"taxonomy":"post_tag","embeddable":true,"href":"https:\/\/www.europesays.com\/pl\/wp-json\/wp\/v2\/tags?post=116939"}],"curies":[{"name":"wp","href":"https:\/\/api.w.org\/{rel}","templated":true}]}}