{"id":116941,"date":"2025-11-25T04:46:08","date_gmt":"2025-11-25T04:46:08","guid":{"rendered":"https:\/\/www.europesays.com\/pl\/116941\/"},"modified":"2025-11-25T04:46:08","modified_gmt":"2025-11-25T04:46:08","slug":"awaria-var-w-meczu-ekstraklasy-dwie-wielkie-kontrowersje-oto-powod-przeglad-sportowy-onet","status":"publish","type":"post","link":"https:\/\/www.europesays.com\/pl\/116941\/","title":{"rendered":"Awaria VAR w meczu Ekstraklasy! Dwie wielkie kontrowersje. Oto pow\u00f3d &#8211; Przegl\u0105d Sportowy Onet"},"content":{"rendered":"<ol>\n<li><a href=\"https:\/\/news.google.com\/rss\/articles\/CBMiywFBVV95cUxQYWRVdWg3Z2w4RWxTR2ptUnNtcjljZE9wY3FQWVEzd3R0VnpvdHNOUlVOaEoyM0h2cGtpUjY5X29iRkZ0YnRzQjBad2Q2Vm9QSjQxdF9pZzkzZW1pczEyc0NRREJRMjNCMW83RGRSNlZ0QUw2Njc0ZEVRaTVsbTlvdDZKZFRnYThqZUQwaUlqZG5vRVIzV3d4YlA1Mkx4ZFMyTllmejJIQmMybXBPV3FYUDJYNXJjNEx0MlZlNzNDb0JoN0o2SDFHOWRSYw?oc=5\" target=\"_blank\" rel=\"nofollow noopener\">Awaria VAR w meczu Ekstraklasy! Dwie wielkie kontrowersje. Oto pow\u00f3d<\/a>&nbsp;&nbsp;Przegl\u0105d Sportowy Onet<\/li>\n<li><a href=\"https:\/\/news.google.com\/rss\/articles\/CBMizwFBVV95cUxOM1FrV2NCd1J2UkpnUThMTDlOZ1NoVE1LZ1llbnpkRTJHWnBXYmNROUpYMXlwcENSOTY0QVdoRUZrYV9Kak53ZnlHclh2dUNZcWtKOE5mMER2bXRqMmFrcHFscnZON0IwanVyUy1FNkNTVUlxejlUME1PSUpxYUtnb1BNTnpVSHVDMEVZQ2pZWlNFTFotRTFCeC02MkxBMEw4RVV5MFRIRWhET1dHdmZUX1NYZXJuX0s4aXNWMzNWdVp1c1JINUpfVDRvSHFNV0U?oc=5\" target=\"_blank\" rel=\"nofollow noopener\">Pogo\u0144 Szczecin &#8211; Zag\u0142\u0119bie Lubin: relacja na \u017cywo. PKO BP Ekstraklasa LIVE<\/a>&nbsp;&nbsp;Przegl\u0105d Sportowy Onet<\/li>\n<li><a href=\"https:\/\/news.google.com\/rss\/articles\/CBMipgFBVV95cUxOd3c0OTRWeEVLcVJJSkVJeDZxVnQ1ZnhnSjhLYVA2RGVYWkdqQmN3emg1c2FPVEs4TGx3RW1iQkFiR2N1UGRfMmFWTjlHQWxjNDBCM1lhS3VfYmI5aHBNMjRRTWF2SzdiRUJSdjFyeGZXNVB4czFUbXpSNDR3b2taTzUxZlJfNDgwMUlZbzRnUEdVRGMtSHEwdVJKb0xPZkRZVGRSX2FB?oc=5\" target=\"_blank\" rel=\"nofollow noopener\">Lanie w PKO Ekstraklasie. Pogo\u0144 Szczecin odpali\u0142a armaty<\/a>&nbsp;&nbsp;SportoweFakty<\/li>\n<li><a href=\"https:\/\/news.google.com\/rss\/articles\/CBMiugFBVV95cUxQWG5FNzI2dWNDYzIwcFdSb0M1YlQtT0xBWHpoTzhCaVEzMzdMNENLZkZtc0JacVJMUEVrYjRwN195ejRWdUktbXV2SWRWdGZIM1RHeUwxaV9wRXNJc1dvekZOelNfSW9rbFoxYk5mcjYzbmtIOWhWQ2FYM0lyOEJHTmRLbEdVS0ZBQjRYTkxXVnVMUENWUU1fUGxxZEdpcllPTTd5TmRQam9JTGE3ZTVpNjFxcXVyZ2VoZ2c?oc=5\" target=\"_blank\" rel=\"nofollow noopener\">W Szczecinie odliczyli do pi\u0119ciu! Pi\u0142karska miazga w meczu Ekstraklasy Pi\u0142ka no\u017cna<\/a>&nbsp;&nbsp;Sport.pl<\/li>\n<li><a href=\"https:\/\/news.google.com\/rss\/articles\/CBMingFBVV95cUxNcVpkZWZ1cUFZRE0wamxWSnBQSFM1MXR0NHVyYVBsbHkwYzQ3UWdjOFRvemY4elJMNGV2V1hZWmdtMTNPYkM1SXdRVE5KQjRULVpVTXpyb0FJcHZEM2FxTlFucndWdEFCck1rQ01uN1NBY0VFcEhzNmZoMUdHT2tWbzlYUW9RT3R0RlBGUnMweFdBSWJ5N3NPTTE5R1RNQQ?oc=5\" target=\"_blank\" rel=\"nofollow noopener\">Ale\u017c wygrana Pogoni. Wynik genialny, gra niekoniecznie<\/a>&nbsp;&nbsp;Meczyki.pl<\/li>\n<\/ol>\n","protected":false},"excerpt":{"rendered":"Awaria VAR w meczu Ekstraklasy! Dwie wielkie kontrowersje. Oto pow\u00f3d&nbsp;&nbsp;Przegl\u0105d Sportowy Onet Pogo\u0144 Szczecin &#8211; Zag\u0142\u0119bie Lubin: relacja&hellip;\n","protected":false},"author":2,"featured_media":116942,"comment_status":"","ping_status":"","sticky":false,"template":"","format":"standard","meta":{"footnotes":""},"categories":[5],"tags":[32,33,274,36,37,27,67,34,35,28,31,25,549,42,275,38,40,39,41,136,128,47,135,29,30,26,130,3376],"class_list":{"0":"post-116941","1":"post","2":"type-post","3":"status-publish","4":"format-standard","5":"has-post-thumbnail","7":"category-naglowki","8":"tag-breaking-news","9":"tag-breakingnews","10":"tag-ekstraklasa","11":"tag-featured-news","12":"tag-featurednews","13":"tag-headlines","14":"tag-intextvideo_splayer","15":"tag-latest-news","16":"tag-latestnews","17":"tag-naglowki","18":"tag-najwazniejsze-artykuly","19":"tag-news","20":"tag-pber","21":"tag-pl","22":"tag-pogon_szczecin","23":"tag-poland","24":"tag-polish","25":"tag-polska","26":"tag-polski","27":"tag-ps_detal_new","28":"tag-psv2","29":"tag-screening_general","30":"tag-sport_sport","31":"tag-top-stories","32":"tag-topstories","33":"tag-wiadomosci","34":"tag-wiadomosci_sportowe","35":"tag-zaglebie_lubin"},"share_on_mastodon":{"url":"https:\/\/pubeurope.com\/@pl\/115608524095844863","error":""},"_links":{"self":[{"href":"https:\/\/www.europesays.com\/pl\/wp-json\/wp\/v2\/posts\/116941","targetHints":{"allow":["GET"]}}],"collection":[{"href":"https:\/\/www.europesays.com\/pl\/wp-json\/wp\/v2\/posts"}],"about":[{"href":"https:\/\/www.europesays.com\/pl\/wp-json\/wp\/v2\/types\/post"}],"author":[{"embeddable":true,"href":"https:\/\/www.europesays.com\/pl\/wp-json\/wp\/v2\/users\/2"}],"replies":[{"embeddable":true,"href":"https:\/\/www.europesays.com\/pl\/wp-json\/wp\/v2\/comments?post=116941"}],"version-history":[{"count":0,"href":"https:\/\/www.europesays.com\/pl\/wp-json\/wp\/v2\/posts\/116941\/revisions"}],"wp:featuredmedia":[{"embeddable":true,"href":"https:\/\/www.europesays.com\/pl\/wp-json\/wp\/v2\/media\/116942"}],"wp:attachment":[{"href":"https:\/\/www.europesays.com\/pl\/wp-json\/wp\/v2\/media?parent=116941"}],"wp:term":[{"taxonomy":"category","embeddable":true,"href":"https:\/\/www.europesays.com\/pl\/wp-json\/wp\/v2\/categories?post=116941"},{"taxonomy":"post_tag","embeddable":true,"href":"https:\/\/www.europesays.com\/pl\/wp-json\/wp\/v2\/tags?post=116941"}],"curies":[{"name":"wp","href":"https:\/\/api.w.org\/{rel}","templated":true}]}}