{"id":116945,"date":"2025-11-25T05:00:15","date_gmt":"2025-11-25T05:00:15","guid":{"rendered":"https:\/\/www.europesays.com\/pl\/116945\/"},"modified":"2025-11-25T05:00:15","modified_gmt":"2025-11-25T05:00:15","slug":"maduro-uznany-przez-administracje-trumpa-za-czlonka-organizacji-terrorystycznej","status":"publish","type":"post","link":"https:\/\/www.europesays.com\/pl\/116945\/","title":{"rendered":"Maduro uznany przez administracj\u0119 Trumpa za cz\u0142onka organizacji terrorystycznej"},"content":{"rendered":"<p data-section=\"detail-body\">Wed\u0142ug komunikat\u00f3w Waszyngtonu, od poniedzia\u0142ku Stany Zjednoczone traktuj\u0105 tzw. Cartel de los Soles jako zagraniczn\u0105 organizacj\u0119 terrorystyczn\u0105. To okre\u015blenie, kt\u00f3rym eksperci od lat opisuj\u0105 sie\u0107 skorumpowanych funkcjonariuszy wenezuelskich si\u0142 zbrojnych powi\u0105zanych z przemytem narkotyk\u00f3w. <\/p>\n<p class=\"article_p\" data-section=\"detail-body\">Formalne wpisanie tej struktury na list\u0119 organizacji terrorystycznych automatycznie obejmuje ni\u0105 tak\u017ce Maduro i jego najbli\u017csze otoczenie.<\/p>\n<p class=\"article_p\" data-section=\"detail-body\">Prezydent Trump zyskuje teraz dodatkowe mo\u017cliwo\u015bci nak\u0142adania sankcji na maj\u0105tek oraz infrastruktur\u0119 powi\u0105zan\u0105 z wenezuelskimi w\u0142adzami. To jeden z najpowa\u017cniejszych instrument\u00f3w w arsenale Departamentu Stanu \u2013 u\u017cywany zazwyczaj wobec ugrupowa\u0144 <a href=\"https:\/\/businessinsider.com.pl\/wiadomosci\/to-ugrupowanie-rebeliantow-obalilo-przywodce-syrii\/zlhghey\" id=\"b34743e1-38fe-4670-9b8c-041537f905ba\" rel=\"nofollow noopener\" target=\"_blank\">takich jak Al-Kaida<\/a>. Prawnicy podkre\u015blaj\u0105, \u017ce sam ten krok nie daje Bia\u0142emu Domowi automatycznego zielonego \u015bwiat\u0142a do u\u017cycia si\u0142y zbrojnej, ale pod wzgl\u0119dem politycznym i operacyjnym znacz\u0105co obni\u017ca pr\u00f3g dla bardziej agresywnych dzia\u0142a\u0144.<\/p>\n<p>        USA chce skuteczniej walczy\u0107 z kartelami<\/p>\n<p class=\"article_p\" data-section=\"detail-body\">Cartel de los Soles nie jest przy tym klasycznym kartelem narkotykowym z jedn\u0105 struktur\u0105 dowodzenia. Specjali\u015bci opisuj\u0105 go jako lu\u017ano powi\u0105zan\u0105, zdecentralizowan\u0105 sie\u0107 frakcji wewn\u0105trz si\u0142 zbrojnych Wenezueli i aparatu pa\u0144stwowego, kt\u00f3re maj\u0105 czerpa\u0107 korzy\u015bci z handlu narkotykami i innych nielegalnych operacji. <\/p>\n<p>            Czytaj tak\u017ce w BUSINESS INSIDER<\/p>\n<p class=\"article_p\" data-section=\"detail-body\">Rz\u0105d Maduro konsekwentnie zaprzecza zar\u00f3wno istnieniu samego kartelu, jak i oskar\u017ceniom o osobisty udzia\u0142 prezydenta w przemycie narkotyk\u00f3w. Cz\u0119\u015b\u0107 analityk\u00f3w podkre\u015bla wr\u0119cz, \u017ce Cartel de los Soles to bardziej publicystyczna etykieta ni\u017c sp\u00f3jna organizacja w klasycznym sensie. To tym bardziej czyni decyzj\u0119 Waszyngtonu kontrowersyjn\u0105.<\/p>\n<p class=\"article_p\" data-section=\"detail-body\">Tymczasem administracja Trumpa wyra\u017anie stara si\u0119 wykorzysta\u0107 now\u0105 kwalifikacj\u0119 prawn\u0105 jako trampolin\u0119 do dalszej eskalacji presji. Urz\u0119dnicy Bia\u0142ego Domu m\u00f3wi\u0105, \u017ce wpisanie Cartel de los Soles na list\u0119 organizacji terrorystycznych daje USA &#8222;rozszerzone opcje militarne&#8221; w zakresie potencjalnych uderze\u0144 na terytorium Wenezueli \u2014 podaje CNN.<\/p>\n<p class=\"article_p\" data-section=\"detail-body\">Dalsza cz\u0119\u015b\u0107 pod materia\u0142em wideo:<\/p>\n<p class=\"article_p\" data-section=\"detail-body\">Prezydent mia\u0142 ju\u017c zosta\u0107 zapoznany przez najwy\u017cszych rang\u0105 doradc\u00f3w z wachlarzem mo\u017cliwych scenariuszy: od atak\u00f3w na wybrane cele wojskowe i rz\u0105dowe, przez operacje si\u0142 specjalnych, a\u017c po zachowanie status quo i dalsze ograniczanie si\u0119 do sankcji oraz presji dyplomatycznej.<\/p>\n<p class=\"article_p\" data-section=\"detail-body\">W tle toczy si\u0119 powa\u017cna operacja wojskowa. Pod egid\u0105 Pentagonu w regionie dzia\u0142a Operation Southern Spear \u2013 rozbudowana kampania wymierzona oficjalnie w kartele narkotykowe i nielegalne szlaki przerzutowe. Do okolic <a href=\"https:\/\/businessinsider.com.pl\/wenezuela\" id=\"dfe6abbd-d834-4558-b19a-e1ff23696f72\" target=\"_blank\" rel=\"nofollow noopener\">Wenezueli<\/a> skierowano ponad tuzin okr\u0119t\u00f3w wojennych i oko\u0142o 15 tys. \u017co\u0142nierzy. W ramach dzia\u0142a\u0144 przeciwprzemytniczych ameryka\u0144skie si\u0142y przeprowadzi\u0142y ju\u017c szereg atak\u00f3w na \u0142odzie, w kt\u00f3rych zgin\u0119\u0142y dziesi\u0105tki os\u00f3b podejrzewanych o udzia\u0142 w narkobiznesie.<\/p>\n<p class=\"article_p\" data-section=\"detail-body\">Zdecydowana wi\u0119kszo\u015b\u0107 Amerykan\u00f3w nie chce anga\u017cowania si\u0119 w kolejn\u0105 zagraniczn\u0105 interwencj\u0119. Z sonda\u017cu CBS News\/YouGov wynika, \u017ce a\u017c 70 proc. badanych sprzeciwia si\u0119 u\u017cyciu si\u0142y militarnej w Wenezueli, podczas gdy 30 proc. takie dzia\u0142ania popiera. Co wi\u0119cej, 76 proc. respondent\u00f3w uwa\u017ca, \u017ce administracja Trumpa nie wyja\u015bni\u0142a dot\u0105d w wystarczaj\u0105co jasny spos\u00f3b swojego stanowiska w sprawie ewentualnej interwencji. Polityczny koszt eskalacji m\u00f3g\u0142by wi\u0119c by\u0107 dla Bia\u0142ego Domu wysoki, zw\u0142aszcza w roku wyborczym.<\/p>\n<p class=\"article_p\" data-section=\"detail-body\">Sprawd\u017a te\u017c: <a href=\"https:\/\/businessinsider.com.pl\/finanse\/handel\/rosja-pod-presja-banki-z-chin-i-indii-ograniczaja-wspolprace-z-lukoil\/7q4g4ve\" id=\"11fc80d9-e22b-44c8-b88e-c1388cb24386\" rel=\"nofollow noopener\" target=\"_blank\">Chi\u0144skie i indyjskie firmy dystansuj\u0105 si\u0119 od rosyjskich firm naftowych. Pow\u00f3d? Sankcje USA<\/a><\/p>\n<p>        Oficjalne stanowisko administracji<\/p>\n<p class=\"article_p\" data-section=\"detail-body\">Oficjalnie Waszyngton utrzymuje, \u017ce celem operacji jest ograniczenie nielegalnych przep\u0142yw\u00f3w narkotyk\u00f3w i migrant\u00f3w. Jednak nawet ameryka\u0144scy urz\u0119dnicy przyznaj\u0105, \u017ce potencjalnym efektem ubocznym mo\u017ce by\u0107 zmiana re\u017cimu w Caracas. Strategia zak\u0142ada, \u017ce kombinacja sankcji, presji militarnej i izolacji dyplomatycznej doprowadzi do os\u0142abienia w\u0142adzy Maduro na tyle, \u017ce ten ust\u0105pi bez konieczno\u015bci przeprowadzania pe\u0142noskalowej interwencji.<\/p>\n<p class=\"article_p\" data-section=\"detail-body\">R\u00f3wnocze\u015bnie Trump stara si\u0119 zostawi\u0107 sobie otwart\u0105 furtk\u0119 do rozm\u00f3w. Niedawno powiedzia\u0142, \u017ce Maduro &#8222;chcia\u0142by rozmawia\u0107&#8221;, po czym zasugerowa\u0142, \u017ce sam r\u00f3wnie\u017c by\u0142by got\u00f3w na takie spotkanie w odpowiednim momencie. To klasyczna gra na dw\u00f3ch frontach \u2014 z jednej strony demonstrowanie si\u0142y i gotowo\u015bci do twardej konfrontacji, z drugiej komunikat do spo\u0142eczno\u015bci mi\u0119dzynarodowej, \u017ce dyplomatyczne rozwi\u0105zanie wci\u0105\u017c jest na stole. Bia\u0142y Dom nie odni\u00f3s\u0142 si\u0119 dot\u0105d szczeg\u00f3\u0142owo do statusu ewentualnej rozmowy Trump\u2013Maduro.<\/p>\n<p class=\"article_p\" data-section=\"detail-body\">Napi\u0119cie w regionie stale ro\u015bnie. W ostatni czwartek Stany Zjednoczone przeprowadzi\u0142y najwi\u0119kszy od pocz\u0105tku kryzysu pokaz si\u0142y w pobli\u017cu Wenezueli. Przez kilka godzin w przestrzeni powietrznej nad wodami u jej wybrze\u017cy pojawia\u0142o si\u0119 co najmniej sze\u015b\u0107 samolot\u00f3w USA, w tym nadd\u017awi\u0119kowy my\u015bliwiec F\/A-18E, strategiczny bombowiec B-52 oraz maszyny rozpoznawcze. To wyra\u017any sygna\u0142 zar\u00f3wno do Caracas, jak i do sojusznik\u00f3w w regionie, \u017ce wojsko ameryka\u0144skie jest gotowe szybko przej\u015b\u0107 do dzia\u0142a\u0144.<\/p>\n<p class=\"article_p\" data-section=\"detail-body\">Niepok\u00f3j przenosi si\u0119 te\u017c na sektor cywilny. Po ostrze\u017ceniu Federalnej Administracji Lotnictwa (FAA) przed potencjalnie niebezpieczn\u0105 sytuacj\u0105 w przestrzeni powietrznej nad Wenezuel\u0105 trzy mi\u0119dzynarodowe linie lotnicze odwo\u0142a\u0142y rejsy startuj\u0105ce z tego kraju.<\/p>\n<p class=\"article_p\" data-section=\"detail-body\">Formalne uznanie Maduro i jego wsp\u00f3\u0142pracownik\u00f3w za cz\u0142onk\u00f3w zagranicznej organizacji terrorystycznej sprawia, \u017ce konflikt mi\u0119dzy Waszyngtonem a Caracas wchodzi w now\u0105 faz\u0119. Z politycznego sporu o charakter re\u017cimu i \u0142amanie praw cz\u0142owieka staje si\u0119 cz\u0119\u015bci\u0105 szerszej wojny z terroryzmem, prowadzonej przez USA od dw\u00f3ch dekad.<\/p>\n","protected":false},"excerpt":{"rendered":"Wed\u0142ug komunikat\u00f3w Waszyngtonu, od poniedzia\u0142ku Stany Zjednoczone traktuj\u0105 tzw. Cartel de los Soles jako zagraniczn\u0105 organizacj\u0119 terrorystyczn\u0105. To&hellip;\n","protected":false},"author":2,"featured_media":116946,"comment_status":"","ping_status":"","sticky":false,"template":"","format":"standard","meta":{"footnotes":""},"categories":[5],"tags":[32,33,36,37,27,34,35,28,31,25,42,38,40,39,41,29,30,26],"class_list":{"0":"post-116945","1":"post","2":"type-post","3":"status-publish","4":"format-standard","5":"has-post-thumbnail","7":"category-naglowki","8":"tag-breaking-news","9":"tag-breakingnews","10":"tag-featured-news","11":"tag-featurednews","12":"tag-headlines","13":"tag-latest-news","14":"tag-latestnews","15":"tag-naglowki","16":"tag-najwazniejsze-artykuly","17":"tag-news","18":"tag-pl","19":"tag-poland","20":"tag-polish","21":"tag-polska","22":"tag-polski","23":"tag-top-stories","24":"tag-topstories","25":"tag-wiadomosci"},"share_on_mastodon":{"url":"https:\/\/pubeurope.com\/@pl\/115608579140893001","error":""},"_links":{"self":[{"href":"https:\/\/www.europesays.com\/pl\/wp-json\/wp\/v2\/posts\/116945","targetHints":{"allow":["GET"]}}],"collection":[{"href":"https:\/\/www.europesays.com\/pl\/wp-json\/wp\/v2\/posts"}],"about":[{"href":"https:\/\/www.europesays.com\/pl\/wp-json\/wp\/v2\/types\/post"}],"author":[{"embeddable":true,"href":"https:\/\/www.europesays.com\/pl\/wp-json\/wp\/v2\/users\/2"}],"replies":[{"embeddable":true,"href":"https:\/\/www.europesays.com\/pl\/wp-json\/wp\/v2\/comments?post=116945"}],"version-history":[{"count":0,"href":"https:\/\/www.europesays.com\/pl\/wp-json\/wp\/v2\/posts\/116945\/revisions"}],"wp:featuredmedia":[{"embeddable":true,"href":"https:\/\/www.europesays.com\/pl\/wp-json\/wp\/v2\/media\/116946"}],"wp:attachment":[{"href":"https:\/\/www.europesays.com\/pl\/wp-json\/wp\/v2\/media?parent=116945"}],"wp:term":[{"taxonomy":"category","embeddable":true,"href":"https:\/\/www.europesays.com\/pl\/wp-json\/wp\/v2\/categories?post=116945"},{"taxonomy":"post_tag","embeddable":true,"href":"https:\/\/www.europesays.com\/pl\/wp-json\/wp\/v2\/tags?post=116945"}],"curies":[{"name":"wp","href":"https:\/\/api.w.org\/{rel}","templated":true}]}}