{"id":116947,"date":"2025-11-25T05:07:13","date_gmt":"2025-11-25T05:07:13","guid":{"rendered":"https:\/\/www.europesays.com\/pl\/116947\/"},"modified":"2025-11-25T05:07:13","modified_gmt":"2025-11-25T05:07:13","slug":"zaskakuj%c2%b1ce-doniesienia-kolejna-rewolucja-w-pytaniu-na-%c2%b6niadanie-wiadomo-kogo-zast%c2%b1pi-agnieszka-wo%c2%bcniak-starak","status":"publish","type":"post","link":"https:\/\/www.europesays.com\/pl\/116947\/","title":{"rendered":"Zaskakuj\u00b1ce doniesienia! Kolejna rewolucja w 'Pytaniu na \u00b6niadanie&#8217;. Wiadomo, kogo zast\u00b1pi Agnieszka Wo\u00bcniak-Starak"},"content":{"rendered":"<p class=\"art_paragraph\">Czy\u017cby w Telewizji Polskiej szykowa\u0142a si\u0119 nowa rewolucja? Wszystko na to wskazuje. Chodzi konkretnie o &#8222;<a href=\"https:\/\/www.plotek.pl\/pytanie-na-sniadanie\" class=\"art_link\" rel=\"nofollow noopener\" target=\"_blank\">Pytanie na \u015bniadanie&#8221;<\/a>. Jeszcze niedawno do \u015bniadani\u00f3wki do\u0142\u0105czyli <a href=\"https:\/\/www.plotek.pl\/marzena-rogalska\" class=\"art_link\" rel=\"nofollow noopener\" target=\"_blank\">Marzena Rogalska<\/a> i <a href=\"https:\/\/www.plotek.pl\/lukasz-nowicki\" class=\"art_link\" rel=\"nofollow noopener\" target=\"_blank\">\u0141ukasz Nowicki<\/a>. Z nieoficjalnych tre\u015bci w sieci wynika, \u017ce <a href=\"https:\/\/www.plotek.pl\/agnieszka-wozniak-starak\" class=\"art_link\" rel=\"nofollow noopener\" target=\"_blank\">Agnieszka Wo\u017aniak-Starak<\/a> ju\u017c w grudniu po 13 latach wr\u00f3ci do formatu. Nie jest to jedyna nowa zmiana w &#8222;Pytaniu na \u015bniadanie&#8221;. Z programem po\u017cegna\u0142a si\u0119 <a href=\"https:\/\/www.plotek.pl\/krystyna-sokolowska\" class=\"art_link\" rel=\"nofollow noopener\" target=\"_blank\">Krystyna Soko\u0142owska<\/a>. To jednak nie koniec zmian.<\/p>\n<p>\n    Zobacz wideo Wo\u017aniak-Starak wraca na chwil\u0119 do DDTVN. Ten wniosek daje do my\u015blenia\n  <\/p>\n<p> Wielka rewolucja w &#8222;Pytaniu na \u015bniadanie&#8221;. Co za doniesienia!<\/p>\n<p class=\"art_paragraph\">&#8222;Krysia zostaje w Telewizji Polskiej. Otrzyma\u0142a ciekaw\u0105 propozycj\u0119 i widzowie z pewno\u015bci\u0105 jeszcze o niej us\u0142ysz\u0105&#8221; &#8211; przekaza\u0142 informator Pudelka.\u00a0Co zatem z Robertem Stockingerem, z kt\u00f3rym dotychczas tworzy\u0142a duet? Wed\u0142ug informacji portalu u jego boku rzekomo ma pojawi\u0107 si\u0119 <a href=\"https:\/\/www.plotek.pl\/anna-lewandowska#anchorLink\" rel=\"nofollow noopener\" target=\"_blank\">Anna Lewandowska<\/a>. Natomiast \u0141ukasz Kadziewicz, jej by\u0142y partner ekranowy, prawdopodobnie stworzy nowy duet z Agnieszk\u0105 Wo\u017aniak-Starak. To w\u0142a\u015bnie on\u00a0&#8222;nie b\u0119dzie mia\u0142 pary&#8221;.\u00a0&#8222;Ania i Robert mieli ju\u017c okazj\u0119 sprawdzi\u0107 si\u0119 jako duet prowadz\u0105cych. Jeste\u015bmy zadowoleni z tego, jak wypadli. Niezmiennie ws\u0142uchujemy si\u0119 w g\u0142osy widz\u00f3w, bo to oni s\u0105 dla nas najwa\u017cniejsi. Staramy si\u0119 reagowa\u0107 na konstruktywn\u0105 krytyk\u0119. Je\u015bli zajdzie taka potrzeba, b\u0119dziemy wprowadza\u0107 kolejne zmiany&#8221; &#8211; zdradzi\u0142 informator Pudelka z produkcji. Co s\u0105dzicie?<\/p>\n<p> &#8222;Pytanie na \u015bniadanie&#8221;. Powr\u00f3t Agnieszki Wo\u017aniak-Starak? W sieci a\u017c huczy od plotek<\/p>\n<p class=\"art_paragraph\">Niedawno dosz\u0142o do wyczekiwanego i Wo\u017aniak-Starak pojawi\u0142a si\u0119 w\u00a0<a href=\"https:\/\/www.plotek.pl\/tvp#anchorLink\" rel=\"nofollow noopener\" target=\"_blank\">TVP<\/a>, cho\u0107 tym razem w roli go\u015bcini. W &#8222;Pytaniu na \u015bniadanie&#8221; porozmawia\u0142a na temat praw zwierz\u0105t. Wed\u0142ug Pudelka to wywo\u0142a\u0142o u\u00a0dziennikarki nostalgi\u0119 za prac\u0105 w \u015bniadani\u00f3wce. Podobno\u00a0wyrazi\u0142a ch\u0119\u0107 powrotu do TVP.\u00a0&#8222;Byli\u015bmy tym pozytywnie zaskoczeni. Rozmowy przebieg\u0142y pomy\u015blnie i wkr\u00f3tce b\u0119dziemy mogli podzieli\u0107 si\u0119 szczeg\u00f3\u0142ami. Cieszymy si\u0119, \u017ce taka profesjonalistka zasili grono prowadz\u0105cych&#8221; &#8211; zdradzi\u0142o serwisowi \u017ar\u00f3d\u0142o zwi\u0105zane z &#8222;<a href=\"https:\/\/www.plotek.pl\/pytanie-na-sniadanie#anchorLink\" rel=\"nofollow noopener\" target=\"_blank\">Pytaniem na \u00b6niadanie<\/a>&#8222;.<\/p>\n<p class=\"art_paragraph\">Plejada skontaktowa\u0142a si\u0119 z Agnieszk\u0105 Wo\u017aniak-Starak. &#8211;\u00a0Nic nie widzia\u0142am, nic nie wiem, nic nie komentuj\u0119\u00a0&#8211; wyzna\u0142a dziennikarka. Portal informuje jednak, \u017ce nieoficjalnie uda\u0142o im si\u0119 dowiedzie\u0107, \u017ce\u00a0Wo\u017aniak-Starak\u00a0ma zadebiutowa\u0107 w &#8222;Pytaniu na \u015bniadanie&#8221; ju\u017c\u00a0w grudniu. Cieszycie si\u0119?\u00a0ZOBACZ TE\u017b: <a href=\"https:\/\/www.plotek.pl\/pytanie-na-sniadanie#:~:text=Kwa%C5%9Bniewska%20i%20Badach%20w%20pierwszym%20wsp%C3%B3lnym%20wywiadzie%20od%20lat.%20%22Gdybym%20nie%20zwi%C4%85za%C5%82a%20si%C4%99%20z%20Kub%C4%85...%22\" class=\"art_link\" rel=\"dofollow noopener\" target=\"_blank\">Kwa\u015bniewska i Badach w pierwszym wsp\u00f3lnym wywiadzie od lat. &#8222;Gdybym nie zwi\u0105za\u0142a si\u0119 z Kub\u0105&#8230;&#8221;<\/a><\/p>\n","protected":false},"excerpt":{"rendered":"Czy\u017cby w Telewizji Polskiej szykowa\u0142a si\u0119 nowa rewolucja? Wszystko na to wskazuje. Chodzi konkretnie o &#8222;Pytanie na \u015bniadanie&#8221;.&hellip;\n","protected":false},"author":2,"featured_media":116948,"comment_status":"","ping_status":"","sticky":false,"template":"","format":"standard","meta":{"footnotes":""},"categories":[5],"tags":[32,33,36,37,27,34,35,28,31,25,42,38,40,39,41,29,30,26],"class_list":{"0":"post-116947","1":"post","2":"type-post","3":"status-publish","4":"format-standard","5":"has-post-thumbnail","7":"category-naglowki","8":"tag-breaking-news","9":"tag-breakingnews","10":"tag-featured-news","11":"tag-featurednews","12":"tag-headlines","13":"tag-latest-news","14":"tag-latestnews","15":"tag-naglowki","16":"tag-najwazniejsze-artykuly","17":"tag-news","18":"tag-pl","19":"tag-poland","20":"tag-polish","21":"tag-polska","22":"tag-polski","23":"tag-top-stories","24":"tag-topstories","25":"tag-wiadomosci"},"share_on_mastodon":{"url":"https:\/\/pubeurope.com\/@pl\/115608606720059317","error":""},"_links":{"self":[{"href":"https:\/\/www.europesays.com\/pl\/wp-json\/wp\/v2\/posts\/116947","targetHints":{"allow":["GET"]}}],"collection":[{"href":"https:\/\/www.europesays.com\/pl\/wp-json\/wp\/v2\/posts"}],"about":[{"href":"https:\/\/www.europesays.com\/pl\/wp-json\/wp\/v2\/types\/post"}],"author":[{"embeddable":true,"href":"https:\/\/www.europesays.com\/pl\/wp-json\/wp\/v2\/users\/2"}],"replies":[{"embeddable":true,"href":"https:\/\/www.europesays.com\/pl\/wp-json\/wp\/v2\/comments?post=116947"}],"version-history":[{"count":0,"href":"https:\/\/www.europesays.com\/pl\/wp-json\/wp\/v2\/posts\/116947\/revisions"}],"wp:featuredmedia":[{"embeddable":true,"href":"https:\/\/www.europesays.com\/pl\/wp-json\/wp\/v2\/media\/116948"}],"wp:attachment":[{"href":"https:\/\/www.europesays.com\/pl\/wp-json\/wp\/v2\/media?parent=116947"}],"wp:term":[{"taxonomy":"category","embeddable":true,"href":"https:\/\/www.europesays.com\/pl\/wp-json\/wp\/v2\/categories?post=116947"},{"taxonomy":"post_tag","embeddable":true,"href":"https:\/\/www.europesays.com\/pl\/wp-json\/wp\/v2\/tags?post=116947"}],"curies":[{"name":"wp","href":"https:\/\/api.w.org\/{rel}","templated":true}]}}