{"id":116949,"date":"2025-11-25T05:19:08","date_gmt":"2025-11-25T05:19:08","guid":{"rendered":"https:\/\/www.europesays.com\/pl\/116949\/"},"modified":"2025-11-25T05:19:08","modified_gmt":"2025-11-25T05:19:08","slug":"trump-negocjuje-zelenski-alarmuje-putin-atakuje-podsumowanie-nocy","status":"publish","type":"post","link":"https:\/\/www.europesays.com\/pl\/116949\/","title":{"rendered":"Trump negocjuje, Ze\u0142enski alarmuje, Putin atakuje. Podsumowanie nocy"},"content":{"rendered":"<p>Co wydarzy\u0142o si\u0119 na \u015bwiecie?<\/p>\n<p>Plan pokojowy dla Ukrainy jest tematem numer 1 w ostatnich dniach i godzinach. Prezydent Ukrainy Wo\u0142odymyr Ze\u0142enski o\u015bwiadczy\u0142, \u017ce po rozmowach ukrai\u0144skiej delegacji z przedstawicielami USA i Europy w Genewie liczba punkt\u00f3w ameryka\u0144skiej propozycji pokojowej zosta\u0142a zmniejszona i &#8222;nie wynosi ju\u017c 28.<\/p>\n<p class=\"Paragraph_desktopParagraph__U31Gm\">Optymistycznie o dzia\u0142aniach dyplomatycznych wypowiedzia\u0142a si\u0119 rzeczniczka Bia\u0142ego Domu. \u2014 Czujemy, \u017ce jeste\u015bmy w bardzo dobrej sytuacji. <a href=\"https:\/\/wiadomosci.onet.pl\/swiat\/plan-pokojowy-dla-ukrainy-noca-bialy-dom-przekazal-najnowsze-informacje\/e2mn1yt\" id=\"40539056-8926-4abc-94b1-515168b665f5\" rel=\"nofollow noopener\" target=\"_blank\">Prezydentowi [Donaldowi Trumpowi] nale\u017c\u0105 si\u0119 ogromne s\u0142owa uznania za energi\u0119 i wysi\u0142ek, jakie w\u0142o\u017cy\u0142 w pr\u00f3by doprowadzenia obu stron do zako\u0144czenia tej wojny. Chce, \u017ceby zabijanie si\u0119 sko\u0144czy\u0142o \u2014 podkre\u015bli\u0142a Karoline Leavitt,<\/a> dodaj\u0105c, \u017ce &#8222;rozmowy maj\u0105ce na celu zako\u0144czenie wojny w Ukrainie przynios\u0142y efekty, ale wci\u0105\u017c istnieje kilka punkt\u00f3w spornych&#8221;.<\/p>\n<ul class=\"OchatFollowUps_wrapper__1ry7X\">\n<li class=\"OchatFollowUps_item__Dhyly OchatFollowUps_itemDesktop__R6aBv\">Jakie s\u0105 szczeg\u00f3\u0142y planu pokojowego dla Ukrainy?<\/li>\n<li class=\"OchatFollowUps_item__Dhyly OchatFollowUps_itemDesktop__R6aBv\">Co m\u00f3wi\u0142 Wo\u0142odymyr Ze\u0142enski na temat atak\u00f3w Rosji?<\/li>\n<li class=\"OchatFollowUps_item__Dhyly OchatFollowUps_itemDesktop__R6aBv\">Jakie wydarzenia maj\u0105 miejsce w Polsce zwi\u0105zane z po\u017carem?<\/li>\n<li class=\"OchatFollowUps_item__Dhyly OchatFollowUps_itemDesktop__R6aBv\">Jak\u0105 prognoz\u0119 pogody przewiduje si\u0119 na wtorek?<\/li>\n<\/ul>\n<p class=\"Paragraph_desktopParagraph__U31Gm\"><a href=\"https:\/\/wiadomosci.onet.pl\/swiat\/nocny-wpis-wolodymyra-zelenskiego-na-x-prezydent-ukrainy-nie-ma-watpliwosci\/5lvbgys\" id=\"27266a76-6cf2-4b0e-9460-91cb5f424e93\" rel=\"nofollow noopener\" target=\"_blank\">Wo\u0142odymyr Ze\u0142enski ostrzeg\u0142 z kolei, \u017ce zabiegi dyplomatyczne mog\u0105 by\u0107 przyczyn\u0105 jeszcze wi\u0119kszej agresji ze strony Rosji, kt\u00f3ra si\u0142\u0105 zechce zdoby\u0107 jak najkorzystniejsz\u0105 pozycj\u0119 przed kluczowymi spotkaniami.<\/a> &#8222;Musimy by\u0107 \u015bwiadomi, \u017ce Rosja nie z\u0142agodzi presji na Ukrain\u0119. W tych dniach i tygodniach niezwykle wa\u017cne jest, aby bardzo powa\u017cnie traktowa\u0107 ostrze\u017cenia przed nalotami i wszelkie podobne gro\u017aby atak\u00f3w&#8221; \u2014 apelowa\u0142 w nocy do rodak\u00f3w prezydent Ukrainy.<\/p>\n<p class=\"Paragraph_desktopParagraph__U31Gm\">Potwierdzeniem jego s\u0142\u00f3w <a href=\"https:\/\/wiadomosci.onet.pl\/swiat\/nocny-atak-wojsk-putina-na-kijow-rosjanie-trafili-w-22-pietrowy-wiezowiec\/rwyxv73\" id=\"1335a595-e8de-444c-b276-3419510cd3ae\" rel=\"nofollow noopener\" target=\"_blank\">by\u0142 nocny atak Rosjan na bezbronnych cywil\u00f3w w Ukrainie. Wojska Putina zaatakowa\u0142y m.in. Kij\u00f3w i Odess\u0119.<\/a> <\/p>\n<p class=\"Paragraph_desktopParagraph__U31Gm\">Po godz. 1 w nocy mer Kijowa Witalij Kliczko przekaza\u0142, \u017ce trwa ewakuacja mieszka\u0144c\u00f3w 22-pi\u0119trowego budynku mieszkalnego w dzielnicy peczerskiej. \u2014 Zniszczone s\u0105 pi\u0119tra od 4. do 7., a w budynku wybuch\u0142 po\u017car \u2014 m\u00f3wi\u0142. &#8222;Atak wroga na stolic\u0119 trwa. Rakiety nad miastem. Kryjcie si\u0119 w schronach!&#8221; \u2014 alarmowa\u0142 w mediach spo\u0142eczno\u015bciowych. Nad ranem w\u0142adze Kijowa poinformowa\u0142y, \u017ce w wyniku atak\u00f3w zgin\u0119\u0142a jedna osoba.<\/p>\n<p>Co si\u0119 wydarzy\u0142o w Polsce? <\/p>\n<p class=\"Paragraph_desktopParagraph__U31Gm\">24 listopada o godz. 22 s\u0142u\u017cby ratunkowe z Olsztyna zosta\u0142y powiadomione o po\u017carze w popularnym hotelu przy ul. Ba\u0142tyckiej. Ogie\u0144 pojawi\u0142 si\u0119 przed godz. 22. Na miejsce zdarzenia natychmiast wys\u0142ano cztery zast\u0119py stra\u017cy po\u017carnej oraz pojazd z drabin\u0105. <a href=\"https:\/\/wiadomosci.onet.pl\/1764035418124\/4\/wiadomosci_onet_pl__olsztyn_pozar_hotelu_w_olsztynie_goscie_i_personel_zostali_ewakuowani_przez_straz_zbqecyz\" id=\"9a5bbb5b-ff93-4ae4-a2b5-df61cb156069\" rel=\"nofollow noopener\" target=\"_blank\">Po przybyciu pierwszych jednostek stra\u017cacy podj\u0119li decyzj\u0119 o natychmiastowej ewakuacji wszystkich go\u015bci i personelu z budynku.<\/a><\/p>\n<p>Jaka b\u0119dzie pogoda we wtorek? <\/p>\n<p class=\"Paragraph_desktopParagraph__U31Gm\">Dzi\u015b w pogodzie spodziewajmy si\u0119 sporo zamieszania. Wszystko z powodu ni\u017cu genue\u0144skiego, kt\u00f3ry zacznie wp\u0142ywa\u0107 na Polsk\u0119, przynosz\u0105c sporo r\u00f3\u017cnych zjawisk. Pojawi si\u0119 zar\u00f3wno deszcz, jak i deszcz ze \u015bniegiem i \u015bnieg. Ponadto nale\u017cy spodziewa\u0107 marzn\u0105cych opad\u00f3w powoduj\u0105cych go\u0142oled\u017a, a w cz\u0119\u015bci kraju da si\u0119 we znaki silny wiatr. <a href=\"https:\/\/wiadomosci.onet.pl\/pogoda\/dzis-w-pogodzie-nie-unikniemy-zamieszania-nadchodzi-niz-genuenski\/kf0cg3p\" id=\"b3361c1b-9ac3-4a36-88a5-695375eb3e9d\" rel=\"nofollow noopener\" target=\"_blank\">Sprawd\u017a szczeg\u00f3\u0142y prognozy na wtorek.<\/a><\/p>\n<p>Co wydarzy si\u0119 25 listopada? <\/p>\n<p class=\"Paragraph_desktopParagraph__U31Gm\">Na wtorek zaplanowano spotkanie pa\u0144stw tzw. koalicji ch\u0119tnych, czyli kraj\u00f3w udzielaj\u0105cych wsparcia Ukrainie. Posiedzenie w formacie online zapowiedzia\u0142a w poniedzia\u0142ek przewodnicz\u0105ca Komisji Europejskiej Ursula von der Leyen, kt\u00f3ra bierze udzia\u0142 w spotkaniu Unia Europejska \u2014 Unia Afryka\u0144ska w stolicy Angoli, Luandzie.<\/p>\n<p class=\"Paragraph_desktopParagraph__U31Gm\">Wicepremier, szef MON W\u0142adys\u0142aw Kosiniak-Kamysz spotka si\u0119 we wtorek z minister obrony Francji Catherine Vautrin.<\/p>\n<p class=\"Paragraph_desktopParagraph__U31Gm\">O godz. 9:30 przed S\u0105dem Okr\u0119gowym w Zamo\u015bciu rozpocznie proces Paw\u0142a K, kt\u00f3ry mia\u0142 zg\u0142osi\u0107 gotowo\u015b\u0107 do wsp\u00f3\u0142pracy z rosyjskimi s\u0142u\u017cbami specjalnymi, zbiera\u0107 informacje na temat Portu Lotniczego Rzesz\u00f3w-Jasionka, co mia\u0142o pom\u00f3c w planowaniu zamachu na prezydenta Ukrainy Wo\u0142odymyra Ze\u0142enskiego. O godz. 9 rozpocznie si\u0119 posiedzenie wst\u0119pne.<\/p>\n","protected":false},"excerpt":{"rendered":"Co wydarzy\u0142o si\u0119 na \u015bwiecie? Plan pokojowy dla Ukrainy jest tematem numer 1 w ostatnich dniach i godzinach.&hellip;\n","protected":false},"author":2,"featured_media":116950,"comment_status":"","ping_status":"","sticky":false,"template":"","format":"standard","meta":{"footnotes":""},"categories":[14],"tags":[32,33,58,27,64,34,35,28,31,53,25,52,68,51,55,1997,78,40,41,47,1998,80,29,30,65,50,26,418,309,82,83,84],"class_list":{"0":"post-116949","1":"post","2":"type-post","3":"status-publish","4":"format-standard","5":"has-post-thumbnail","7":"category-swiat","8":"tag-breaking-news","9":"tag-breakingnews","10":"tag-donald_trump_prezydent_usa","11":"tag-headlines","12":"tag-inwazja_rosji_na_ukraine_2014_","13":"tag-latest-news","14":"tag-latestnews","15":"tag-naglowki","16":"tag-najwazniejsze-artykuly","17":"tag-new_header","18":"tag-news","19":"tag-onet3","20":"tag-onet3d","21":"tag-onet3d_2i","22":"tag-phx","23":"tag-podsumowanie_nocy_tag_techniczny","24":"tag-pogoda","25":"tag-polish","26":"tag-polski","27":"tag-screening_general","28":"tag-short_news","29":"tag-swiat","30":"tag-top-stories","31":"tag-topstories","32":"tag-update_me","33":"tag-v2021","34":"tag-wiadomosci","35":"tag-wladimir_putin_rosyjski_prezydent","36":"tag-wolodymyr_zelenski","37":"tag-world","38":"tag-world-news","39":"tag-worldnews"},"share_on_mastodon":{"url":"","error":"Validation failed: Text character limit of 500 exceeded"},"_links":{"self":[{"href":"https:\/\/www.europesays.com\/pl\/wp-json\/wp\/v2\/posts\/116949","targetHints":{"allow":["GET"]}}],"collection":[{"href":"https:\/\/www.europesays.com\/pl\/wp-json\/wp\/v2\/posts"}],"about":[{"href":"https:\/\/www.europesays.com\/pl\/wp-json\/wp\/v2\/types\/post"}],"author":[{"embeddable":true,"href":"https:\/\/www.europesays.com\/pl\/wp-json\/wp\/v2\/users\/2"}],"replies":[{"embeddable":true,"href":"https:\/\/www.europesays.com\/pl\/wp-json\/wp\/v2\/comments?post=116949"}],"version-history":[{"count":0,"href":"https:\/\/www.europesays.com\/pl\/wp-json\/wp\/v2\/posts\/116949\/revisions"}],"wp:featuredmedia":[{"embeddable":true,"href":"https:\/\/www.europesays.com\/pl\/wp-json\/wp\/v2\/media\/116950"}],"wp:attachment":[{"href":"https:\/\/www.europesays.com\/pl\/wp-json\/wp\/v2\/media?parent=116949"}],"wp:term":[{"taxonomy":"category","embeddable":true,"href":"https:\/\/www.europesays.com\/pl\/wp-json\/wp\/v2\/categories?post=116949"},{"taxonomy":"post_tag","embeddable":true,"href":"https:\/\/www.europesays.com\/pl\/wp-json\/wp\/v2\/tags?post=116949"}],"curies":[{"name":"wp","href":"https:\/\/api.w.org\/{rel}","templated":true}]}}