{"id":116953,"date":"2025-11-25T05:34:08","date_gmt":"2025-11-25T05:34:08","guid":{"rendered":"https:\/\/www.europesays.com\/pl\/116953\/"},"modified":"2025-11-25T05:34:08","modified_gmt":"2025-11-25T05:34:08","slug":"marian-banas-ostro-o-pis-wyborcy-pojecia-nie-maja","status":"publish","type":"post","link":"https:\/\/www.europesays.com\/pl\/116953\/","title":{"rendered":"Marian Bana\u015b ostro o PiS. &#8222;Wyborcy poj\u0119cia nie maj\u0105&#8221;"},"content":{"rendered":"<p>By\u0142y prezes NIK w\u00a0programie &#8222;Najwa\u017cniejsze pytania&#8221; w\u00a0Polsat News stwierdzi\u0142, \u017ce jego sprawy nie by\u0142oby, gdyby s\u0142u\u017cby zadzia\u0142a\u0142y prawid\u0142owo. &#8211; Gdyby s\u0142u\u017cby i\u00a0Mariusz Kami\u0144ski, kt\u00f3ry w\u0142a\u015bciwie wszystko mia\u0142 pod swoim nadzorem, odegrali w\u0142a\u015bciwie swoje role, to nie by\u0142oby sprawy &#8211;\u00a0m\u00f3wi\u0142 w\u00a0Polsat News. <\/p>\n<p>\u201cMia\u0142em do\u00a0niego \u017cal\u201d. Kobosko zabra\u0142 g\u0142os ws. odej\u015bcia Ho\u0142owni <\/p>\n<p>Bana\u015b uderza w\u00a0PiS. &#8222;Chcieli mnie zniszczy\u0107&#8221; <\/p>\n<p>W rozmowie Bana\u015b ostro oceni\u0142 dzia\u0142ania Prawa i\u00a0Sprawiedliwo\u015bci. &#8211; Chcieli mnie zniszczy\u0107. Byli zainteresowani, abym nie by\u0142 prezesem NIK i\u00a0dokonali zamachu w\u0142a\u015bciwie na t\u0119 izb\u0119, \u017ceby swojego uleg\u0142ego cz\u0142owieka wsadzi\u0107 &#8211;\u00a0stwierdzi\u0142. <\/p>\n<p>Skrytykowa\u0142 te\u017c &#8222;monopol w\u0142adzy&#8221; Jaros\u0142awa Kaczy\u0144skiego oraz rol\u0119 Mariusza Kami\u0144skiego. &#8211; Wyborcy PiS poj\u0119cia nie maj\u0105, kto nimi rz\u0105dzi\u0142 i\u00a0jakie rzeczy mia\u0142y miejsce &#8211; podkre\u015bli\u0142.<\/p>\n<p>By\u0142y szef NIK przywo\u0142a\u0142 te\u017c rozmow\u0119 z\u00a0kierownictwem PiS i\u00a0\u00f3wczesnym koordynatorem s\u0142u\u017cb. &#8211;\u00a0W\u00a0rozmowie, kt\u00f3ra si\u0119 odby\u0142a mi\u0119dzy mn\u0105, prezesem Jaros\u0142awem Kaczy\u0144skim i\u00a0Mariuszem Kami\u0144skim, do mnie m\u00f3wi Kami\u0144ski: &#8222;Marian! My tak naprawd\u0119 nie wiemy, sk\u0105d ty si\u0119 wzi\u0105\u0142e\u015b&#8221;. Jak mo\u017cna by\u0107 szefem s\u0142u\u017cb, nie wiedz\u0105c, sk\u0105d minister pochodzi i\u00a0co on w\u00a0\u017cyciu zrobi\u0142? Ja walczy\u0142em w\u00a0latach 70. za Polsk\u0119. Siedzia\u0142em w\u00a0wi\u0119zieniu, dosta\u0142em najwi\u0119kszy wyrok w\u00a0stanie wojennym, cztery lata &#8211;\u00a0opisa\u0142. <\/p>\n<p>Zaznaczy\u0142, \u017ce o\u00a0jego powo\u0142aniu na prezesa NIK &#8222;zdecydowa\u0142 przypadek&#8221;, a\u00a0problemy zacz\u0119\u0142y si\u0119, gdy NIK zacz\u0105\u0142 kontrolowa\u0107 instytucje i\u00a0wydatkowanie pieni\u0119dzy publicznych.<\/p>\n<p>W rozmowie odni\u00f3s\u0142 si\u0119 r\u00f3wnie\u017c do aktualnych spraw prokuratorskich dotycz\u0105cych by\u0142ego ministra sprawiedliwo\u015bci. <\/p>\n<p>&#8211; Obecne zarzuty wobec Zbigniewa Ziobry mog\u0105 si\u0119 utrzyma\u0107, a\u00a0w\u00a0Polsce mamy bardzo porz\u0105dnych i\u00a0uczciwych ludzi, zar\u00f3wno w\u00a0s\u0142u\u017cbach, jak i\u00a0w\u00a0prokuraturze, czy s\u0105dach. Niestety znaczna cz\u0119\u015b\u0107 z\u00a0nich w\u00a0okresie rz\u0105d\u00f3w PiS zosta\u0142a zdemoralizowana, przekupiona. Jest wielu ludzi s\u0142abych, dla kt\u00f3rych kariera i\u00a0lepsze pieni\u0105dze s\u0105 celem \u017cycia &#8211;\u00a0powiedzia\u0142.<\/p>\n","protected":false},"excerpt":{"rendered":"By\u0142y prezes NIK w\u00a0programie &#8222;Najwa\u017cniejsze pytania&#8221; w\u00a0Polsat News stwierdzi\u0142, \u017ce jego sprawy nie by\u0142oby, gdyby s\u0142u\u017cby zadzia\u0142a\u0142y prawid\u0142owo.&hellip;\n","protected":false},"author":2,"featured_media":116954,"comment_status":"","ping_status":"","sticky":false,"template":"","format":"standard","meta":{"footnotes":""},"categories":[12],"tags":[32,33,36,37,27,34,35,28,31,25,42,38,40,39,41,29,30,26],"class_list":{"0":"post-116953","1":"post","2":"type-post","3":"status-publish","4":"format-standard","5":"has-post-thumbnail","7":"category-polska","8":"tag-breaking-news","9":"tag-breakingnews","10":"tag-featured-news","11":"tag-featurednews","12":"tag-headlines","13":"tag-latest-news","14":"tag-latestnews","15":"tag-naglowki","16":"tag-najwazniejsze-artykuly","17":"tag-news","18":"tag-pl","19":"tag-poland","20":"tag-polish","21":"tag-polska","22":"tag-polski","23":"tag-top-stories","24":"tag-topstories","25":"tag-wiadomosci"},"share_on_mastodon":{"url":"https:\/\/pubeurope.com\/@pl\/115608712863648183","error":""},"_links":{"self":[{"href":"https:\/\/www.europesays.com\/pl\/wp-json\/wp\/v2\/posts\/116953","targetHints":{"allow":["GET"]}}],"collection":[{"href":"https:\/\/www.europesays.com\/pl\/wp-json\/wp\/v2\/posts"}],"about":[{"href":"https:\/\/www.europesays.com\/pl\/wp-json\/wp\/v2\/types\/post"}],"author":[{"embeddable":true,"href":"https:\/\/www.europesays.com\/pl\/wp-json\/wp\/v2\/users\/2"}],"replies":[{"embeddable":true,"href":"https:\/\/www.europesays.com\/pl\/wp-json\/wp\/v2\/comments?post=116953"}],"version-history":[{"count":0,"href":"https:\/\/www.europesays.com\/pl\/wp-json\/wp\/v2\/posts\/116953\/revisions"}],"wp:featuredmedia":[{"embeddable":true,"href":"https:\/\/www.europesays.com\/pl\/wp-json\/wp\/v2\/media\/116954"}],"wp:attachment":[{"href":"https:\/\/www.europesays.com\/pl\/wp-json\/wp\/v2\/media?parent=116953"}],"wp:term":[{"taxonomy":"category","embeddable":true,"href":"https:\/\/www.europesays.com\/pl\/wp-json\/wp\/v2\/categories?post=116953"},{"taxonomy":"post_tag","embeddable":true,"href":"https:\/\/www.europesays.com\/pl\/wp-json\/wp\/v2\/tags?post=116953"}],"curies":[{"name":"wp","href":"https:\/\/api.w.org\/{rel}","templated":true}]}}