{"id":116957,"date":"2025-11-25T05:41:08","date_gmt":"2025-11-25T05:41:08","guid":{"rendered":"https:\/\/www.europesays.com\/pl\/116957\/"},"modified":"2025-11-25T05:41:08","modified_gmt":"2025-11-25T05:41:08","slug":"nowy-sondaz-karol-nawrocki-z-rekordem-wchodzi-do-elitarnego-grona-onet-wiadomosci","status":"publish","type":"post","link":"https:\/\/www.europesays.com\/pl\/116957\/","title":{"rendered":"Nowy sonda\u017c: Karol Nawrocki z rekordem. Wchodzi do elitarnego grona &#8211; Onet Wiadomo\u015bci"},"content":{"rendered":"<ol>\n<li><a href=\"https:\/\/news.google.com\/rss\/articles\/CBMirgFBVV95cUxNa2ZYSEoxTFJVMS01c2cxRUVQRUlKR0E0VlhWWE15SXdPQS00MVBwM1NMQUlRMW9oTzF0Tk9IU0YyTXpaZi1qYm1Da2twOUZ1d3FDNmNBbEJQNXEyeU45c3ZKZmo2d25jVFFLTnlwS2ZZZHVNbjNpZ1N5UzVNV3NXV2pqdVBhTnRiMk1qdXhrTlZUT2FJN09FTm1NbG11NWdxQ1VyQWIxSndSUlRDa0E?oc=5\" target=\"_blank\" rel=\"nofollow noopener\">Nowy sonda\u017c: Karol Nawrocki z rekordem. Wchodzi do elitarnego grona<\/a>&nbsp;&nbsp;Onet Wiadomo\u015bci<\/li>\n<li><a href=\"https:\/\/news.google.com\/rss\/articles\/CBMizAFBVV95cUxOd1BEc05sR0ZybjZVMFA3ZGZyRUIxTzAzTTVvNGRFOEl1Sno2LWZodmtEcWJSS25GU3FZNEhyVkNUNmd1MVFpdDNGTXAweXB5cVNPYm9NODBhT3Z5RGd5Rk8wNFJIRml4ZTdrOUw5YmppOHhvQnZkbF85MzRuald2NjFuekcyU0RpSzZJYVVaN0JXUmdPMFZ2MF9yWXRfUnU2NGtFZENxeFBvbVlSUkdnZURjbkdqc1BjXzUxWEpnSEpaZGVzdjFZRUlLdEU?oc=5\" target=\"_blank\" rel=\"nofollow noopener\">Sonda\u017c zaufania: Karol Nawrocki wchodzi do elitarnego grona. Jest nowa gwiazda w obozie w\u0142adzy<\/a>&nbsp;&nbsp;Onet<\/li>\n<li><a href=\"https:\/\/news.google.com\/rss\/articles\/CBMiqAFBVV95cUxQaWJfNHRfY0t3WFE0ZHJNY3lWQ1BLcUZFbDFRVXF0bGtpODBsc2ZjYlZGSVUxZnlMQUROYk9lb09ocW9YWjlnSHN2VllpRWJjUG5pMUxJX3RjblowUjg2Y2p2UmwyZzNHdk9qXzNrMU43ZlFBNy11ZDYzbUg2ZF9sX3oxNk9fUnZlZk5CeExrMzV5LTQ1Q1hUT19yc0NFM3o1SHlYSHdaRGs?oc=5\" target=\"_blank\" rel=\"nofollow noopener\">Najnowszy sonda\u017c. Tak Polacy oceniaj\u0105 Karola Nawrockiego<\/a>&nbsp;&nbsp;Business Insider Polska<\/li>\n<li><a href=\"https:\/\/news.google.com\/rss\/articles\/CBMipgFBVV95cUxQeV96U1pZUGdlcWNDX1dWVF9LQ2cwWkcxU3dmeFFjQzV4OWh0eWZuUVZOeURWOTYtLTdKRHZhYktQQU5OSHJnQzBvQWZWM0ZDdW5DUEdkb0hud04tYjJIX0VZWmcwZXYzS3pnWDJXTHNydjFtNEoweS01WF8zcVJEalZFdUdBOURNTVMxd01BdWtwTjFlRjBGNnhPcFBOa0xwNTFhX2hB?oc=5\" target=\"_blank\" rel=\"nofollow noopener\">Nawrocki nowym liderem prawicy? Politolodzy przeceniaj\u0105 jego talent<\/a>&nbsp;&nbsp;Wyborcza.pl<\/li>\n<li><a href=\"https:\/\/news.google.com\/rss\/articles\/CBMiqwFBVV95cUxOTUVnWFdXY3RvQjJmYTVRQUZVZndHeU5FeHlIalI2dFBROXB0YnlMT3VlV0xWOVM2YWpUNnJib3hWeFVsOGVVSjh0VDZPU3Y5cGtHVEJSakMtM25EUzNyVU4td3BPT01mYmt1azQ5Z2tyZXNmbHJXQ1RDVU5BSFRYd0xHd1Y2WTZTbzZIamFESkZUS2J6eW5iZkdhMFdkemxWczFydEtFY200dzQ?oc=5\" target=\"_blank\" rel=\"nofollow noopener\">Polacy ocenili prezydenta Karola Nawrockiego: wyniki sonda\u017cu zaskakuj\u0105?<\/a>&nbsp;&nbsp;GazetaPrawna.pl<\/li>\n<\/ol>\n","protected":false},"excerpt":{"rendered":"Nowy sonda\u017c: Karol Nawrocki z rekordem. Wchodzi do elitarnego grona&nbsp;&nbsp;Onet Wiadomo\u015bci Sonda\u017c zaufania: Karol Nawrocki wchodzi do elitarnego&hellip;\n","protected":false},"author":2,"featured_media":116958,"comment_status":"","ping_status":"","sticky":false,"template":"","format":"standard","meta":{"footnotes":""},"categories":[12],"tags":[56,32,33,212,36,37,27,43,49,34,35,3946,28,31,48,25,46,42,38,40,39,41,1118,47,231,29,30,26,617,203],"class_list":{"0":"post-116957","1":"post","2":"type-post","3":"status-publish","4":"format-standard","5":"has-post-thumbnail","7":"category-polska","8":"tag-article_premium","9":"tag-breaking-news","10":"tag-breakingnews","11":"tag-donald_tusk","12":"tag-featured-news","13":"tag-featurednews","14":"tag-headlines","15":"tag-karol_nawrocki","16":"tag-kraj","17":"tag-latest-news","18":"tag-latestnews","19":"tag-mateusz_morawiecki","20":"tag-naglowki","21":"tag-najwazniejsze-artykuly","22":"tag-nat_styl","23":"tag-news","24":"tag-omp","25":"tag-pl","26":"tag-poland","27":"tag-polish","28":"tag-polska","29":"tag-polski","30":"tag-radoslaw_sikorski","31":"tag-screening_general","32":"tag-sondaze","33":"tag-top-stories","34":"tag-topstories","35":"tag-wiadomosci","36":"tag-wladyslaw_kosiniak_kamysz","37":"tag-wlodzimierz_czarzasty"},"share_on_mastodon":{"url":"https:\/\/pubeurope.com\/@pl\/115608740332445599","error":""},"_links":{"self":[{"href":"https:\/\/www.europesays.com\/pl\/wp-json\/wp\/v2\/posts\/116957","targetHints":{"allow":["GET"]}}],"collection":[{"href":"https:\/\/www.europesays.com\/pl\/wp-json\/wp\/v2\/posts"}],"about":[{"href":"https:\/\/www.europesays.com\/pl\/wp-json\/wp\/v2\/types\/post"}],"author":[{"embeddable":true,"href":"https:\/\/www.europesays.com\/pl\/wp-json\/wp\/v2\/users\/2"}],"replies":[{"embeddable":true,"href":"https:\/\/www.europesays.com\/pl\/wp-json\/wp\/v2\/comments?post=116957"}],"version-history":[{"count":0,"href":"https:\/\/www.europesays.com\/pl\/wp-json\/wp\/v2\/posts\/116957\/revisions"}],"wp:featuredmedia":[{"embeddable":true,"href":"https:\/\/www.europesays.com\/pl\/wp-json\/wp\/v2\/media\/116958"}],"wp:attachment":[{"href":"https:\/\/www.europesays.com\/pl\/wp-json\/wp\/v2\/media?parent=116957"}],"wp:term":[{"taxonomy":"category","embeddable":true,"href":"https:\/\/www.europesays.com\/pl\/wp-json\/wp\/v2\/categories?post=116957"},{"taxonomy":"post_tag","embeddable":true,"href":"https:\/\/www.europesays.com\/pl\/wp-json\/wp\/v2\/tags?post=116957"}],"curies":[{"name":"wp","href":"https:\/\/api.w.org\/{rel}","templated":true}]}}