{"id":116959,"date":"2025-11-25T05:46:15","date_gmt":"2025-11-25T05:46:15","guid":{"rendered":"https:\/\/www.europesays.com\/pl\/116959\/"},"modified":"2025-11-25T05:46:15","modified_gmt":"2025-11-25T05:46:15","slug":"tylko-jutro-w-biedronce-55-gratis-limit-20-sztuk-rmf-fm","status":"publish","type":"post","link":"https:\/\/www.europesays.com\/pl\/116959\/","title":{"rendered":"Tylko jutro w Biedronce \u201e5+5 gratis\u201d. Limit: 20 sztuk :: RMF FM"},"content":{"rendered":"<p>Biedronka rusza z kolejn\u0105 ods\u0142on\u0105 promocji w ramach Black Week. We wtorek 25 listopada sie\u0107 wprowadzi m.in. du\u017c\u0105 ofert\u0119 \u201e5+5 gratis\u201d, pojawi si\u0119 te\u017c wielka okazja \u201e1+1 gratis\u201d na ca\u0142\u0105 kategori\u0119 ch\u0119tnie kupowanych produkt\u00f3w. To jednak jedynie pocz\u0105tek.<\/p>\n<p><img decoding=\"async\" alt=\"\" src=\"https:\/\/www.europesays.com\/pl\/wp-content\/uploads\/2025\/11\/c8f02897e51bde465e758e890ce32b3c.jpg\" class=\"w-100\"\/><\/p>\n<p>25 listopada w Biedronce, fot. Shutterstock<\/p>\n<p>&#13;<br \/>\n\tW ramach Black Week, czyli tygodnia wielkich wyprzeda\u017cy, Biedronka zamierza codziennie wprowadza\u0107 specjalne jednodniowe <a href=\"https:\/\/www.rmf.fm\/magazyn\/tag,promocje.html\" rel=\"nofollow noopener\" target=\"_blank\">promocje<\/a>. W poniedzia\u0142ek 24 listopada klienci mogli skorzysta\u0107 m.in. z \u201e1+1 gratis\u201d na praliny Lindt, na wtorek 25 listopada sie\u0107 zapowiada kolejne tego typu okazje.<\/p>\n<p>&#13;<br \/>\n\tBiedronka planuje podbi\u0107 stawk\u0119, bo we wtorek w sklepach pojawi si\u0119 oferta \u201e5+5 gratis\u201d. Obj\u0119te ni\u0105 zostan\u0105 wk\u0142ady olejowe do zniczy Lumia, 240 g \u2013 regularnie sprzedawane po 4,95 z\u0142 za sztuk\u0119. 25 listopada w zestawie jedna wyjdzie \u015brednio po 2,48 z\u0142. By skorzysta\u0107, trzeba pami\u0119ta\u0107 o zeskanowaniu swojej karty lub aplikacji. Limit ustalono na dwadzie\u015bcia sztuk, czyli dwa komplety \u201e5+5 gratis\u201d.<\/p>\n<p>\t<a href=\"https:\/\/www.rmf.fm\/styl-zycia\/news,85707,od-dzisiaj-w-dino-po-2-zl-wczesniej-bylo-1499-zl.html\" rel=\"nofollow noopener\" target=\"_blank\"><img decoding=\"async\" src=\"https:\/\/www.europesays.com\/pl\/wp-content\/uploads\/2025\/11\/0349f320775fc6407c5b17296cf28aac.jpg\" width=\"290\"\/><\/a><a href=\"https:\/\/www.rmf.fm\/styl-zycia\/news,85707,od-dzisiaj-w-dino-po-2-zl-wczesniej-bylo-1499-zl.html\" rel=\"nofollow noopener\" target=\"_blank\">Od dzisiaj w Dino po 2 z\u0142. Wcze\u015bniej by\u0142o 14,99 z\u0142<\/a><\/p>\n<p>Od poniedzia\u0142ku Dino kusi nowymi okazjami. Na start tygodnia sie\u0107 wprowadzi\u0142a nawet 86-procentowe przeceny. Dzi\u0119ki takiej okazji produkt, kt\u00f3ry wcze\u015bniej kosztowa\u0142 14,99 z\u0142, mo\u017cna dosta\u0107 teraz za symboliczne 2 z\u0142. To jednak nie koniec.<\/p>\n<p>\n&#13;<br \/>\n\tBiedronka \u2013 nowe promocje<\/p>\n<p>&#13;<br \/>\n\tTo jednak tylko pocz\u0105tek, bo jednodniowych okazji ma by\u0107 wi\u0119cej. 25 listopada Biedronka wprowadzi te\u017c m.in. \u201e1+1 gratis\u201d na ca\u0142\u0105 kategori\u0119: wszystkie kosmetyki do makija\u017cu i stylizacji paznokci. Tu w ramach limitu mo\u017cna liczy\u0107 na maksymalnie dwa gratisy.<\/p>\n<p>&#13;<br \/>\n\tTakie same ograniczenia b\u0119d\u0105 w przypadku kolejnych \u201e1+1 gratis\u201d, np. na jedn\u0105 z dro\u017cszych kaw \u2013 Dallmayr Classic Intense, normalnie sprzedawan\u0105 po 44,99 z\u0142 za 500 g. We wtorek za tyle mo\u017cna dosta\u0107 nie jedno, a dwa opakowania. \u201e1+1 gratis\u201d tylko przez jeden dzie\u0144 maj\u0105 by\u0107 ponadto wszystkie produkty Cif oraz papier toaletowy Queen Supereme pakowany po dziewi\u0119\u0107 rolek. Ostatnia akcja ma mie\u0107 limit bardziej wy\u015brubowany, bo wyniesie on maksymalnie jeden zestaw \u201e1+1 gratis\u201d. I tutaj nie wolno zapomina\u0107 o zeskanowaniu przy kasie aplikacji lub karty.<\/p>\n<p><a href=\"https:\/\/www.rmf.fm\/styl-zycia\/news,85712,zamkniecie-119-sklepow-delikatesy-centrum-oficjalnie-wiadomo-co-z-siecia.html\" rel=\"nofollow noopener\" target=\"_blank\"><img decoding=\"async\" src=\"https:\/\/www.europesays.com\/pl\/wp-content\/uploads\/2025\/11\/d95cb324a98d78417924f45b08b47b84.jpg\" width=\"290\"\/><\/a><a href=\"https:\/\/www.rmf.fm\/styl-zycia\/news,85712,zamkniecie-119-sklepow-delikatesy-centrum-oficjalnie-wiadomo-co-z-siecia.html\" rel=\"nofollow noopener\" target=\"_blank\">Zamkni\u0119cie 119 sklep\u00f3w Delikatesy Centrum. Oficjalnie wiadomo, co z sieci\u0105<\/a><\/p>\n<p>Eurocash, w\u0142a\u015bciciel Delikates\u00f3w Centrum, zamkn\u0105\u0142 od pocz\u0105tku roku 119 plac\u00f3wek, przeprowadzaj\u0105c najwi\u0119ksz\u0105 w historii sieci restrukturyzacj\u0119 \u2013 informuj\u0105 Wiadomo\u015bci Handlowe. To nie koniec zmian. Firma szykuje now\u0105, trzyletni\u0105&#8230;<\/p>\n<p><\/p>\n","protected":false},"excerpt":{"rendered":"Biedronka rusza z kolejn\u0105 ods\u0142on\u0105 promocji w ramach Black Week. We wtorek 25 listopada sie\u0107 wprowadzi m.in. du\u017c\u0105&hellip;\n","protected":false},"author":2,"featured_media":116960,"comment_status":"","ping_status":"","sticky":false,"template":"","format":"standard","meta":{"footnotes":""},"categories":[16],"tags":[1528,25331,1530,1531,113,24116,25332,112,42,38,40,39,41,863,862],"class_list":{"0":"post-116959","1":"post","2":"type-post","3":"status-publish","4":"format-standard","5":"has-post-thumbnail","7":"category-biznes","8":"tag-biedronka","9":"tag-biedronka-25-listopada","10":"tag-biedronka-promocja","11":"tag-biedronka-promocje","12":"tag-biznes","13":"tag-black-week","14":"tag-black-week-w-biedronce","15":"tag-business","16":"tag-pl","17":"tag-poland","18":"tag-polish","19":"tag-polska","20":"tag-polski","21":"tag-promocja","22":"tag-promocje"},"share_on_mastodon":{"url":"https:\/\/pubeurope.com\/@pl\/115608760688264207","error":""},"_links":{"self":[{"href":"https:\/\/www.europesays.com\/pl\/wp-json\/wp\/v2\/posts\/116959","targetHints":{"allow":["GET"]}}],"collection":[{"href":"https:\/\/www.europesays.com\/pl\/wp-json\/wp\/v2\/posts"}],"about":[{"href":"https:\/\/www.europesays.com\/pl\/wp-json\/wp\/v2\/types\/post"}],"author":[{"embeddable":true,"href":"https:\/\/www.europesays.com\/pl\/wp-json\/wp\/v2\/users\/2"}],"replies":[{"embeddable":true,"href":"https:\/\/www.europesays.com\/pl\/wp-json\/wp\/v2\/comments?post=116959"}],"version-history":[{"count":0,"href":"https:\/\/www.europesays.com\/pl\/wp-json\/wp\/v2\/posts\/116959\/revisions"}],"wp:featuredmedia":[{"embeddable":true,"href":"https:\/\/www.europesays.com\/pl\/wp-json\/wp\/v2\/media\/116960"}],"wp:attachment":[{"href":"https:\/\/www.europesays.com\/pl\/wp-json\/wp\/v2\/media?parent=116959"}],"wp:term":[{"taxonomy":"category","embeddable":true,"href":"https:\/\/www.europesays.com\/pl\/wp-json\/wp\/v2\/categories?post=116959"},{"taxonomy":"post_tag","embeddable":true,"href":"https:\/\/www.europesays.com\/pl\/wp-json\/wp\/v2\/tags?post=116959"}],"curies":[{"name":"wp","href":"https:\/\/api.w.org\/{rel}","templated":true}]}}