{"id":116961,"date":"2025-11-25T05:47:06","date_gmt":"2025-11-25T05:47:06","guid":{"rendered":"https:\/\/www.europesays.com\/pl\/116961\/"},"modified":"2025-11-25T05:47:06","modified_gmt":"2025-11-25T05:47:06","slug":"zmasowany-atak-rosji-trafili-w-22-pietrowy-wiezowiec-wp-wiadomosci","status":"publish","type":"post","link":"https:\/\/www.europesays.com\/pl\/116961\/","title":{"rendered":"Zmasowany atak Rosji. Trafili w 22-pi\u0119trowy wie\u017cowiec &#8211; WP Wiadomo\u015bci"},"content":{"rendered":"<ol>\n<li><a href=\"https:\/\/news.google.com\/rss\/articles\/CBMimwFBVV95cUxQTWV4TjQtMktyQjZkY052T3pGQUF2WkpLcHg0SHlDdDN3dUtuOFBDWDk1OV81cmNzaTAweWN2MU1jaXVudi16amc4WFNMV0VPeGtjdmY1YTVuZE1yOVo1LXE1S3J4YlJrYWRWd0o0MXdqZU1UTUIwR0lmNzZGOXN1alJfQm1KWU1HUVI1SUdTdDJaTWgyaUpZOEdyYw?oc=5\" target=\"_blank\" rel=\"nofollow noopener\">Zmasowany atak Rosji. Trafili w 22-pi\u0119trowy wie\u017cowiec<\/a>&nbsp;&nbsp;WP Wiadomo\u015bci<\/li>\n<li><a href=\"https:\/\/news.google.com\/rss\/articles\/CBMinAFBVV95cUxQc0UxRGp0d0R6c0lURGo5cDViVVdxdnlhZUZhc05qN0xXbngxalgzalJaZzAxVGdYTmstU3UtdzBqU25TSFU1bmFON2NhVTF6cnk3bHgwNTRkbFFINEFrNVhxXzd1OTdMWDJlU2xDTGtYYWtiWl9nRmtGX2p4dGNkVmZlU1JybHFBWnhnQlZ4ajk0SC1pQjVlRDZURmY?oc=5\" target=\"_blank\" rel=\"nofollow noopener\">Wojna w Ukrainie. Zmasowany atak na Kij\u00f3w. Ukrai\u0144cy odpowiedzieli<\/a>&nbsp;&nbsp;TVN24<\/li>\n<li><a href=\"https:\/\/news.google.com\/rss\/articles\/CBMitAFBVV95cUxQRmRROVEtTm50NVRMYXo1UUVTRFdCd2xmaXBWTE1jVEZJaXkxcHZtOUt0WjFOR1JhQXVjbXRPWTM4Zk5XeHg5SmtzZmtCT2VyanNMWU45NDNjWDJmZEotdEdBb0pWMS02RGpsZW5JakE5T3Y0SldBbmN2dFZqTzFlWTJGUzQyVmtVQnBkUl9iRTEyM0ZwWExNT1Q1RmhQQnlPdGo2bm4wVEVXM0tLdEl2SHpZRjc?oc=5\" target=\"_blank\" rel=\"nofollow noopener\">Nocny atak wojsk Putina na Kij\u00f3w. Rosjanie trafili w 22-pi\u0119trowy wie\u017cowiec<\/a>&nbsp;&nbsp;Onet Wiadomo\u015bci<\/li>\n<li><a href=\"https:\/\/news.google.com\/rss\/articles\/CBMivwFBVV95cUxPSWVwR05vQ0gzQ2xkUHBjSzJXbmJnc2otS3RwTFFHS3l2M1dtcjEzM3p2Z0VrR1BBaWxWMjYybndkaUY5RmxRaE5LcVJvcUJ6VGNPM0FCV29WaGJpcEVjZWZuMmpqY2JSNzRFR1B4cHFJTkJ5WG9YdHBDX1QxRXptaG9xWHFYNnZlQ2dSTmJGaEh1Uzg2N0F2ME1rNmlVS0lMejJKMUQ3TUZmY1l6X0pEazFVaHZYYTFLVGFNZVgzQQ?oc=5\" target=\"_blank\" rel=\"nofollow noopener\">Nocny ostrza\u0142 Kijowa. Rosja przeprowadzi\u0142a serie nalot\u00f3w. Kliczko potwierdza &#8211; s\u0105 poszkodowani<\/a>&nbsp;&nbsp;Wydarzenia w INTERIA.PL<\/li>\n<li><a href=\"https:\/\/news.google.com\/rss\/articles\/CBMiswFBVV95cUxNOW5iYy1adTFQV0hNb0Nvb0xQbEtkeUdtTnBIazdta1pmVUVjVm81UlFnN3NHVFhIRS1sUW1rUk90a1kybGJhN3lZZndwaGcwTHRyTXgwTndaUGxocUpoa1ZsamI4bWVSVlQwREgtNGNEQzNqT3Q0Ump0cnNrV1BISG5zTElITmNvSUJseWRNZ2pGc1l5aG10b1VQWlRObTNFeWJvcnlKMGZsbHJEWFY3X0Iwdw?oc=5\" target=\"_blank\" rel=\"nofollow noopener\">Rosyjskie ataki na Ukrain\u0119. Co najmniej osiem ofiar \u015bmiertelnych w ci\u0105gu doby<\/a>&nbsp;&nbsp;Business Insider Polska<\/li>\n<\/ol>\n","protected":false},"excerpt":{"rendered":"Zmasowany atak Rosji. Trafili w 22-pi\u0119trowy wie\u017cowiec&nbsp;&nbsp;WP Wiadomo\u015bci Wojna w Ukrainie. Zmasowany atak na Kij\u00f3w. Ukrai\u0144cy odpowiedzieli&nbsp;&nbsp;TVN24 Nocny&hellip;\n","protected":false},"author":2,"featured_media":116962,"comment_status":"","ping_status":"","sticky":false,"template":"","format":"standard","meta":{"footnotes":""},"categories":[14],"tags":[32,33,27,34,35,28,31,25,40,41,80,29,30,26,82,83,84],"class_list":{"0":"post-116961","1":"post","2":"type-post","3":"status-publish","4":"format-standard","5":"has-post-thumbnail","7":"category-swiat","8":"tag-breaking-news","9":"tag-breakingnews","10":"tag-headlines","11":"tag-latest-news","12":"tag-latestnews","13":"tag-naglowki","14":"tag-najwazniejsze-artykuly","15":"tag-news","16":"tag-polish","17":"tag-polski","18":"tag-swiat","19":"tag-top-stories","20":"tag-topstories","21":"tag-wiadomosci","22":"tag-world","23":"tag-world-news","24":"tag-worldnews"},"share_on_mastodon":{"url":"https:\/\/pubeurope.com\/@pl\/115608764061756126","error":""},"_links":{"self":[{"href":"https:\/\/www.europesays.com\/pl\/wp-json\/wp\/v2\/posts\/116961","targetHints":{"allow":["GET"]}}],"collection":[{"href":"https:\/\/www.europesays.com\/pl\/wp-json\/wp\/v2\/posts"}],"about":[{"href":"https:\/\/www.europesays.com\/pl\/wp-json\/wp\/v2\/types\/post"}],"author":[{"embeddable":true,"href":"https:\/\/www.europesays.com\/pl\/wp-json\/wp\/v2\/users\/2"}],"replies":[{"embeddable":true,"href":"https:\/\/www.europesays.com\/pl\/wp-json\/wp\/v2\/comments?post=116961"}],"version-history":[{"count":0,"href":"https:\/\/www.europesays.com\/pl\/wp-json\/wp\/v2\/posts\/116961\/revisions"}],"wp:featuredmedia":[{"embeddable":true,"href":"https:\/\/www.europesays.com\/pl\/wp-json\/wp\/v2\/media\/116962"}],"wp:attachment":[{"href":"https:\/\/www.europesays.com\/pl\/wp-json\/wp\/v2\/media?parent=116961"}],"wp:term":[{"taxonomy":"category","embeddable":true,"href":"https:\/\/www.europesays.com\/pl\/wp-json\/wp\/v2\/categories?post=116961"},{"taxonomy":"post_tag","embeddable":true,"href":"https:\/\/www.europesays.com\/pl\/wp-json\/wp\/v2\/tags?post=116961"}],"curies":[{"name":"wp","href":"https:\/\/api.w.org\/{rel}","templated":true}]}}