{"id":116963,"date":"2025-11-25T05:48:09","date_gmt":"2025-11-25T05:48:09","guid":{"rendered":"https:\/\/www.europesays.com\/pl\/116963\/"},"modified":"2025-11-25T05:48:09","modified_gmt":"2025-11-25T05:48:09","slug":"afera-w-wadowicach-z-zona-waznego-urzednika-moj-syn-zostal-wykorzystany","status":"publish","type":"post","link":"https:\/\/www.europesays.com\/pl\/116963\/","title":{"rendered":"Afera w Wadowicach z \u017con\u0105 wa\u017cnego urz\u0119dnika. &#8222;M\u00f3j syn zosta\u0142 wykorzystany&#8221;."},"content":{"rendered":"<p class=\"article-p\" data-section=\"detail-body\">O tej bulwersuj\u0105cej sprawie napisali\u015bmy w &#8222;Fakcie&#8221; w poniedzia\u0142ek (24 listopada). Nauczycielka i jednocze\u015bnie \u017cona wysoko postawionego urz\u0119dnika w wadowickim magistracie jest oskar\u017cana o zatrwa\u017caj\u0105ce czyny. \u2014 Zarzuty dotycz\u0105 wykorzystania seksualnego ma\u0142oletniego poni\u017cej 15. roku \u017cycia \u2014 m\u00f3wi w rozmowie z &#8222;Faktem&#8221; prokurator Oliwia Bo\u017cek-Michalec, rzecznik Prokuratury Okr\u0119gowej w Krakowie, kt\u00f3ra obecnie prowadzi \u015bledztwo w tej sprawie. Kontakty, zdaniem \u015bledczych, mia\u0142y si\u0119 zacz\u0105\u0107 we wrze\u015bniu 2021 r. i trwa\u0107 do lutego 2023 r. w miejscowo\u015bci pod Wadowicami.<\/p>\n<p class=\"article-p\" data-section=\"detail-body\">Ojciec ch\u0142opaka, kt\u00f3rego prokuratura oficjalnie uzna\u0142a za pokrzywdzonego, zdecydowa\u0142 si\u0119 na rozmow\u0119 z &#8222;Faktem&#8221;. Opowiedzia\u0142 nam o kulisach tego dramatu. Na tym etapie nie wszystko mo\u017cemy publikowa\u0107, ale ustalenia s\u0105 szokuj\u0105ce.<\/p>\n<p class=\"article-p\" data-section=\"detail-body\">Katarzyna K. by\u0142a dobrze znana rodzinie ch\u0142opca i lokalnej spo\u0142eczno\u015bci. Anga\u017cowa\u0142a si\u0119 w organizowanie licytacji charytatywnych, bywa\u0142a go\u015bciem w domu ch\u0142opca. \u2014 Ufali\u015bmy jej, nasze rodziny si\u0119 zna\u0142y, je\u017adzili\u015bmy nawet razem w g\u00f3ry \u2014 m\u00f3wi ojciec ch\u0142opca w rozmowie z &#8222;Faktem&#8221;.<\/p>\n<p class=\"article-p\" data-section=\"detail-body\">Ch\u0142opak, kt\u00f3ry dzi\u015b ma ju\u017c 18 lat, w chwili rozpocz\u0119cia opisywanej relacji mia\u0142 14 lat. By\u0142 aktywnym sportowcem, ale przechodzi\u0142 trudny okres w swoim \u017cyciu. Jak twierdzi rodzina, to w\u0142a\u015bnie wtedy zacz\u0105\u0142 zwierza\u0107 si\u0119 nauczycielce. Od tego si\u0119 zacz\u0119\u0142o.<\/p>\n<p>        &#8222;Nazywa\u0142a siebie ponadprzyjaci\u00f3\u0142k\u0105&#8221;<\/p>\n<p class=\"article-p\" data-section=\"detail-body\">Ojciec ch\u0142opca wspomina, \u017ce Katarzyna K. cz\u0119sto sp\u0119dza\u0142a czas z uczniami poza zaj\u0119ciami szkolnymi, a nawet pojawia\u0142a si\u0119 na szkolnym boisku. Nastolatek chcia\u0142 podszkoli\u0107 angielski, a anglistka mia\u0142a zaproponowa\u0107 mu lekcje w swoim domu. Pocz\u0105tkowo ch\u0142opak mia\u0142 j\u0105 darzy\u0107 du\u017cym zaufaniem. Z czasem jednak jego zachowanie zacz\u0119\u0142o si\u0119 zmienia\u0107 \u2014 sta\u0142 si\u0119 zamkni\u0119ty w sobie, przygaszony i mniej skoncentrowany. Wzbudzi\u0142o to niepok\u00f3j w rodzinie. Podczas jednego z wyjazd\u00f3w z ojcem sprawa ujrza\u0142a \u015bwiat\u0142o dzienne. Ch\u0142opak ju\u017c wtedy zmieni\u0142 szko\u0142\u0119 i \u015brodowisko. Zdecydowa\u0142 si\u0119, jak m\u00f3wi jego tata, powiedzie\u0107 prawd\u0119.<\/p>\n<p class=\"article-p\" data-section=\"detail-body\">\u2014 Pokaza\u0142 mi r\u00f3\u017cne materia\u0142y, kt\u00f3re potwierdza\u0142y jego s\u0142owa. Widzia\u0142em wiadomo\u015bci, w kt\u00f3rych ona przeprasza mojego syna za pewne rzeczy, o kt\u00f3rych nie mog\u0119 na tym etapie powiedzie\u0107. Nazywa\u0142a siebie &#8222;ponadprzyjaci\u00f3\u0142k\u0105&#8221;. Tak nie zachowuje si\u0119 pedagog w normalnej relacji z uczniem \u2014 m\u00f3wi ojciec w rozmowie z &#8222;Faktem&#8221;. \u2014 Wtedy powiedzia\u0142, \u017ce boi si\u0119 o inne dzieci. To by\u0142 dla nas szok. Nie mia\u0142em powod\u00f3w, by mu nie wierzy\u0107 \u2014 dodaje.<\/p>\n<p>        Szko\u0142a i prokuratura wkraczaj\u0105 do akcji<\/p>\n<p class=\"article-p\" data-section=\"detail-body\">W kwietniu br. ch\u0142opak zg\u0142osi\u0142 si\u0119 do szkolnego psychologa, kt\u00f3ry potwierdzi\u0142, \u017ce nastolatek prze\u017cywa silny kryzys. Szko\u0142a zareagowa\u0142a natychmiast i zg\u0142osi\u0142a spraw\u0119 na policj\u0119.<\/p>\n<p class=\"article-p\" data-section=\"detail-body\">\u2014 Powiadomili\u015bmy te\u017c prokuratur\u0119 w Wadowicach \u2014 dodaje ojciec ch\u0142opaka. \u2014 Ruszy\u0142o \u015bledztwo. Mojego syna przes\u0142uchiwano w s\u0105dzie, w tzw. niebieskim pokoju. Ze skali, kt\u00f3r\u0105 mia\u0142a psycholog, wynika\u0142o, \u017ce na 99 proc. to prawda. Jak mam nie wierzy\u0107 w tak powa\u017cne ustalenia?<\/p>\n<p class=\"article-p\" data-section=\"detail-body\">\u015aledztwo ostatecznie przej\u0119\u0142a Prokuratura Okr\u0119gowa w Krakowie, kt\u00f3ra po przes\u0142uchaniu wielu \u015bwiadk\u00f3w postawi\u0142a Katarzynie K. zarzuty. Nauczycielka od wrze\u015bnia 2024 r. nie pracuje ju\u017c w szkole. Zosta\u0142a zawieszona.<\/p>\n<p class=\"article-p\" data-section=\"detail-body\">\u2014 Zarzuty dotycz\u0105 wykorzystania seksualnego ma\u0142oletniego poni\u017cej 15. roku \u017cycia w tzw. trybie ci\u0105g\u0142ym i z wykorzystaniem stosunku zale\u017cno\u015bci \u2014 m\u00f3wi w rozmowie z &#8222;Faktem&#8221; prokurator Oliwia Bo\u017cek-Michalec, rzecznik Prokuratury Okr\u0119gowej w Krakowie. \u2014 Wobec Katarzyny K. zastosowano \u015brodki zapobiegawcze, mi\u0119dzy innymi zosta\u0142a zawieszona w wykonywaniu zawodu nauczyciela, ma r\u00f3wnie\u017c nakaz powstrzymania si\u0119 od wszelkiej dzia\u0142alno\u015bci umo\u017cliwiaj\u0105cej kontakt z ma\u0142oletnimi. Zastosowano r\u00f3wnie\u017c doz\u00f3r policji. Katarzyna K. ma te\u017c zakaz kontaktu z osob\u0105 pokrzywdzon\u0105 i cz\u0142onkami jej rodziny.<\/p>\n<p>        Nauczycielka zaprzecza oskar\u017ceniom<\/p>\n<p class=\"article-p\" data-section=\"detail-body\">Cho\u0107 zarzuty s\u0105 powa\u017cne, Katarzyna K. stanowczo zaprzecza, jakoby dosz\u0142o do jakichkolwiek nieodpowiednich sytuacji. Twierdzi, \u017ce pad\u0142a ofiar\u0105 pom\u00f3wienia.<\/p>\n<p class=\"article-p\" data-section=\"detail-body\">\u2014 19 lat pracowa\u0142am z m\u0142odzie\u017c\u0105 i nigdy nikt mnie o nic takiego nie pos\u0105dzi\u0142. Teraz odsuni\u0119to mnie od pracy, ale ja si\u0119 absolutnie do tych zarzut\u00f3w nie przyznaj\u0119. To s\u0105 pom\u00f3wienia. Mam informacje, \u017ce s\u0105 pewne motywy, dla kt\u00f3rych on to wymy\u015bli\u0142 \u2014 powiedzia\u0142a w rozmowie z &#8222;Faktem&#8221; Katarzyna K. \u2014 W tej sprawie toczy si\u0119 post\u0119powanie, mam nadziej\u0119, \u017ce sko\u0144czy si\u0119 moim uniewinnieniem.<\/p>\n<p class=\"article-p\" data-section=\"detail-body\">W niewinno\u015b\u0107 \u017cony wierzy tak\u017ce jej ma\u0142\u017conek, wysoko postawiony urz\u0119dnik w wadowickim magistracie. &#8222;Fa\u0142szywe zarzuty mo\u017ce postawi\u0107 ka\u017cdy. Wierz\u0119 w niewinno\u015b\u0107 mojej \u017cony. Mam te\u017c zaufanie do wymiaru sprawiedliwo\u015bci oraz obowi\u0105zuj\u0105cych procedur. Ze wzgl\u0119du na dobro obu rodzin nie b\u0119dziemy komentowa\u0107 tocz\u0105cego si\u0119 post\u0119powania&#8221; \u2014 takiej tre\u015bci o\u015bwiadczenie przes\u0142a\u0142 &#8222;Faktowi&#8221; ma\u0142\u017conek Katarzyny K.<\/p>\n<p>        Ojciec czeka na sprawiedliwo\u015b\u0107 w s\u0105dzie<\/p>\n<p class=\"article-p\" data-section=\"detail-body\">Rodzina ch\u0142opca nie ukrywa, \u017ce ca\u0142a sytuacja to dla nich wielka trauma. 18-latek wci\u0105\u017c zmaga si\u0119 z konsekwencjami emocjonalnymi i pozostaje pod opiek\u0105 psycholog\u00f3w i terapeut\u00f3w.<\/p>\n<p class=\"article-p\" data-section=\"detail-body\">\u2014 Najbardziej boli mnie to, jak to na niego wp\u0142yn\u0119\u0142o. Walczy o siebie i swoj\u0105 przysz\u0142o\u015b\u0107. Jest pod sta\u0142\u0105 opiek\u0105 psychiatry i psycholog\u00f3w \u2014 m\u00f3wi ojciec ch\u0142opca. \u2014 Uwa\u017cam, \u017ce m\u00f3j syn zosta\u0142 wykorzystany. Czekam na sprawiedliwo\u015b\u0107 i spraw\u0119 w s\u0105dzie.<\/p>\n<p class=\"article-p\" data-section=\"detail-body\">\u2014 Sprawa jest obecnie prowadzona przez prokuratur\u0119. Z uwagi na dobro pokrzywdzonego, kt\u00f3ry w chwili zdarze\u0144 by\u0142 osob\u0105 poni\u017cej 15. roku \u017cycia \u2014 nie b\u0119d\u0119 przekazywa\u0107 \u017cadnych szczeg\u00f3\u0142\u00f3w dotycz\u0105cych stanu sprawy, czynno\u015bci dowodowych ani ustale\u0144 organ\u00f3w \u015bcigania \u2014 doda\u0142a mecenas Danuta Knapik, kt\u00f3ra reprezentuje ch\u0142opca.<\/p>\n<p class=\"article-p\" data-section=\"detail-body\">Prokuratorzy zmierzaj\u0105 powoli do ko\u0144ca \u015bledztwa. \u2014 Skoro postawiono zarzuty, mo\u017cna domniemywa\u0107, \u017ce sprawa sko\u0144czy si\u0119 aktem oskar\u017cenia \u2014 dodaje prokurator Oliwia Bo\u017cek-Michalec.<\/p>\n<p class=\"article-p\" data-section=\"detail-body\"><a href=\"https:\/\/www.fakt.pl\/wydarzenia\/polska\/krakow\/skandal-w-malopolsce-zona-waznego-urzednika-oskarzana-o-seks-z-uczniem\/z6pcqwx\" id=\"2f2d3bd8-9878-4f28-8d6b-a0bd8069c11f\" rel=\"nofollow noopener\" target=\"_blank\">Skandal w Ma\u0142opolsce. Na nauczycielce ci\u0105\u017c\u0105 straszne zarzuty. To \u017cona wp\u0142ywowego urz\u0119dnika<\/a><\/p>\n<p class=\"article-p\" data-section=\"detail-body\"><a href=\"https:\/\/www.fakt.pl\/wydarzenia\/polska\/slask\/skandal-w-sosnowcu-trener-zmuszal-uczniow-do-wysylania-intymnych-zdjec\/2zzf50k\" id=\"db986662-5305-4474-a22c-888aacda908a\" rel=\"nofollow noopener\" target=\"_blank\">Intymne zdj\u0119cia go pogr\u0105\u017cy\u0142y. Trener oskar\u017cony o szokuj\u0105ce czyny wobec uczni\u00f3w<\/a><\/p>\n","protected":false},"excerpt":{"rendered":"O tej bulwersuj\u0105cej sprawie napisali\u015bmy w &#8222;Fakcie&#8221; w poniedzia\u0142ek (24 listopada). Nauczycielka i jednocze\u015bnie \u017cona wysoko postawionego urz\u0119dnika&hellip;\n","protected":false},"author":2,"featured_media":116964,"comment_status":"","ping_status":"","sticky":false,"template":"","format":"standard","meta":{"footnotes":""},"categories":[12],"tags":[32,33,36,37,27,34,35,28,31,25,42,38,40,39,41,29,30,26],"class_list":{"0":"post-116963","1":"post","2":"type-post","3":"status-publish","4":"format-standard","5":"has-post-thumbnail","7":"category-polska","8":"tag-breaking-news","9":"tag-breakingnews","10":"tag-featured-news","11":"tag-featurednews","12":"tag-headlines","13":"tag-latest-news","14":"tag-latestnews","15":"tag-naglowki","16":"tag-najwazniejsze-artykuly","17":"tag-news","18":"tag-pl","19":"tag-poland","20":"tag-polish","21":"tag-polska","22":"tag-polski","23":"tag-top-stories","24":"tag-topstories","25":"tag-wiadomosci"},"share_on_mastodon":{"url":"https:\/\/pubeurope.com\/@pl\/115608767905775714","error":""},"_links":{"self":[{"href":"https:\/\/www.europesays.com\/pl\/wp-json\/wp\/v2\/posts\/116963","targetHints":{"allow":["GET"]}}],"collection":[{"href":"https:\/\/www.europesays.com\/pl\/wp-json\/wp\/v2\/posts"}],"about":[{"href":"https:\/\/www.europesays.com\/pl\/wp-json\/wp\/v2\/types\/post"}],"author":[{"embeddable":true,"href":"https:\/\/www.europesays.com\/pl\/wp-json\/wp\/v2\/users\/2"}],"replies":[{"embeddable":true,"href":"https:\/\/www.europesays.com\/pl\/wp-json\/wp\/v2\/comments?post=116963"}],"version-history":[{"count":0,"href":"https:\/\/www.europesays.com\/pl\/wp-json\/wp\/v2\/posts\/116963\/revisions"}],"wp:featuredmedia":[{"embeddable":true,"href":"https:\/\/www.europesays.com\/pl\/wp-json\/wp\/v2\/media\/116964"}],"wp:attachment":[{"href":"https:\/\/www.europesays.com\/pl\/wp-json\/wp\/v2\/media?parent=116963"}],"wp:term":[{"taxonomy":"category","embeddable":true,"href":"https:\/\/www.europesays.com\/pl\/wp-json\/wp\/v2\/categories?post=116963"},{"taxonomy":"post_tag","embeddable":true,"href":"https:\/\/www.europesays.com\/pl\/wp-json\/wp\/v2\/tags?post=116963"}],"curies":[{"name":"wp","href":"https:\/\/api.w.org\/{rel}","templated":true}]}}