{"id":116967,"date":"2025-11-25T05:55:15","date_gmt":"2025-11-25T05:55:15","guid":{"rendered":"https:\/\/www.europesays.com\/pl\/116967\/"},"modified":"2025-11-25T05:55:15","modified_gmt":"2025-11-25T05:55:15","slug":"ujawniamy-wplywy-antoniego-macierewicza-powodem-wojny-o-awanse-w-sluzbach","status":"publish","type":"post","link":"https:\/\/www.europesays.com\/pl\/116967\/","title":{"rendered":"Ujawniamy. Wp\u0142ywy Antoniego Macierewicza powodem wojny o awanse w s\u0142u\u017cbach"},"content":{"rendered":"<p>Awantura o awanse dla m\u0142odych funkcjonariuszy S\u0142u\u017cby Kontrwywiadu Wojskowego i Agencji Bezpiecze\u0144stwa Wewn\u0119trznego \u2014 dw\u00f3ch instytucji odpowiedzialnych za ustalanie i wy\u0142apywanie potencjalnych dywersant\u00f3w \u2014 rozpali\u0142a emocje tu\u017c przed 11 listopada. To w\u0142a\u015bnie tego dnia g\u0142owa pa\u0144stwa zwyczajowo og\u0142asza awanse w s\u0142u\u017cbach mundurowych i specjalnych.<\/p>\n<p>\u2014 Nikt nie zg\u0142asza\u0142 uwag co do jej zawarto\u015bci, bo ci m\u0142odzi ludzie nie mieli wcze\u015bniej okazji, by czymkolwiek podpa\u015b\u0107 prezydentowi. Tym bardziej \u017ce wi\u0119kszo\u015b\u0107 z nich przyj\u0119ta do s\u0142u\u017cby zosta\u0142a jeszcze za poprzedniego rz\u0105du \u2014 opowiada jeden z naszych rozm\u00f3wc\u00f3w w kontrwywiadzie wojskowym. \u2014 Owszem, mo\u017cna by\u0142o m\u00f3wi\u0107 o pewnym przeci\u0105ganiu, ale jeszcze tydzie\u0144 przed zaplanowan\u0105 na 11 listopada uroczysto\u015bci\u0105, w Biurze Bezpiecze\u0144stwa Narodowego przekonywano nas, \u017ce sprawa jest procedowana. Nie by\u0142o mowy o jakichkolwiek perturbacjach.<\/p>\n<p class=\"ods-c-paragraph \"><a href=\"https:\/\/wiadomosci.onet.pl\/tylko-w-onecie\/ujawniamy-kulisy-nominacji-generalskich-handel-zywym-towarem-i-brudna-polityka\/flxh9gn\" id=\"5adf45b6-ed9b-474d-b23a-ea56833eca05\" rel=\"nofollow noopener\" target=\"_blank\">7 listopada o braku porozumienia z prezydentem poinformowa\u0142 premier Donald Tusk. <\/a><\/p>\n<p class=\"ods-c-paragraph \">\u2014 Ci m\u0142odzi ludzie po studiach, po kursach oficerskich id\u0105 tam nie dla kariery; to s\u0105 patrioci. Nie dostan\u0105 tej promocji, nie wiem dlaczego. Tym razem prezydent uzna\u0142, \u017ce nie podpisze tych promocji \u2014 m\u00f3wi\u0142 szef rz\u0105du w nagraniu opublikowanym w serwisie X. Podkre\u015blaj\u0105c przy okazji, \u017ce decyzja prezydenta jest elementem wojny, jak\u0105 w jego rz\u0105dem prowadzi Kancelaria Prezydenta RP.<\/p>\n<p>Dalszy ci\u0105g artyku\u0142u pod materia\u0142em wideo<br \/>\nSekretarka wzywa szef\u00f3w s\u0142u\u017cb na odpraw\u0119 u prezydenta. Tusk m\u00f3wi &#8222;nie&#8221;<\/p>\n<p class=\"ods-c-paragraph \">Jak ustali\u0142 Onet, zaproszenia na spotkanie z Karolem Nawrockim do poszczeg\u00f3lnych szef\u00f3w s\u0142u\u017cb p\u0142yn\u0119\u0142y z kancelarii g\u0142owy pa\u0144stwa mniej wi\u0119cej od po\u0142owy pa\u017adziernika.<\/p>\n<p class=\"ods-c-paragraph \"><a href=\"https:\/\/wiadomosci.onet.pl\/kraj\/starcie-rzadu-z-nawrockim-ws-sluzb-byly-prezydent-nigdy-nie-spotkalem-sie-z-odmowa\/g5pyz4k\" id=\"3cdf6924-b7f6-48e6-b3ec-941452aacb76\" rel=\"nofollow noopener\" target=\"_blank\">Na 23 pa\u017adziernika zaplanowane zosta\u0142o spotkanie ze s\u0142u\u017cbami cywilnymi: Agencj\u0105 Bezpiecze\u0144stwa Wewn\u0119trznego i Agencj\u0105 Wywiadu. Dzie\u0144 p\u00f3\u017aniej ze s\u0142u\u017cbami wojskowymi: S\u0142u\u017cb\u0105 Kontrwywiadu Wojskowego i Agencj\u0105 Wywiadu Wojskowego.<\/a><\/p>\n<p>   <img decoding=\"async\" src=\"https:\/\/www.europesays.com\/pl\/wp-content\/uploads\/2025\/11\/m2sk9lBaHR0cHM6Ly9vY2RuLmV1L3B1bHNjbXMvTURBXy8wZjllZWE0OTI2MDMyM2M4NjkyZDE1OGE4NWM2N2I5Ny5qcGeSlQMAA.jpeg\" height=\"627\" width=\"940\" alt=\"Szef Agencji Bezpiecze\u0144stwa Wewn\u0119trznego, p\u0142k Rafa\u0142 Syrysko \" loading=\"lazy\" class=\"ods-c-image__img ods-c-image__img--viewport-width\"\/><\/p>\n<p>Szef Agencji Bezpiecze\u0144stwa Wewn\u0119trznego, p\u0142k Rafa\u0142 SyryskoDarek Delmanowicz \/ PAP<\/p>\n<p class=\"ods-c-paragraph \">\u2014 Pocz\u0105tki by\u0142y do\u015b\u0107 kuriozalne, bo do mojej sekretarki zadzwoni\u0142a jaka\u015b pani z Kancelarii Prezydenta, \u017ce pan prezydent wzywa tego i tego dnia \u2014 \u015bmieje si\u0119 w rozmowie z Onetem jeden z szef\u00f3w s\u0142u\u017cb. \u2014 Ludzie pana prezydenta najwyra\u017aniej zapomnieli, \u017ce maj\u0105 do czynienia z oficerami. Ale kiedy od nas poszed\u0142 przekaz, \u017ce w stosunkach na linii prezydent-s\u0142u\u017cby obowi\u0105zuje jednak pewna etykieta i hierarchia, a zgod\u0119 na spotkania z prezydentem wydaje premier, oficjalne pismo skierowa\u0142 szef kancelarii prezydenta Zbigniew Bogucki.<\/p>\n<p class=\"ods-c-paragraph \"><a href=\"https:\/\/www.onet.pl\/informacje\/onetwiadomosci\/tomasz-siemoniak-uderza-w-ludzi-prezydenta-absolutnie-zenujace\/35ddel3,79cfc278\" id=\"d5660ce9-5338-413f-8544-287f1a5e6b3c\" rel=\"nofollow noopener\" target=\"_blank\">Pismo Boguckiego, w kt\u00f3rym spotkania z prezydentem okre\u015blone zosta\u0142y mianem &#8222;odprawy z Prezydentem Rzeczypospolitej Polskiej Panem Karolem Nawrockim&#8221;, trafi\u0142o do nadzoruj\u0105cych s\u0142u\u017cby ministra koordynatora Tomasza Siemoniaka i ministra obrony W\u0142adys\u0142awa Kosiniaka Kamysza.<\/a><\/p>\n<p><img decoding=\"async\" src=\"https:\/\/www.europesays.com\/pl\/wp-content\/uploads\/2025\/11\/55Kk9lBaHR0cHM6Ly9vY2RuLmV1L3B1bHNjbXMvTURBXy9iYjRhZjRkMDg1MWMwNzg0MDUxNTY3NjAzNWEwOGQ1YS5qcGeSlQMAA.jpeg\" height=\"529\" width=\"940\" alt=\"Szefowie: S\u0142u\u017cby Kontrwywiadu Wojskowego gen. Jaros\u0142aw Str\u00f3\u017cy i S\u0142u\u017cby Wywiadu Wojskowego p\u0142k Dorota Kawecka\" loading=\"lazy\" class=\"ods-c-image__img ods-c-image__img--viewport-width\"\/><\/p>\n<p>Szefowie: S\u0142u\u017cby Kontrwywiadu Wojskowego gen. Jaros\u0142aw Str\u00f3\u017cy i S\u0142u\u017cby Wywiadu Wojskowego p\u0142k Dorota KaweckaRafa\u0142 Guz, 307 Squadron Project \/ PAP\/Facebook<\/p>\n<p class=\"ods-c-paragraph \">Ich temat za\u015b zosta\u0142 nakre\u015blony jako &#8222;przedstawienie informacji na temat aktualnego stanu rozpoznania zagro\u017ce\u0144 dla bezpiecze\u0144stwa wewn\u0119trznego RP (charakterystyka ryzyk, zidentyfikowane przypadki, prognozy dotycz\u0105ce potencjalnej eskalacji zdarze\u0144, koordynacja dzia\u0142a\u0144 s\u0142u\u017cb)&#8221;.<\/p>\n<p class=\"ods-c-paragraph \">\u2014 I to, poza sformu\u0142owaniem &#8222;odprawa&#8221;, by\u0142o ca\u0142kowicie ok. Prezydent ma prawo domaga\u0107 si\u0119 od nas informacji o stanie przygotowa\u0144 do ewentualnych zagro\u017ce\u0144, szczeg\u00f3lnie w czasie niepokoj\u00f3w za nasz\u0105 wschodni\u0105 granic\u0105 i wzmo\u017cenia rosyjskich si\u0142 dywersyjnych \u2014 opowiada osoba z kierownictwa kolejnej ze s\u0142u\u017cb.<\/p>\n<p><img decoding=\"async\" src=\"https:\/\/www.europesays.com\/pl\/wp-content\/uploads\/2025\/11\/Lhgk9lCaHR0cHM6Ly9vY2RuLmV1L3B1bHNjbXMvTURBXy9mOTg5ZjFkMzcyNWU4ODhlNjlmZjBlMTZlMjEwOWM3Yy5qcGVnkZUCz.jpeg\" height=\"627\" width=\"940\" alt=\"Szef Agencji Wywiadu p\u0142k Pawe\u0142 Szota\" loading=\"lazy\" class=\"ods-c-image__img ods-c-image__img--viewport-width\"\/><\/p>\n<p>Szef Agencji Wywiadu p\u0142k Pawe\u0142 Szota\u017br\u00f3d\u0142o: x.com<\/p>\n<p class=\"ods-c-paragraph \"><a href=\"https:\/\/wiadomosci.onet.pl\/kraj\/szef-sluzb-grzmi-po-decyzji-prezydenta-to-cios\/hjp2nwr\" id=\"334f4fdc-17fc-42fa-a46f-b4cfe2655b8d\" rel=\"nofollow noopener\" target=\"_blank\">Jak ustalili\u015bmy \u017caden z czterech szef\u00f3w s\u0142u\u017cb nie mia\u0142 zamiaru odmawia\u0107 spotkania z prezydentem.<\/a><\/p>\n<p class=\"ods-c-paragraph \">\u2014 Byli\u015bmy na to gotowi, rozpocz\u0119\u0142y si\u0119 nawet przygotowania do tych spotka\u0144. Tyle \u017ce aby si\u0119 na nie uda\u0107, ka\u017cdy z nas musia\u0142 wyst\u0105pi\u0107 o zgod\u0119 premiera. A w KPRM us\u0142yszeli\u015bmy, \u017ce takiej zgody nie ma \u2014 s\u0142yszymy od naszego rozm\u00f3wcy.<\/p>\n<p>Szef jednej ze s\u0142u\u017cb: byli\u015bmy gotowi na spotkanie z prezydentem. Nie by\u0142o zgody<\/p>\n<p class=\"ods-c-paragraph \">Jak wynika z ustale\u0144 Onetu, zakaz udzia\u0142u w spotkaniu z prezydentem szefom polskich s\u0142u\u017cb przekaza\u0107 mia\u0142 szef Kancelarii Prezesa Rady Ministr\u00f3w Jan Grabiec.<\/p>\n<p class=\"ods-c-paragraph \">\u2014 W informacji przekazanej kancelarii prezydenta Grabiec poinformowa\u0142, \u017ce prezydent, je\u015bli chce, mo\u017ce utrzymywa\u0107 ze s\u0142u\u017cbami kontakt poprzez kolegium s\u0142u\u017cb specjalnych \u2014 opowiada kolejny z rozm\u00f3wc\u00f3w Onetu.<\/p>\n<p><img decoding=\"async\" src=\"https:\/\/www.europesays.com\/pl\/wp-content\/uploads\/2025\/11\/WTGk9lBaHR0cHM6Ly9vY2RuLmV1L3B1bHNjbXMvTURBXy9kYjE2ZmY0YzUxNTVhYzRiODYwYTk0MDNiZmI4ZmI4YS5qcGeSlQMAA.jpeg\" height=\"627\" width=\"940\" alt=\"Szef Kancelarii Prezesa Rady Ministr\u00f3w Jan Grabiec\" loading=\"lazy\" class=\"ods-c-image__img ods-c-image__img--viewport-width\"\/><\/p>\n<p>Szef Kancelarii Prezesa Rady Ministr\u00f3w Jan GrabiecPiotr Nowak \/ PAP<\/p>\n<p class=\"ods-c-paragraph \"><a href=\"https:\/\/wiadomosci.onet.pl\/kraj\/premier-zwoluje-kolegium-do-spraw-sluzb-specjalnych\/f1z8hx2\" id=\"6dabee58-eb50-4a35-bb48-dcebdccad2cb\" rel=\"nofollow noopener\" target=\"_blank\">Kolegium to dzia\u0142aj\u0105cy przez rz\u0105dzie organ, na kt\u00f3rego czele stoi premier, a w jego sk\u0142ad, pr\u00f3cz dow\u00f3dc\u00f3w s\u0142u\u017cb wchodz\u0105 r\u00f3wnie\u017c ministrowie spraw wewn\u0119trznych, zagranicznych, obrony i finans\u00f3w, a tak\u017ce szef prezydenckiego Biura Bezpiecze\u0144stwa Narodowego.<\/a><\/p>\n<p class=\"ods-c-paragraph \">Nasz rozm\u00f3wca ze s\u0142u\u017cb: \u2014 Przygotowywali\u015bmy si\u0119 do tych spotka\u0144. Bo zwyczajnie uwa\u017cali\u015bmy, \u017ce g\u0142owie pa\u0144stwa informacja o ewentualnych zagro\u017ceniach si\u0119 nale\u017cy. Ostatecznie zosta\u0142a ona przekazana do kancelarii prezydenta w formie raport\u00f3w na pi\u015bmie. W \u017caden spos\u00f3b nie mo\u017cna wi\u0119c powiedzie\u0107, \u017ce Karol Nawrocki nie by\u0142 poinformowany w tematach, kt\u00f3re mia\u0142y by\u0107 przedmiotem spotka\u0144. Odmowa podpisania awans\u00f3w by\u0142a zwyk\u0142\u0105 zemst\u0105 ze strony prezydenta, a raczej ludzi z jego otoczenia. M\u0142odzi funkcjonariusze, kt\u00f3rych rodziny czeka\u0142y na uroczysto\u015b\u0107 nadania stopni oficerskich, co w \u017cyciu ka\u017cdego z nas jest bardzo wa\u017cnym momentem, padli wi\u0119c ofiarami politycznego sporu. Tym bardziej \u017ce w \u017cadnym momencie \u2014 wbrew twierdzeniom ludzi Nawrockiego \u2014 nie by\u0142o mowy o tym, \u017ce na spotkaniach b\u0119d\u0105 omawiane sprawy awans\u00f3w.<\/p>\n<p>   <img decoding=\"async\" src=\"https:\/\/www.europesays.com\/pl\/wp-content\/uploads\/2025\/11\/nC3k9lCaHR0cHM6Ly9vY2RuLmV1L3B1bHNjbXMvTURBXy9iMmM5YmQwZDJhNzFkMzBhYTc5OTUyMmQ4YTliMjljZS5qcGVnkZUCz.jpeg\" height=\"681\" width=\"940\" alt=\"Pismo z zaproszeniem na odpraw\u0119 do prezydenta podpisane przez szefa kancelarii g\u0142owy pa\u0144stwa Zbigniewa Boguckiego\" loading=\"lazy\" class=\"ods-c-image__img ods-c-image__img--viewport-width\"\/><\/p>\n<p>Pismo z zaproszeniem na odpraw\u0119 do prezydenta podpisane przez szefa kancelarii g\u0142owy pa\u0144stwa Zbigniewa Boguckiego\u017br\u00f3d\u0142o: Onet zdj\u0119cia w\u0142asne;<\/p>\n<p class=\"ods-c-paragraph \">Ofiar by\u0142o wi\u0119cej ni\u017c 136. Nie rozpatrzone zosta\u0142y bowiem r\u00f3wnie\u017c wnioski o nadanie odznacze\u0144: medali za d\u0142ugoletni\u0105 s\u0142u\u017cb\u0119, czy krzy\u017cy.<\/p>\n<p>Nie tylko Cenckiewicz. Ludzie Macierewicza przej\u0119li kontrol\u0119 nad BBN<\/p>\n<p class=\"ods-c-paragraph \">Nie jest wielk\u0105 tajemnic\u0105, \u017ce na linii kancelaria premiera-Biuro Bezpiecze\u0144stwa Narodowego iskrzy od dawna. Karol Nawrocki na czele biura postawi\u0142 bowiem ziej\u0105cego nienawi\u015bci\u0105 do Donalda Tuska S\u0142awomira Cenckiewicza, jednego ze wsp\u00f3\u0142pracownik\u00f3w by\u0142ego szefa MON Antoniego Macierewicza.<\/p>\n<p><img decoding=\"async\" src=\"https:\/\/www.europesays.com\/pl\/wp-content\/uploads\/2025\/11\/Opvk9lBaHR0cHM6Ly9vY2RuLmV1L3B1bHNjbXMvTURBXy80YWUyYmQyZGQ0ODA0M2IyMTc2MGQxZDE4NGUyN2FiNy5qcGeSlQMAA.jpeg\" height=\"731\" width=\"940\" alt=\"Prezydent Karol Nawrocki powo\u0142any przez niego na stanowisko szefa Biura Bezpiecze\u0144stwa Narodowego S\u0142awomir Cenckiewicz\" loading=\"lazy\" class=\"ods-c-image__img ods-c-image__img--viewport-width\"\/><\/p>\n<p>Prezydent Karol Nawrocki powo\u0142any przez niego na stanowisko szefa Biura Bezpiecze\u0144stwa Narodowego S\u0142awomir CenckiewiczPawel Wodzynski\/East News \/ East News<\/p>\n<p class=\"ods-c-paragraph \"><a href=\"https:\/\/wiadomosci.onet.pl\/kraj\/slawomir-cenckiewicz-macierewicz-to-bohater-walki-z-komuna\/ym807hv\" id=\"a171115e-210f-421a-99d6-d8263c0cf101\" rel=\"nofollow noopener\" target=\"_blank\">Jak s\u0142yszymy w s\u0142u\u017cbach, wp\u0142ywy Macierewicza w BBN si\u0119gaj\u0105 jednak du\u017co g\u0142\u0119biej, a ekipa skupiona wok\u00f3\u0142 prezydenta chcia\u0142by przekszta\u0142ci\u0107 biuro w konkurencyjny wobec szefa rz\u0105du o\u015brodek kontroli i wp\u0142ywania na polskie s\u0142u\u017cby specjalne.<\/a><\/p>\n<p class=\"ods-c-paragraph \">\u2014 Cenckiewicz to tylko wierzcho\u0142ek g\u00f3ry lodowej wp\u0142yw\u00f3w Macierewicza w BBN. Wraz z nim zatrudnienie znalaz\u0142a tam ca\u0142a grupa by\u0142ych funkcyjnych funkcjonariuszy s\u0142u\u017cb, przede wszystkim wojskowych, z minionych lat \u2014 ocenia kolejny nasz rozm\u00f3wca ze s\u0142u\u017cb.<\/p>\n<p class=\"ods-c-paragraph \">I tak wiceszefem BBN jest obecnie gen. Andrzej Kowalski, a dyrektorem departamentu analiz p\u0142k Krzysztof Banaszek. Zast\u0119pc\u0105 tego ostatniego za\u015b p\u0142k Mariusz Soliwodzki.<\/p>\n<p class=\"ods-c-paragraph \">Wszyscy za poprzedniego rz\u0105du zwi\u0105zani byli ze S\u0142u\u017cb\u0105 Wywiadu Wojskowego. Kowalski by\u0142 jej szefem, a Banaszek jego zast\u0119pc\u0105.<\/p>\n<p><img decoding=\"async\" src=\"https:\/\/www.europesays.com\/pl\/wp-content\/uploads\/2025\/11\/noxk9lBaHR0cHM6Ly9vY2RuLmV1L3B1bHNjbXMvTURBXy9lNWU1MWZjODM4OTlmOWZiYzhhNzU3ZDA2OGUzOWNkZC5qcGeSlQMAA.jpeg\" height=\"624\" width=\"940\" alt=\"Antoni Macierewicz na wsp\u00f3lnej konferencji prasowej ze S\u0142awomirem Cenckiewiczem\" loading=\"lazy\" class=\"ods-c-image__img ods-c-image__img--viewport-width\"\/><\/p>\n<p>Antoni Macierewicz na wsp\u00f3lnej konferencji prasowej ze S\u0142awomirem CenckiewiczemTOMASZ PACZOS\/FOTONOVA \/ East News<\/p>\n<p class=\"ods-c-paragraph \">Zatrudnienie w BBN znale\u017ali r\u00f3wnie\u017c m.in. by\u0142a rzeczniczka Antoniego Macierewicza czasie, gdy pe\u0142ni\u0142 on funkcj\u0119 szefa MON i Arkadiusz Pu\u0142awski \u2014 cz\u0142onek komisji ds. wp\u0142yw\u00f3w rosyjskich na bezpiecze\u0144stwo wewn\u0119trzne RP w latach 2007\u20132022, powo\u0142anej de facto dla wyeliminowania z \u017cycia publicznego Donalda Tuska. Na czele komisji sta\u0142 Cenckiewicz, a jej cz\u0142onkiem by\u0142 r\u00f3wnie\u017c gen. Andrzej Kowalski.<\/p>\n<p class=\"ods-c-paragraph \">\u2014 Wszystko to sprawia, \u017ce Biurem Bezpiecze\u0144stwa Wewn\u0119trznego kieruj\u0105 obecnie ludzie nawet nie PiS, nie Karola Nawrockiego, ale pe\u0142n\u0105 kontrol\u0119 trzyma nad nim Antoni Macierewicz i jego poplecznicy. To jeszcze bardziej zaognia stosunki na linii BBN\u2014KPRM \u2014 s\u0142yszymy od kilku r\u00f3\u017cnych naszych rozm\u00f3wc\u00f3w ze \u015bwiata s\u0142u\u017cb i polityki.<\/p>\n","protected":false},"excerpt":{"rendered":"Awantura o awanse dla m\u0142odych funkcjonariuszy S\u0142u\u017cby Kontrwywiadu Wojskowego i Agencji Bezpiecze\u0144stwa Wewn\u0119trznego \u2014 dw\u00f3ch instytucji odpowiedzialnych za&hellip;\n","protected":false},"author":2,"featured_media":116968,"comment_status":"","ping_status":"","sticky":false,"template":"","format":"standard","meta":{"footnotes":""},"categories":[12],"tags":[145,22562,7491,56,787,32,33,212,36,37,27,11735,43,34,35,28,31,48,25,46,42,38,40,39,41,47,14119,2739,9910,25339,29,30,341,26],"class_list":{"0":"post-116967","1":"post","2":"type-post","3":"status-publish","4":"format-standard","5":"has-post-thumbnail","7":"category-polska","8":"tag-abw","9":"tag-agencja_wywiadu","10":"tag-antoni_macierewicz","11":"tag-article_premium","12":"tag-bbn","13":"tag-breaking-news","14":"tag-breakingnews","15":"tag-donald_tusk","16":"tag-featured-news","17":"tag-featurednews","18":"tag-headlines","19":"tag-jan_grabiec","20":"tag-karol_nawrocki","21":"tag-latest-news","22":"tag-latestnews","23":"tag-naglowki","24":"tag-najwazniejsze-artykuly","25":"tag-nat_styl","26":"tag-news","27":"tag-omp","28":"tag-pl","29":"tag-poland","30":"tag-polish","31":"tag-polska","32":"tag-polski","33":"tag-screening_general","34":"tag-skw_kontrwywiad_wojskowy","35":"tag-slawomir_cenckiewicz","36":"tag-sluzby_specjalne","37":"tag-sww_wywiad_wojskowy","38":"tag-top-stories","39":"tag-topstories","40":"tag-tylko_w_onecie","41":"tag-wiadomosci"},"share_on_mastodon":{"url":"","error":"Validation failed: Text character limit of 500 exceeded"},"_links":{"self":[{"href":"https:\/\/www.europesays.com\/pl\/wp-json\/wp\/v2\/posts\/116967","targetHints":{"allow":["GET"]}}],"collection":[{"href":"https:\/\/www.europesays.com\/pl\/wp-json\/wp\/v2\/posts"}],"about":[{"href":"https:\/\/www.europesays.com\/pl\/wp-json\/wp\/v2\/types\/post"}],"author":[{"embeddable":true,"href":"https:\/\/www.europesays.com\/pl\/wp-json\/wp\/v2\/users\/2"}],"replies":[{"embeddable":true,"href":"https:\/\/www.europesays.com\/pl\/wp-json\/wp\/v2\/comments?post=116967"}],"version-history":[{"count":0,"href":"https:\/\/www.europesays.com\/pl\/wp-json\/wp\/v2\/posts\/116967\/revisions"}],"wp:featuredmedia":[{"embeddable":true,"href":"https:\/\/www.europesays.com\/pl\/wp-json\/wp\/v2\/media\/116968"}],"wp:attachment":[{"href":"https:\/\/www.europesays.com\/pl\/wp-json\/wp\/v2\/media?parent=116967"}],"wp:term":[{"taxonomy":"category","embeddable":true,"href":"https:\/\/www.europesays.com\/pl\/wp-json\/wp\/v2\/categories?post=116967"},{"taxonomy":"post_tag","embeddable":true,"href":"https:\/\/www.europesays.com\/pl\/wp-json\/wp\/v2\/tags?post=116967"}],"curies":[{"name":"wp","href":"https:\/\/api.w.org\/{rel}","templated":true}]}}