{"id":116971,"date":"2025-11-25T06:00:41","date_gmt":"2025-11-25T06:00:41","guid":{"rendered":"https:\/\/www.europesays.com\/pl\/116971\/"},"modified":"2025-11-25T06:00:41","modified_gmt":"2025-11-25T06:00:41","slug":"grudniowe-wyplaty-emerytur-2025-i-waloryzacja-2026-beda-zmiany","status":"publish","type":"post","link":"https:\/\/www.europesays.com\/pl\/116971\/","title":{"rendered":"Grudniowe wyp\u0142aty emerytur 2025 i waloryzacja 2026? B\u0119d\u0105 zmiany."},"content":{"rendered":"<p><img data-lazyloaded=\"1\" width=\"2000\" height=\"1335\" src=\"https:\/\/www.europesays.com\/pl\/wp-content\/uploads\/2025\/11\/Pieniadze.jpg\" class=\"attachment-full size-full wp-post-image\" alt=\"\" decoding=\"async\" fetchpriority=\"high\"  data-\/><\/p>\n<p class=\"image-caption\">Uk\u0142ad kalendarza oraz \u015bwi\u0119ta Bo\u017cego Narodzenia sprawiaj\u0105, \u017ce przelewy z ZUS i KRUS trafi\u0105 do senior\u00f3w wcze\u015bniej ni\u017c zwykle. Fot. Bartlomiej Magierowski \/ East News.<\/p>\n<p>Grudzie\u0144 to czas, w kt\u00f3rym emeryci i renci\u015bci powinni zwr\u00f3ci\u0107 szczeg\u00f3ln\u0105 uwag\u0119 na harmonogram wyp\u0142at swoich \u015bwiadcze\u0144. Uk\u0142ad kalendarza oraz \u015bwi\u0119ta Bo\u017cego Narodzenia sprawiaj\u0105, \u017ce przelewy z ZUS i KRUS trafi\u0105 do senior\u00f3w wcze\u015bniej ni\u017c zwykle. Jednocze\u015bnie pojawiaj\u0105 si\u0119 ju\u017c prognozy dotycz\u0105ce waloryzacji \u015bwiadcze\u0144 w 2026 roku. <\/p>\n<p>Zmiany w grudniowych wyp\u0142atach z ZUS\u00a0<\/p>\n<p>ZUS zazwyczaj realizuje wyp\u0142aty w sze\u015bciu sta\u0142ych terminach: 1., 6., 10., 15., 20. i 25. dnia miesi\u0105ca. W grudniu 2025 r. a\u017c trzy z tych dat przypadaj\u0105 w dni wolne od pracy, dlatego instytucja ma obowi\u0105zek przekaza\u0107 \u015brodki wcze\u015bniej. Zgodnie z przyj\u0119tymi zasadami, je\u015bli termin p\u0142atno\u015bci wypada w sobot\u0119, niedziel\u0119 lub \u015bwi\u0119to, ZUS wyp\u0142aca \u015bwiadczenie jeszcze w poprzedzaj\u0105cym go dniu roboczym. Przelewy do bank\u00f3w realizowane s\u0105 dzie\u0144 roboczy wcze\u015bniej, natomiast \u015brodki wysy\u0142ane poczt\u0105 nawet trzy dni przed terminem.\u00a0<\/p>\n<p>W efekcie grudniowe wyp\u0142aty ulegaj\u0105 istotnemu przesuni\u0119ciu. Bez zmian pozostaj\u0105 terminy przypadaj\u0105ce na 1, 10 i 15 dzie\u0144 miesi\u0105ca. Natomiast emeryci, kt\u00f3rzy zwykle otrzymuj\u0105 \u015bwiadczenia 6., 20. i 25. dnia miesi\u0105ca, mog\u0105 spodziewa\u0107 si\u0119 ich odpowiednio 5, 19 i 23 grudnia. Oznacza to, \u017ce cz\u0119\u015b\u0107 senior\u00f3w otrzyma pieni\u0105dze nawet dwa dni wcze\u015bniej, co jest szczeg\u00f3lnie wa\u017cne w okresie przed\u015bwi\u0105tecznych przygotowa\u0144.\u00a0<\/p>\n<p>KRUS tak\u017ce przyspiesza termin p\u0142atno\u015bci\u00a0<\/p>\n<p>Zmiany obejmuj\u0105 r\u00f3wnie\u017c \u015bwiadczenia wyp\u0142acane przez KRUS. Kasa stosuje podobn\u0105 zasad\u0119 jak ZUS, \u015brodki przekazywane s\u0105 najp\u00f3\u017aniej w ostatni dzie\u0144 roboczy poprzedzaj\u0105cy \u015bwi\u0119to. W praktyce oznacza to, \u017ce rolnicy, kt\u00f3rzy standardowo otrzymuj\u0105 \u015bwiadczenia 25. dnia miesi\u0105ca, w grudniu 2025 roku dostan\u0105 je ju\u017c 23 grudnia.<\/p>\n<p>Przesuni\u0119cia p\u0142atno\u015bci r\u00f3wnie\u017c na pocz\u0105tku 2026 roku\u00a0<\/p>\n<p>Warto pami\u0119ta\u0107, \u017ce grudniowe zmiany nie s\u0105 jedynymi, kt\u00f3re czekaj\u0105 senior\u00f3w na prze\u0142omie roku. Stycze\u0144 2026 r\u00f3wnie\u017c przyniesie korekty harmonogramu. Nowy Rok przypada w czwartek i jest dniem wolnym od pracy, dlatego osoby, kt\u00f3rych termin wyp\u0142aty to 1 stycznia, otrzymaj\u0105 \u015bwiadczenia ju\u017c 31 grudnia. Podobna sytuacja wyst\u0105pi 6 stycznia, czyli w \u015awi\u0119to Trzech Kr\u00f3li, tu przelewy zostan\u0105 zrealizowane 5 stycznia. Przesuni\u0119te b\u0119d\u0105 r\u00f3wnie\u017c wyp\u0142aty z termin\u00f3w 10 i 25 stycznia, kt\u00f3re przypadn\u0105 odpowiednio 9 i 23 stycznia.\u00a0<\/p>\n<p>Prognozowana waloryzacja emerytur w 2026 roku\u00a0<\/p>\n<p>Cho\u0107 grudniowe wyp\u0142aty seniorzy otrzymaj\u0105 jeszcze w dotychczasowej wysoko\u015bci, marzec 2026 roku przyniesie zauwa\u017calne podwy\u017cki emerytur i rent. Wed\u0142ug prognoz wska\u017anik waloryzacji ma wynie\u015b\u0107 4,88 procent. Jest to ni\u017cszy wynik ni\u017c w latach wysokiej inflacji, jednak podwy\u017cka b\u0119dzie dla senior\u00f3w realnie odczuwalna.\u00a0<\/p>\n<p>Dla minimalnej emerytury oznacza to wzrost z 1878,91 z\u0142 brutto do oko\u0142o 1970,60 z\u0142, co przek\u0142ada si\u0119 na ponad 80 z\u0142 wi\u0119cej \u201ena r\u0119k\u0119\u201d miesi\u0119cznie. Emerytura wynosz\u0105ca dzi\u015b 2500 z\u0142 brutto mo\u017ce wzrosn\u0105\u0107 o oko\u0142o 122 z\u0142 netto, w przypadku \u015bwiadczenia na poziomie 3000 z\u0142,\u00a0 o ponad 146 z\u0142, a przy 4000 z\u0142 brutto wzrost netto mo\u017ce zbli\u017cy\u0107 si\u0119 do 200 z\u0142.\u00a0<\/p>\n<p>Trzeba jednak podkre\u015bli\u0107, \u017ce powy\u017csze warto\u015bci maj\u0105 na razie charakter prognoz. Ostateczny wska\u017anik waloryzacji zostanie og\u0142oszony na pocz\u0105tku 2026 roku, gdy G\u0142\u00f3wny Urz\u0105d Statystyczny opublikuje dane dotycz\u0105ce inflacji oraz realnego wzrostu przeci\u0119tnego wynagrodzenia w 2025 roku.\u00a0\u00a0<\/p>\n","protected":false},"excerpt":{"rendered":"Uk\u0142ad kalendarza oraz \u015bwi\u0119ta Bo\u017cego Narodzenia sprawiaj\u0105, \u017ce przelewy z ZUS i KRUS trafi\u0105 do senior\u00f3w wcze\u015bniej ni\u017c&hellip;\n","protected":false},"author":2,"featured_media":116972,"comment_status":"","ping_status":"","sticky":false,"template":"","format":"standard","meta":{"footnotes":""},"categories":[16],"tags":[113,112,388,42,38,40,39,41,5355],"class_list":{"0":"post-116971","1":"post","2":"type-post","3":"status-publish","4":"format-standard","5":"has-post-thumbnail","7":"category-biznes","8":"tag-biznes","9":"tag-business","10":"tag-finanse","11":"tag-pl","12":"tag-poland","13":"tag-polish","14":"tag-polska","15":"tag-polski","16":"tag-wynagrodzenia"},"share_on_mastodon":{"url":"https:\/\/pubeurope.com\/@pl\/115608815308853309","error":""},"_links":{"self":[{"href":"https:\/\/www.europesays.com\/pl\/wp-json\/wp\/v2\/posts\/116971","targetHints":{"allow":["GET"]}}],"collection":[{"href":"https:\/\/www.europesays.com\/pl\/wp-json\/wp\/v2\/posts"}],"about":[{"href":"https:\/\/www.europesays.com\/pl\/wp-json\/wp\/v2\/types\/post"}],"author":[{"embeddable":true,"href":"https:\/\/www.europesays.com\/pl\/wp-json\/wp\/v2\/users\/2"}],"replies":[{"embeddable":true,"href":"https:\/\/www.europesays.com\/pl\/wp-json\/wp\/v2\/comments?post=116971"}],"version-history":[{"count":0,"href":"https:\/\/www.europesays.com\/pl\/wp-json\/wp\/v2\/posts\/116971\/revisions"}],"wp:featuredmedia":[{"embeddable":true,"href":"https:\/\/www.europesays.com\/pl\/wp-json\/wp\/v2\/media\/116972"}],"wp:attachment":[{"href":"https:\/\/www.europesays.com\/pl\/wp-json\/wp\/v2\/media?parent=116971"}],"wp:term":[{"taxonomy":"category","embeddable":true,"href":"https:\/\/www.europesays.com\/pl\/wp-json\/wp\/v2\/categories?post=116971"},{"taxonomy":"post_tag","embeddable":true,"href":"https:\/\/www.europesays.com\/pl\/wp-json\/wp\/v2\/tags?post=116971"}],"curies":[{"name":"wp","href":"https:\/\/api.w.org\/{rel}","templated":true}]}}