{"id":116973,"date":"2025-11-25T06:02:10","date_gmt":"2025-11-25T06:02:10","guid":{"rendered":"https:\/\/www.europesays.com\/pl\/116973\/"},"modified":"2025-11-25T06:02:10","modified_gmt":"2025-11-25T06:02:10","slug":"tajlandia-kobieta-ozyla-w-trumnie-tuz-przed-kremacja","status":"publish","type":"post","link":"https:\/\/www.europesays.com\/pl\/116973\/","title":{"rendered":"Tajlandia. Kobieta o\u017cy\u0142a w trumnie tu\u017c przed kremacj\u0105"},"content":{"rendered":"<p class=\"article-p\" data-section=\"detail-body\">Kobieta zosta\u0142a uznana za zmar\u0142\u0105 w swoim domu w Phitsanulok, w p\u00f3\u0142nocnej Tajlandii w niedziel\u0119 23 listopada wcze\u015bnie rano. Jak podaje &#8222;Daily Mail&#8221;, rodzina umie\u015bci\u0142a j\u0105 w bia\u0142ej trumnie i rozpocz\u0119\u0142a czterogodzinn\u0105, 225-milow\u0105 podr\u00f3\u017c do \u015bwi\u0105tyni na obrze\u017cach Bangkoku, kt\u00f3ra zapewnia bezp\u0142atn\u0105 kremacj\u0119 i us\u0142ugi pogrzebowe dla ubogich. Jednak zamiast smutnego po\u017cegnania by\u0142y \u0142zy rado\u015bci.<\/p>\n<p>        Tajlandia. Kobieta &#8222;o\u017cy\u0142a&#8221; tu\u017c przed kremacj\u0105<\/p>\n<p class=\"article-p\" data-section=\"detail-body\">Na nagraniu wida\u0107, jak drobna Chonthirot porusza si\u0119 w trumnie i wyciera muchy z twarzy, podczas gdy jej rodzina patrzy z niedowierzaniem. &#8222;Daily Mail&#8221; cytuje brata kobiety, kt\u00f3ry stwierdzi\u0142, \u017ce by\u0142a ona przykuta do \u0142\u00f3\u017cka od dw\u00f3ch lat i zosta\u0142a znaleziona &#8222;martwa&#8221; w \u015brodku nocy.<\/p>\n<p class=\"article-p\" data-section=\"detail-body\">By\u0142em zszokowany, zaskoczony i szcz\u0119\u015bliwy, \u017ce moja siostra wci\u0105\u017c \u017cyje. Prawie upad\u0142em z zaskoczenia. To cud, \u017ce si\u0119 obudzi\u0142a<\/p>\n<p class=\"article-p\" data-section=\"detail-body\">\u2014 stwierdzi\u0142.<\/p>\n<p class=\"article-p\" data-section=\"detail-body\">Serwis rozmawia\u0142 te\u017c z pracownikiem \u015bwi\u0105tyni Thammanoon, kt\u00f3ry opowiedzia\u0142, \u017ce mia\u0142 w\u0142a\u015bnie przenie\u015b\u0107 drewnian\u0105 skrzyni\u0119 do sali na kr\u00f3tk\u0105 ceremoni\u0119 przed spaleniem, gdy us\u0142ysza\u0142 pukanie i s\u0142abe wo\u0142anie o pomoc dochodz\u0105ce z wn\u0119trza.<\/p>\n<p class=\"article-p\" data-section=\"detail-body\">Odwin\u0105\u0142em przykrywaj\u0105cy j\u0105 materia\u0142 i zamar\u0142em, gdy zobaczy\u0142em, \u017ce wci\u0105\u017c si\u0119 porusza. By\u0142a przytomna, oddycha\u0142a s\u0142abo i kiwa\u0142a g\u0142ow\u0105, ale nie by\u0142a w stanie m\u00f3wi\u0107. By\u0142em oszo\u0142omiony, poniewa\u017c nigdy wcze\u015bniej nie do\u015bwiadczy\u0142em czego\u015b takiego<\/p>\n<p class=\"article-p\" data-section=\"detail-body\">\u2014 stwierdzi\u0142 27-latek.<\/p>\n<p>        Tajka mia\u0142a nie \u017cy\u0107, ale ockn\u0119\u0142a si\u0119 w trumnie<\/p>\n<p class=\"article-p\" data-section=\"detail-body\">Czytaj te\u017c: <a href=\"https:\/\/www.fakt.pl\/wydarzenia\/polska\/poznan\/poznan-dziesiata-rocznica-smierci-ewy-tylman-z-konina\/ewm04qd\" id=\"35981d2a-6ca8-42b6-b045-373997aa6815\" rel=\"nofollow noopener\" target=\"_blank\">10 lat temu w tajemniczych okoliczno\u015bciach zgin\u0119\u0142a Ewa Tylman. Ojciec: wyj\u0105tkowo trudno<\/a><\/p>\n<p class=\"article-p\" data-section=\"detail-body\">Na miejsce wezwano karetk\u0119, kt\u00f3ra zabra\u0142a kobiet\u0119 do szpitala, a \u015bwi\u0105tynia Wat Rat Prakhong Tham o\u015bwiadczy\u0142a, \u017ce pokryje koszty jej leczenia. &#8222;Daily Mail&#8221; podaje, \u017ce opat \u015bwi\u0105tyni Phra Kitti Wachirathada powiedzia\u0142, \u017ce nigdy nie by\u0142 \u015bwiadkiem takiego incydentu w swojej wieloletniej pos\u0142udze. Doda\u0142, \u017ce cieszy si\u0119 szcz\u0119\u015bciem rodziny, kt\u00f3ra niespodziewanie odzyska\u0142a blisk\u0105.<\/p>\n<p class=\"article-p\" data-section=\"detail-body\">Zobacz te\u017c:<\/p>\n<p class=\"article-p\" data-section=\"detail-body\"><a href=\"https:\/\/www.fakt.pl\/wydarzenia\/polska\/slask\/pszczyna-tragiczny-pozar-budynku-mieszkalnego-burmistrz-zabral-glos\/ephtydp\" id=\"50684a72-4bf2-4f29-8c76-ff1831fd9f53\" rel=\"nofollow noopener\" target=\"_blank\">Tragiczny wiecz\u00f3r w Pszczynie. Burmistrz: niestety nie mam dobrych wie\u015bci<\/a><\/p>\n<p class=\"article-p\" data-section=\"detail-body\"><a href=\"https:\/\/www.fakt.pl\/wydarzenia\/polska\/warszawa\/warszawa-mlody-norweg-przylecial-do-polski-i-zaginal-byl-w-klubie\/6c5cm1z\" id=\"5cc92a03-540f-4dba-80c2-5239e0cdc3b0\" rel=\"nofollow noopener\" target=\"_blank\">M\u0142ody Norweg przylecia\u0142 do Polski i zagin\u0105\u0142. By\u0142 w klubie. Pojawi\u0142 si\u0119 dramatyczny apel<\/a><\/p>\n<p>        \/8<\/p>\n<p>                    <img decoding=\"async\" class=\"article-image-img\" loading=\"lazy\" alt=\"\" src=\"https:\/\/www.europesays.com\/pl\/wp-content\/uploads\/2025\/11\/AUJk9kuTURBXy9hODk5NzIwMy0wMTA4LTQ3ZGEtODQ3ZS1iNzU0N2I2OTJlYjUuanBlZ5GTAs0DSM0B2N4AAqEwAaExAQ.jpeg\" width=\"840\" height=\"472\"\/><\/p>\n<p>                  &#8211; \/ 123RF<\/p>\n<p class=\"article-gallery-p\">\n        Niemal w ostatniej chwili zapuka\u0142a w wieko trumny.\n    <\/p>\n<p>        \/8<\/p>\n<p>                    <img decoding=\"async\" class=\"article-image-img\" loading=\"lazy\" alt=\"\" src=\"https:\/\/www.europesays.com\/pl\/wp-content\/uploads\/2025\/11\/Nj7k9kuTURBXy8wYWMzNTQ5NS1mZWQyLTRiOTgtODQ3NS05MTEzOTU4NGZmYzkuanBlZ5GTAs0DSM0Cdt4AAqEwAaExAQ.jpeg\" width=\"840\" height=\"630\"\/><\/p>\n<p>                  AP \/ East News<\/p>\n<p class=\"article-gallery-p\">\n        Kobieta zosta\u0142a zabrana do szpitala.\n    <\/p>\n","protected":false},"excerpt":{"rendered":"Kobieta zosta\u0142a uznana za zmar\u0142\u0105 w swoim domu w Phitsanulok, w p\u00f3\u0142nocnej Tajlandii w niedziel\u0119 23 listopada wcze\u015bnie&hellip;\n","protected":false},"author":2,"featured_media":116974,"comment_status":"","ping_status":"","sticky":false,"template":"","format":"standard","meta":{"footnotes":""},"categories":[14],"tags":[32,33,27,34,35,28,31,25,40,41,80,29,30,26,82,83,84],"class_list":{"0":"post-116973","1":"post","2":"type-post","3":"status-publish","4":"format-standard","5":"has-post-thumbnail","7":"category-swiat","8":"tag-breaking-news","9":"tag-breakingnews","10":"tag-headlines","11":"tag-latest-news","12":"tag-latestnews","13":"tag-naglowki","14":"tag-najwazniejsze-artykuly","15":"tag-news","16":"tag-polish","17":"tag-polski","18":"tag-swiat","19":"tag-top-stories","20":"tag-topstories","21":"tag-wiadomosci","22":"tag-world","23":"tag-world-news","24":"tag-worldnews"},"share_on_mastodon":{"url":"https:\/\/pubeurope.com\/@pl\/115608823324899337","error":""},"_links":{"self":[{"href":"https:\/\/www.europesays.com\/pl\/wp-json\/wp\/v2\/posts\/116973","targetHints":{"allow":["GET"]}}],"collection":[{"href":"https:\/\/www.europesays.com\/pl\/wp-json\/wp\/v2\/posts"}],"about":[{"href":"https:\/\/www.europesays.com\/pl\/wp-json\/wp\/v2\/types\/post"}],"author":[{"embeddable":true,"href":"https:\/\/www.europesays.com\/pl\/wp-json\/wp\/v2\/users\/2"}],"replies":[{"embeddable":true,"href":"https:\/\/www.europesays.com\/pl\/wp-json\/wp\/v2\/comments?post=116973"}],"version-history":[{"count":0,"href":"https:\/\/www.europesays.com\/pl\/wp-json\/wp\/v2\/posts\/116973\/revisions"}],"wp:featuredmedia":[{"embeddable":true,"href":"https:\/\/www.europesays.com\/pl\/wp-json\/wp\/v2\/media\/116974"}],"wp:attachment":[{"href":"https:\/\/www.europesays.com\/pl\/wp-json\/wp\/v2\/media?parent=116973"}],"wp:term":[{"taxonomy":"category","embeddable":true,"href":"https:\/\/www.europesays.com\/pl\/wp-json\/wp\/v2\/categories?post=116973"},{"taxonomy":"post_tag","embeddable":true,"href":"https:\/\/www.europesays.com\/pl\/wp-json\/wp\/v2\/tags?post=116973"}],"curies":[{"name":"wp","href":"https:\/\/api.w.org\/{rel}","templated":true}]}}