{"id":116975,"date":"2025-11-25T06:03:09","date_gmt":"2025-11-25T06:03:09","guid":{"rendered":"https:\/\/www.europesays.com\/pl\/116975\/"},"modified":"2025-11-25T06:03:09","modified_gmt":"2025-11-25T06:03:09","slug":"punkt-o-polsce-w-planie-pokojowym-dla-ukrainy-to-moze-byc-pulapka","status":"publish","type":"post","link":"https:\/\/www.europesays.com\/pl\/116975\/","title":{"rendered":"Punkt o Polsce w planie pokojowym dla Ukrainy to mo\u017ce by\u0107 pu\u0142apka"},"content":{"rendered":"\n<p>&#13;<br \/>\nAgencja Reutera opublikowa\u0142a w\u00a0niedziel\u0119 wypracowan\u0105 przez europejskich przyw\u00f3dc\u00f3w kontrpropozycj\u0119 wobec 28-punktowego planu pokojowego USA dla\u00a0Ukrainy. W\u00a0obu pojawia si\u0119 zapis o\u00a0tym, \u017ce\u00a0w\u00a0Polsce maj\u0105 stacjonowa\u0107 europejskie lub\u00a0natowskie my\u015bliwce. &#13;\n<\/p>\n<p>Polski w\u0105tek w\u00a0planie pokojowym dla\u00a0Ukrainy. Gen. Bieniek: Nie\u00a0jeste\u015bmy stron\u0105 konfliktu <\/p>\n<p>&#13;<br \/>\n\u2013 W\u00a0jednym i\u00a0drugim (planie \u2013\u00a0red.) mo\u017ce by\u0107 to\u00a0pu\u0142apka, bo\u00a0my\u015bliwce natowskie ju\u017c u\u00a0nas stacjonuj\u0105, ale\u00a0stacjonuj\u0105 r\u00f3wnie\u017c inne elementy infrastruktury natowskiej. Mamy wojska l\u0105dowe, obron\u0119 przeciwlotnicz\u0105, zintegrowany system dowodzenia, elementy tarczy antyrakietowej \u2013\u00a0t\u0142umaczy\u0142 w\u00a0poniedzia\u0142ek w\u00a0TVN24 gen. Mieczys\u0142aw Bieniek. &#13;\n<\/p>\n<p>&#13;<br \/>\nZaznaczy\u0142, \u017ce\u00a0Polska nie\u00a0jest stron\u0105 wojny rosyjsko-ukrai\u0144skiej. \u2013\u00a0Porozumienie pokojowe ma\u00a0dotyczy\u0107 stron konfliktu i\u00a0kto\u015b ma\u00a0by\u0107 gwarantem tego porozumienia. Wi\u0119c ten punkt jest w\u00a0og\u00f3le bez sensu, niepotrzebny \u2013\u00a0oceni\u0142. &#13;\n<\/p>\n<p>&#13;<br \/>\nDoda\u0142, \u017ce\u00a0gdyby taki zapis znalaz\u0142by si\u0119 w\u00a0ostatecznym porozumieniu mi\u0119dzy USA, Rosj\u0105 i\u00a0Ukrain\u0105, to\u00a0&#8222;znaczy\u0142oby, \u017ce\u00a0Federacja Rosyjska domaga\u0142aby si\u0119, \u017ce\u00a0tylko maj\u0105 stacjonowa\u0107 (w Polsce \u2013\u00a0red.) my\u015bliwce&#8221;. \u2013\u00a0Nie, nie. Nic takiego nie\u00a0b\u0119dzie \u2013\u00a0o\u015bwiadczy\u0142 genera\u0142. &#13;\n<\/p>\n<p>Tusk: Punktu o\u00a0Polsce ju\u017c nie\u00a0ma\u00a0<\/p>\n<p>&#13;<br \/>\nPremier Donald Tusk w\u00a0rozmowie z\u00a0dziennikarzami oceni\u0142, \u017ce\u00a0punkt dotycz\u0105cy stacjonowania w\u00a0Polsce europejskich lub\u00a0natowskich my\u015bliwc\u00f3w &#8222;jest raczej punktem widzenia rosyjskim&#8221;. \u2013\u00a0To\u00a0znaczy jest manipulacj\u0105, pewn\u0105 pu\u0142apk\u0105. Nikt si\u0119 nie\u00a0da w\u00a0ni\u0105 wci\u0105gn\u0105\u0107. Tego punktu, mo\u017cemy spokojnie uzna\u0107, ju\u017c nie\u00a0ma\u00a0\u2013 stwierdzi\u0142. &#13;\n<\/p>\n<p>&#13;<br \/>\nWcze\u015bniej minister spraw zagranicznych Niemiec Johann Wadephul poinformowa\u0142, \u017ce\u00a0z\u00a0planu usuni\u0119to wszystkie kwestie dotycz\u0105ce Europy i\u00a0NATO, co\u00a0uzna\u0142 za\u00a0sukces. &#13;\n<\/p>\n<p>&#13;<br \/>\nWed\u0142ug strony ukrai\u0144skiej, tre\u015b\u0107 porozumienia zosta\u0142a zmieniona w\u00a0wyniku negocjacji prowadzonych z\u00a0przedstawicielami USA w\u00a0niedziel\u0119 w\u00a0Genewie. \u2013\u00a0Plan pokojowy w\u00a0pierwotnej formie ju\u017c nie\u00a0istnieje. Cz\u0119\u015b\u0107 punkt\u00f3w zosta\u0142a usuni\u0119ta, cz\u0119\u015b\u0107 zmieniona \u2013\u00a0poinformowa\u0142 O\u0142eksandr Bewz, doradca szefa Kancelarii Prezydenta Ukrainy. &#13;\n<\/p>\n<p>&#13;<br \/>\n&#8222;Financial Times&#8221; napisa\u0142 w\u00a0poniedzia\u0142ek, \u017ce\u00a0<a href=\"https:\/\/dorzeczy.pl\/swiat\/810612\/plan-pokojowy-usa-ws-ukrainy-zmniejszony-do-19-punktow.html\" rel=\"nofollow noopener\" target=\"_blank\">plan pokojowy zosta\u0142 zmniejszony z\u00a028 do\u00a019 punkt\u00f3w<\/a>. \u0179r\u00f3d\u0142a gazety nie\u00a0poda\u0142y, kt\u00f3re zapisy usuni\u0119to. &#13;\n<\/p>\n<p>&#13;<br \/>\nCzytaj te\u017c:<br \/><a href=\"https:\/\/dorzeczy.pl\/swiat\/810627\/plan-dla-ukrainy-trump-cos-dobrego-moze-sie-wydarzyc.html\" rel=\"follow nofollow noopener\" data-schema=\"DORZECZY\" data-image=\"https:\/\/img.dorzeczy.pl\/_thumb\/ef\/1c\/c76e3aedf08d3a8faacb5324395e.jpeg\" target=\"_blank\">&#8222;Co\u015b dobrego mo\u017ce si\u0119 wydarzy\u0107&#8221;. Trump o\u00a0rozmowach pokojowych<\/a>&#13;<\/p>\n","protected":false},"excerpt":{"rendered":"&#13; Agencja Reutera opublikowa\u0142a w\u00a0niedziel\u0119 wypracowan\u0105 przez europejskich przyw\u00f3dc\u00f3w kontrpropozycj\u0119 wobec 28-punktowego planu pokojowego USA dla\u00a0Ukrainy. W\u00a0obu pojawia&hellip;\n","protected":false},"author":2,"featured_media":116976,"comment_status":"","ping_status":"","sticky":false,"template":"","format":"standard","meta":{"footnotes":""},"categories":[12],"tags":[32,33,1347,98,36,37,27,49,34,35,25342,28,31,25,102,42,25340,38,40,39,41,25341,29,30,26],"class_list":{"0":"post-116975","1":"post","2":"type-post","3":"status-publish","4":"format-standard","5":"has-post-thumbnail","7":"category-polska","8":"tag-breaking-news","9":"tag-breakingnews","10":"tag-damian-cygan","11":"tag-dorzeczy","12":"tag-featured-news","13":"tag-featurednews","14":"tag-headlines","15":"tag-kraj","16":"tag-latest-news","17":"tag-latestnews","18":"tag-mieczyslaw-bieniek","19":"tag-naglowki","20":"tag-najwazniejsze-artykuly","21":"tag-news","22":"tag-opinie","23":"tag-pl","24":"tag-plan-pokojowy-dla-ukrainy","25":"tag-poland","26":"tag-polish","27":"tag-polska","28":"tag-polski","29":"tag-punkt-o-polsce","30":"tag-top-stories","31":"tag-topstories","32":"tag-wiadomosci"},"share_on_mastodon":{"url":"https:\/\/pubeurope.com\/@pl\/115608826967722850","error":""},"_links":{"self":[{"href":"https:\/\/www.europesays.com\/pl\/wp-json\/wp\/v2\/posts\/116975","targetHints":{"allow":["GET"]}}],"collection":[{"href":"https:\/\/www.europesays.com\/pl\/wp-json\/wp\/v2\/posts"}],"about":[{"href":"https:\/\/www.europesays.com\/pl\/wp-json\/wp\/v2\/types\/post"}],"author":[{"embeddable":true,"href":"https:\/\/www.europesays.com\/pl\/wp-json\/wp\/v2\/users\/2"}],"replies":[{"embeddable":true,"href":"https:\/\/www.europesays.com\/pl\/wp-json\/wp\/v2\/comments?post=116975"}],"version-history":[{"count":0,"href":"https:\/\/www.europesays.com\/pl\/wp-json\/wp\/v2\/posts\/116975\/revisions"}],"wp:featuredmedia":[{"embeddable":true,"href":"https:\/\/www.europesays.com\/pl\/wp-json\/wp\/v2\/media\/116976"}],"wp:attachment":[{"href":"https:\/\/www.europesays.com\/pl\/wp-json\/wp\/v2\/media?parent=116975"}],"wp:term":[{"taxonomy":"category","embeddable":true,"href":"https:\/\/www.europesays.com\/pl\/wp-json\/wp\/v2\/categories?post=116975"},{"taxonomy":"post_tag","embeddable":true,"href":"https:\/\/www.europesays.com\/pl\/wp-json\/wp\/v2\/tags?post=116975"}],"curies":[{"name":"wp","href":"https:\/\/api.w.org\/{rel}","templated":true}]}}