{"id":116977,"date":"2025-11-25T06:04:10","date_gmt":"2025-11-25T06:04:10","guid":{"rendered":"https:\/\/www.europesays.com\/pl\/116977\/"},"modified":"2025-11-25T06:04:10","modified_gmt":"2025-11-25T06:04:10","slug":"dziwnie-sie-zachowywal-policja-chciala-go-wylegitymowac-interweniuje-rpo","status":"publish","type":"post","link":"https:\/\/www.europesays.com\/pl\/116977\/","title":{"rendered":"&#8222;Dziwnie si\u0119 zachowywa\u0142&#8221;. Policja chcia\u0142a go wylegitymowa\u0107, interweniuje RPO"},"content":{"rendered":"<p> Dlaczego o tym piszemy? <\/p>\n<p class=\"ods-c-paragraph \">Do zdarzenia dosz\u0142o w maju 2024 r. na jednym z dworc\u00f3w PKP [RPO nie podaje, o jak\u0105 miejscowo\u015b\u0107 chodzi]. Policjanci patroluj\u0105cy teren dworca podeszli do przebywaj\u0105cego tam m\u0119\u017cczyzny i poprosili go o wylegitymowanie si\u0119, gdy\u017c \u2014 ich zdaniem \u2014 dziwnie si\u0119 zachowywa\u0142. M\u0119\u017cczyzna odm\u00f3wi\u0142 i sprawa trafi\u0142a do miejscowego s\u0105du.<\/p>\n<p>  Jak\u0105 decyzj\u0119 podj\u0105\u0142 s\u0105d? <\/p>\n<p class=\"ods-c-paragraph \">&#8222;Wyrokiem nakazowym S\u0105du Rejonowego z lutego 2025 r. zosta\u0142 on uznany za winnego wykroczenia; zosta\u0142 ukarany 500 z\u0142 grzywny. Na jej poczet s\u0105d zaliczy\u0142 okres jego zatrzymania od godz. 8.05 do godz. 11.30, przyjmuj\u0105c czas zatrzymania z zaokr\u0105gleniem do pe\u0142nego dnia, za r\u00f3wnowa\u017cny grzywnie w wysoko\u015bci 200 z\u0142. Zosta\u0142 te\u017c obci\u0105\u017cony kosztami post\u0119powania. Orzeczenie nie zosta\u0142o zaskar\u017cone i uprawomocni\u0142o si\u0119&#8221; \u2014 informuje RPO.<\/p>\n<p>     Jakie dzia\u0142ania podj\u0105\u0142 rzecznik? <\/p>\n<p class=\"ods-c-paragraph \">Obywatel zwr\u00f3ci\u0142 si\u0119 o pomoc do RPO. Ten postanowi\u0142 z\u0142o\u017cy\u0107 skarg\u0119 kasacyjn\u0105 do S\u0105du Najwy\u017cszego. &#8222;Zeznania policjant\u00f3w wskazywa\u0142y, \u017ce legitymowany \u00bbdziwnie si\u0119 zachowywa\u0142\u00ab; przebywa\u0142 na terenie dworca bez wyra\u017anie okre\u015blonego celu, co wzbudzi\u0142o w nas zainteresowanie. Przyczyn\u0105 czynno\u015bci by\u0142o to, \u017ce podczas odprawy dostali zadanie, aby \u00bblegitymowa\u0107 osoby podejrzane znajduj\u0105ce si\u0119 w rejonie infrastruktury krytycznej\u00ab&#8221;. RPO uzna\u0142, \u017ce dzia\u0142anie policji mog\u0142o by\u0107 niezgodne z prawem.<\/p>\n<p class=\"ods-c-paragraph \">RPO nie kwestionuje, \u017ce &#8222;czynno\u015b\u0107 legitymowania os\u00f3b jest najcz\u0119\u015bciej wykonywan\u0105 czynno\u015bci\u0105 s\u0142u\u017cbow\u0105, administracyjno-porz\u0105dkow\u0105. Policjant ma prawo legitymowa\u0107 osoby, gdy ustalenie ich to\u017csamo\u015bci, w ocenie funkcjonariusza, niezb\u0119dne jest do wykonania czynno\u015bci s\u0142u\u017cbowych, np. w celu identyfikacji osoby podejrzanej o pope\u0142nienie przest\u0119pstwa lub wykroczenia, ustalenia \u015bwiadk\u00f3w zdarzenia powoduj\u0105cego naruszenie bezpiecze\u0144stwa lub porz\u0105dku publicznego, poszukiwania os\u00f3b zaginionych lub ukrywaj\u0105cych si\u0119 przed wymiarem sprawiedliwo\u015bci, czy przebywaj\u0105cych w pobli\u017cu obiekt\u00f3w chronionych&#8221;.<\/p>\n<p> Dlaczego m\u0119\u017cczyzna zosta\u0142 ukarany grzywn\u0105? <\/p>\n<p> Co dok\u0142adnie zrobi\u0142 m\u0119\u017cczyzna na dworcu? <\/p>\n<p> Jak\u0105 decyzj\u0119 podj\u0105\u0142 s\u0105d w tej sprawie? <\/p>\n<p> Jakie dzia\u0142ania podj\u0105\u0142 Rzecznik Praw Obywatelskich? <\/p>\n<p class=\"ods-c-paragraph \">RPO stoi jednak na stanowisku, \u017ce samo &#8222;dziwne zachowywanie si\u0119&#8221; nie jest podstaw\u0105 do legitymowania obywatela i spraw\u0119 t\u0119 powinien zbada\u0107 s\u0105d w kontradyktoryjnym post\u0119powaniu s\u0105dowym.<\/p>\n<p class=\"ods-c-paragraph \">Czytaj tak\u017ce:<\/p>\n","protected":false},"excerpt":{"rendered":"Dlaczego o tym piszemy? Do zdarzenia dosz\u0142o w maju 2024 r. na jednym z dworc\u00f3w PKP [RPO nie&hellip;\n","protected":false},"author":2,"featured_media":116978,"comment_status":"","ping_status":"","sticky":false,"template":"","format":"standard","meta":{"footnotes":""},"categories":[5],"tags":[32,33,36,37,27,49,34,35,28,31,48,25,46,42,38,414,40,39,41,19515,11238,47,29,30,70,26],"class_list":{"0":"post-116977","1":"post","2":"type-post","3":"status-publish","4":"format-standard","5":"has-post-thumbnail","7":"category-naglowki","8":"tag-breaking-news","9":"tag-breakingnews","10":"tag-featured-news","11":"tag-featurednews","12":"tag-headlines","13":"tag-kraj","14":"tag-latest-news","15":"tag-latestnews","16":"tag-naglowki","17":"tag-najwazniejsze-artykuly","18":"tag-nat_styl","19":"tag-news","20":"tag-omp","21":"tag-pl","22":"tag-poland","23":"tag-policja","24":"tag-polish","25":"tag-polska","26":"tag-polski","27":"tag-rzecznik_praw_obywatelskich","28":"tag-sad_i_sadownictwo","29":"tag-screening_general","30":"tag-top-stories","31":"tag-topstories","32":"tag-w_skrocie","33":"tag-wiadomosci"},"share_on_mastodon":{"url":"https:\/\/pubeurope.com\/@pl\/115608830906555682","error":""},"_links":{"self":[{"href":"https:\/\/www.europesays.com\/pl\/wp-json\/wp\/v2\/posts\/116977","targetHints":{"allow":["GET"]}}],"collection":[{"href":"https:\/\/www.europesays.com\/pl\/wp-json\/wp\/v2\/posts"}],"about":[{"href":"https:\/\/www.europesays.com\/pl\/wp-json\/wp\/v2\/types\/post"}],"author":[{"embeddable":true,"href":"https:\/\/www.europesays.com\/pl\/wp-json\/wp\/v2\/users\/2"}],"replies":[{"embeddable":true,"href":"https:\/\/www.europesays.com\/pl\/wp-json\/wp\/v2\/comments?post=116977"}],"version-history":[{"count":0,"href":"https:\/\/www.europesays.com\/pl\/wp-json\/wp\/v2\/posts\/116977\/revisions"}],"wp:featuredmedia":[{"embeddable":true,"href":"https:\/\/www.europesays.com\/pl\/wp-json\/wp\/v2\/media\/116978"}],"wp:attachment":[{"href":"https:\/\/www.europesays.com\/pl\/wp-json\/wp\/v2\/media?parent=116977"}],"wp:term":[{"taxonomy":"category","embeddable":true,"href":"https:\/\/www.europesays.com\/pl\/wp-json\/wp\/v2\/categories?post=116977"},{"taxonomy":"post_tag","embeddable":true,"href":"https:\/\/www.europesays.com\/pl\/wp-json\/wp\/v2\/tags?post=116977"}],"curies":[{"name":"wp","href":"https:\/\/api.w.org\/{rel}","templated":true}]}}