{"id":116982,"date":"2025-11-25T06:10:10","date_gmt":"2025-11-25T06:10:10","guid":{"rendered":"https:\/\/www.europesays.com\/pl\/116982\/"},"modified":"2025-11-25T06:10:10","modified_gmt":"2025-11-25T06:10:10","slug":"nowy-lider-zaufania-ponad-polowa-polakow-wskazala-nawrockiego","status":"publish","type":"post","link":"https:\/\/www.europesays.com\/pl\/116982\/","title":{"rendered":"Nowy lider zaufania. Ponad po\u0142owa Polak\u00f3w wskaza\u0142a Nawrockiego"},"content":{"rendered":"<p>Najwa\u017cniejsze informacje: <\/p>\n<ul>\n<li>Karol Nawrocki prowadzi z\u00a0wynikiem 51,8 proc., co jest jego rekordem w\u00a0pomiarach IBRiS dla Onetu. <\/li>\n<li>Na podium: Nawrocki, Rados\u0142aw Sikorski (40,3 proc.) i\u00a0W\u0142odzimierz Czarzasty (39,6 proc.). <\/li>\n<li>Wzrosty Morawieckiego i\u00a0Ho\u0142owni, spadki u\u00a0Sikorskiego i\u00a0Mentzena; najwy\u017csza nieufno\u015b\u0107: Grzegorz Braun i\u00a0Donald Tusk.<\/li>\n<\/ul>\n<p>Listopadowy sonda\u017c IBRiS dla Onetu przynosi wyra\u017anego lidera. Karol Nawrocki uzyska\u0142 51,8 proc. zaufania. To wzrost o\u00a04,9 pkt proc. miesi\u0105c do miesi\u0105ca. Brak zaufania do niego deklaruje 41,9 proc., a\u00a0neutralny stosunek 6,3 proc. Instytut realizowa\u0142 badanie 21-22 listopada 2025 r. metod\u0105 CATI na pr\u00f3bie 1,1 tys. doros\u0142ych.<\/p>\n<p> <a href=\"https:\/\/wiadomosci.wp.pl\/zle-policzony-minister-energii-komentuje-projekt-prezydenta-7225456171063872a\" class=\"teaser-inline\" rel=\"nofollow noopener\" target=\"_blank\">  <img decoding=\"async\" src=\"https:\/\/www.europesays.com\/pl\/wp-content\/uploads\/2025\/11\/MDgzYzY5YiUGGC9Jdk5vMEVAexMwF2FmElhjWHYEf3xXAnYcMFkoNgIKNlQ-Rzg0Bg0pVClZYiUXE3YMaBopLRQKNRsgGigpBR89.jpeg\" width=\"0\" height=\"0\" loading=\"lazy\" class=\"wp-media-image cropped\" alt=\"&quot;\u0179le policzony&quot;. Minister energii komentuje projekt prezydenta\"\/><\/p>\n<p>&#8222;\u0179le policzony&#8221;. Minister energii komentuje projekt prezydenta<\/p>\n<p><\/a> <img role=\"presentation\" class=\"absolute left-1\/2 top-1\/2 max-h-[80%] max-w-[100px] -translate-x-1\/2 -translate-y-1\/2\" src=\"https:\/\/v.wpimg.pl\/ZXJfd3AudTkrBBIAbg54LGhcRlAxHQUrPgJGH2MAeGJoSQ1eIBI_K2UHAEVuBTY5KQMMXC0RPyoVERQdMgM9ejc\" loading=\"lazy\" decoding=\"async\"\/><\/p>\n<p>Kto zyskuje, kto traci w\u00a0rankingu zaufania? <\/p>\n<p>Za Nawrockim plasuje si\u0119 <a href=\"https:\/\/wiadomosci.wp.pl\/zamrozone-kontakty-nawrockiego-z-sikorskim-kulisy-sejmowego-kontrataku-szefa-msz-7223943428319776a\" rel=\"noopener noreferrer nofollow\" target=\"_blank\">Rados\u0142aw Sikorski<\/a> z\u00a040,3 proc. To spadek o\u00a03,9 pkt proc.; 49,8 proc. ankietowanych mu nie ufa, a\u00a09,6 proc. pozostaje neutralnych. <\/p>\n<p>Trzeci jest <a href=\"https:\/\/wiadomosci.wp.pl\/pierwsze-oredzie-czarzastego-stanowcze-slowa-do-nawrockiego-7224325032479232a\" rel=\"noopener noreferrer nofollow\" target=\"_blank\">nowy marsza\u0142ek Sejmu W\u0142odzimierz Czarzasty<\/a>; zyska\u0142 7,6 pkt proc., osi\u0105gaj\u0105c 39,6 proc. To najwi\u0119kszy awans w\u00a0czo\u0142\u00f3wce i\u00a0wej\u015bcie na podium po wyprzedzeniu siedmiu polityk\u00f3w. Zaufania do lidera Lewicy nie deklaruje 47 proc., a\u00a013 proc. ma stosunek neutralny.<\/p>\n<p>Atak zimy w\u00a0Warszawie. Kierowcy reaguj\u0105: Sorry, taki mamy klimat <\/p>\n<p>  <img role=\"presentation\" class=\"absolute left-1\/2 top-1\/2 max-h-[80%] max-w-[100px] -translate-x-1\/2 -translate-y-1\/2\" src=\"https:\/\/v.wpimg.pl\/ZXJfd3AudTkrBBIAbg54LGhcRlAxHQUrPgJGH2MAeGJoSQ1eIBI_K2UHAEVuBTY5KQMMXC0RPyoVERQdMgM9ejc\" loading=\"lazy\" decoding=\"async\"\/> <\/p>\n<p>W\u0142adys\u0142aw Kosiniak-Kamysz spada na czwarte miejsce z\u00a037,7 proc. (-0,6 pkt proc.). Pi\u0105ty jest premier Donald Tusk z\u00a037,4 proc. (+1,8 pkt proc.).<\/p>\n<p>W pierwszej dziesi\u0105tce mieszcz\u0105 si\u0119 te\u017c: Mateusz Morawiecki 37 proc. (+3,7), Krzysztof Bosak 35,2 proc. (-1,2), Piotr Zgorzelski 34,3 proc. (+3,4), Krzysztof Gawkowski 29,8 proc. (+4) oraz S\u0142awomir Mentzen 28,8 proc. (-3,8).<\/p>\n<p> <a href=\"https:\/\/wiadomosci.wp.pl\/karol-nawrocki-w-pradze-czeskie-media-komentuja-7225392127425088a\" class=\"teaser-inline\" rel=\"nofollow noopener\" target=\"_blank\">  <img decoding=\"async\" src=\"https:\/\/www.europesays.com\/pl\/wp-content\/uploads\/2025\/11\/YmVkNGQ5dgw3CTh0fk57GXRRbC44F3VPI0l0ZX4Ea1VmE2EhOFk8HzMbIWk2RywdNxw-aSFZdgwmAmExYBo9BCUbIiYoGjwANA4q.jpeg\" width=\"0\" height=\"0\" loading=\"lazy\" class=\"wp-media-image cropped\" alt=\"Karol Nawrocki w Pradze. Czeskie media komentuj\u0105\"\/><\/p>\n<p>Karol Nawrocki w Pradze. Czeskie media komentuj\u0105<\/p>\n<p><\/a> <img role=\"presentation\" class=\"absolute left-1\/2 top-1\/2 max-h-[80%] max-w-[100px] -translate-x-1\/2 -translate-y-1\/2\" src=\"https:\/\/v.wpimg.pl\/ZXJfd3AudTkrBBIAbg54LGhcRlAxHQUrPgJGH2MAeGJoSQ1eIBI_K2UHAEVuBTY5KQMMXC0RPyoVERQdMgM9ejc\" loading=\"lazy\" decoding=\"async\"\/><\/p>\n<p>Kto traci i\u00a0komu najmniej ufa opinia publiczna? <\/p>\n<p>W ko\u0144c\u00f3wce zestawienia dosz\u0142o do przetasowa\u0144. Szymon Ho\u0142ownia odnotowuje wzrost o\u00a06,2 pkt proc. do 26,8 proc. i\u00a0opuszcza ostatnie miejsce. Na samym dole znajduje si\u0119 Adrian Zandberg z\u00a020,4 proc. (-3,3), a\u00a0przed nim jest Grzegorz Braun z\u00a025,8 proc. (+2,7).<\/p>\n<p>Wska\u017aniki nieufno\u015bci s\u0105 najwy\u017csze u\u00a0Grzegorza Brauna (63,9 proc.) i\u00a0Donalda Tuska (59 proc.). Negatywne oceny dominuj\u0105 te\u017c u\u00a0Jaros\u0142awa Kaczy\u0144skiego (56,4 proc.) i\u00a0Mateusza Morawieckiego (50,3 proc.).<\/p>\n<p>Najwi\u0119ksze wzrosty nieufno\u015bci dotycz\u0105 Rados\u0142awa Sikorskiego (+5,2 pkt proc.), Donalda Tuska (+4,3 pkt proc.) i\u00a0Karola Nawrockiego (+3,3 pkt proc.).<\/p>\n<p> <img role=\"presentation\" class=\"absolute left-1\/2 top-1\/2 max-h-[80%] max-w-[100px] -translate-x-1\/2 -translate-y-1\/2\" src=\"https:\/\/v.wpimg.pl\/ZXJfd3AudTkrBBIAbg54LGhcRlAxHQUrPgJGH2MAeGJoSQ1eIBI_K2UHAEVuBTY5KQMMXC0RPyoVERQdMgM9ejc\" loading=\"lazy\" decoding=\"async\"\/> <\/p>\n<p>\u0179r\u00f3d\u0142o: Onet, WP Wiadomo\u015bci<\/p>\n","protected":false},"excerpt":{"rendered":"Najwa\u017cniejsze informacje: Karol Nawrocki prowadzi z\u00a0wynikiem 51,8 proc., co jest jego rekordem w\u00a0pomiarach IBRiS dla Onetu. Na podium:&hellip;\n","protected":false},"author":2,"featured_media":116983,"comment_status":"","ping_status":"","sticky":false,"template":"","format":"standard","meta":{"footnotes":""},"categories":[12],"tags":[32,33,36,37,27,34,35,28,31,25,42,38,40,39,41,29,30,26],"class_list":{"0":"post-116982","1":"post","2":"type-post","3":"status-publish","4":"format-standard","5":"has-post-thumbnail","7":"category-polska","8":"tag-breaking-news","9":"tag-breakingnews","10":"tag-featured-news","11":"tag-featurednews","12":"tag-headlines","13":"tag-latest-news","14":"tag-latestnews","15":"tag-naglowki","16":"tag-najwazniejsze-artykuly","17":"tag-news","18":"tag-pl","19":"tag-poland","20":"tag-polish","21":"tag-polska","22":"tag-polski","23":"tag-top-stories","24":"tag-topstories","25":"tag-wiadomosci"},"share_on_mastodon":{"url":"https:\/\/pubeurope.com\/@pl\/115608855058377367","error":""},"_links":{"self":[{"href":"https:\/\/www.europesays.com\/pl\/wp-json\/wp\/v2\/posts\/116982","targetHints":{"allow":["GET"]}}],"collection":[{"href":"https:\/\/www.europesays.com\/pl\/wp-json\/wp\/v2\/posts"}],"about":[{"href":"https:\/\/www.europesays.com\/pl\/wp-json\/wp\/v2\/types\/post"}],"author":[{"embeddable":true,"href":"https:\/\/www.europesays.com\/pl\/wp-json\/wp\/v2\/users\/2"}],"replies":[{"embeddable":true,"href":"https:\/\/www.europesays.com\/pl\/wp-json\/wp\/v2\/comments?post=116982"}],"version-history":[{"count":0,"href":"https:\/\/www.europesays.com\/pl\/wp-json\/wp\/v2\/posts\/116982\/revisions"}],"wp:featuredmedia":[{"embeddable":true,"href":"https:\/\/www.europesays.com\/pl\/wp-json\/wp\/v2\/media\/116983"}],"wp:attachment":[{"href":"https:\/\/www.europesays.com\/pl\/wp-json\/wp\/v2\/media?parent=116982"}],"wp:term":[{"taxonomy":"category","embeddable":true,"href":"https:\/\/www.europesays.com\/pl\/wp-json\/wp\/v2\/categories?post=116982"},{"taxonomy":"post_tag","embeddable":true,"href":"https:\/\/www.europesays.com\/pl\/wp-json\/wp\/v2\/tags?post=116982"}],"curies":[{"name":"wp","href":"https:\/\/api.w.org\/{rel}","templated":true}]}}