{"id":116984,"date":"2025-11-25T06:11:13","date_gmt":"2025-11-25T06:11:13","guid":{"rendered":"https:\/\/www.europesays.com\/pl\/116984\/"},"modified":"2025-11-25T06:11:13","modified_gmt":"2025-11-25T06:11:13","slug":"kobieta-znaleziona-zywa-w-trumnie-brat-chcial-by-ja-skremowano","status":"publish","type":"post","link":"https:\/\/www.europesays.com\/pl\/116984\/","title":{"rendered":"Kobieta znaleziona \u017cywa w trumnie. Brat chcia\u0142, by j\u0105 skremowano"},"content":{"rendered":"<p>Dramatyczne sceny rozegra\u0142y si\u0119 w jednej z buddyjskich \u015bwi\u0105ty\u0144 pod Bangkokiem. 65-letnia kobieta, uznana za zmar\u0142\u0105, zosta\u0142a odnaleziona \u017cywa w trumnie, w kt\u00f3rej zosta\u0142a przetransportowana, by skremowa\u0107 jej cia\u0142o. Uratowa\u0142 j\u0105 nie tylko brak aktu zgonu, ale te\u017c czujno\u015b\u0107 pracownik\u00f3w \u015bwi\u0105tyni.<\/p>\n<p>                         &#13;<br \/>\n        &#13;<\/p>\n<p>                                        &#13;<br \/>\n                        &#13;<br \/>\n                            <img decoding=\"async\" src=\"https:\/\/www.europesays.com\/pl\/wp-content\/uploads\/2025\/11\/000LZ0CBLCYQV7EF-C123-F4.jpg\" title=\"Kobieta znaleziona \u017cywa w trumnie. Brat chcia\u0142 j\u0105 skremowa\u0107\" alt=\"64-letnia kobieta, kt\u00f3r\u0105 znaleziono \u017cyw\u0105 w trumnie, przewieziona do szpitala \/Wat Rat Prakhong Tham \/Facebook\" class=\"img-responsive\"\/>&#13;<\/p>\n<p>                            &#13;<\/p>\n<p>      &#13;<br \/>\n                            64-letnia kobieta, kt\u00f3r\u0105 znaleziono \u017cyw\u0105 w trumnie, przewieziona do szpitala&#13;<br \/>\n                                    \/Wat Rat Prakhong Tham \/Facebook  &#13;\n                                    <\/p>\n<p>&#13;<\/p>\n<p>Do zdarzenia, opisywanego przez portal stacji CBS News, dosz\u0142o w niedziel\u0119 w buddyjskiej \u015bwi\u0105tyni Wat Rat Prakhong Tham w prowincji Nonthaburi, na obrze\u017cach Bangkoku, stolicy Tajlandii.<\/p>\n<p>Brat 65-letniej kobiety, kt\u00f3ra &#8211; jak stwierdzi\u0142 &#8211; od dw\u00f3ch lat by\u0142a przykuta do \u0142\u00f3\u017cka, uzna\u0142 j\u0105 za zmar\u0142\u0105 po tym, jak przesta\u0142a reagowa\u0107 i oddycha\u0107. Bez oficjalnego aktu zgonu przewi\u00f3z\u0142 j\u0105 w trumnie do \u015bwi\u0105tyni, gdzie mia\u0142a zosta\u0107 poddana kremacji.<\/p>\n<p>Zar\u00f3wno szpital, do kt\u00f3rego m\u0119\u017cczyzna pr\u00f3bowa\u0142 wcze\u015bniej przewie\u017a\u0107 cia\u0142o siostry w celu donacji organ\u00f3w, jak i \u015bwi\u0105tynia odm\u00f3wi\u0142y przyj\u0119cia zmar\u0142ej z powodu braku aktu zgonu.<\/p>\n<p>W trakcie wyja\u015bniania formalno\u015bci pracownicy \u015bwi\u0105tyni us\u0142yszeli ciche pukanie z wn\u0119trza trumny. Po jej otwarciu okaza\u0142o si\u0119, \u017ce kobieta \u017cyje &#8211; porusza\u0142a lekko r\u0119kami i g\u0142ow\u0105.<\/p>\n<p>Na facebookowej stronie \u015bwi\u0105tyni\u00a0<a href=\"https:\/\/www.facebook.com\/watch\/live\/?ref=watch_permalink&amp;v=3116729985166013\" target=\"_blank\" rel=\"noreferrer noopener nofollow\">opublikowano ponad dziewi\u0119ciominutowe nagranie<\/a>\u00a0(relacj\u0119 na \u017cywo), na kt\u00f3rej wida\u0107 wspomnian\u0105 kobiet\u0119 po otwarciu trumny &#8211; jest bardzo chuda, wygl\u0105da na schorowan\u0105. &#8222;Mia\u0142a odby\u0107 si\u0119 ceremonia kremacji babci, ale kiedy otwarto trumn\u0119, babcia wci\u0105\u017c \u017cy\u0142a&#8221; &#8211; wskazano w opisie do nagrania.<\/p>\n<p>Pracownicy \u015bwi\u0105tyni natychmiast wezwali s\u0142u\u017cby ratunkowe, kt\u00f3re przetransportowa\u0142y kobiet\u0119 do szpitala. Opat \u015bwi\u0105tyni zadeklarowa\u0142, \u017ce pokryje jej koszty leczenia.<\/p>\n<p>Portal stacji CBS News przypomnia\u0142, \u017ce to nie pierwszy taki przypadek na \u015bwiecie. W ostatnich latach media informowa\u0142y o osobach, kt\u00f3re zosta\u0142y uznane za zmar\u0142e, a nast\u0119pnie odnalezione \u017cywe w domach pogrzebowych czy szpitalach.<\/p>\n<p>W 2024 roku w Nebrasce 74-letnia kobieta zosta\u0142a znaleziona \u017cywa w zak\u0142adzie pogrzebowym dwie godziny po stwierdzeniu zgonu. Podobne incydenty mia\u0142y miejsce tak\u017ce w stanach Iowa i Nowy Jork, a tak\u017ce w chi\u0144skim Szanghaju.<\/p>\n","protected":false},"excerpt":{"rendered":"Dramatyczne sceny rozegra\u0142y si\u0119 w jednej z buddyjskich \u015bwi\u0105ty\u0144 pod Bangkokiem. 65-letnia kobieta, uznana za zmar\u0142\u0105, zosta\u0142a odnaleziona&hellip;\n","protected":false},"author":2,"featured_media":116985,"comment_status":"","ping_status":"","sticky":false,"template":"","format":"standard","meta":{"footnotes":""},"categories":[5],"tags":[32,33,36,37,27,34,35,28,31,25,42,38,40,39,41,29,30,26],"class_list":{"0":"post-116984","1":"post","2":"type-post","3":"status-publish","4":"format-standard","5":"has-post-thumbnail","7":"category-naglowki","8":"tag-breaking-news","9":"tag-breakingnews","10":"tag-featured-news","11":"tag-featurednews","12":"tag-headlines","13":"tag-latest-news","14":"tag-latestnews","15":"tag-naglowki","16":"tag-najwazniejsze-artykuly","17":"tag-news","18":"tag-pl","19":"tag-poland","20":"tag-polish","21":"tag-polska","22":"tag-polski","23":"tag-top-stories","24":"tag-topstories","25":"tag-wiadomosci"},"share_on_mastodon":{"url":"https:\/\/pubeurope.com\/@pl\/115608858509784099","error":""},"_links":{"self":[{"href":"https:\/\/www.europesays.com\/pl\/wp-json\/wp\/v2\/posts\/116984","targetHints":{"allow":["GET"]}}],"collection":[{"href":"https:\/\/www.europesays.com\/pl\/wp-json\/wp\/v2\/posts"}],"about":[{"href":"https:\/\/www.europesays.com\/pl\/wp-json\/wp\/v2\/types\/post"}],"author":[{"embeddable":true,"href":"https:\/\/www.europesays.com\/pl\/wp-json\/wp\/v2\/users\/2"}],"replies":[{"embeddable":true,"href":"https:\/\/www.europesays.com\/pl\/wp-json\/wp\/v2\/comments?post=116984"}],"version-history":[{"count":0,"href":"https:\/\/www.europesays.com\/pl\/wp-json\/wp\/v2\/posts\/116984\/revisions"}],"wp:featuredmedia":[{"embeddable":true,"href":"https:\/\/www.europesays.com\/pl\/wp-json\/wp\/v2\/media\/116985"}],"wp:attachment":[{"href":"https:\/\/www.europesays.com\/pl\/wp-json\/wp\/v2\/media?parent=116984"}],"wp:term":[{"taxonomy":"category","embeddable":true,"href":"https:\/\/www.europesays.com\/pl\/wp-json\/wp\/v2\/categories?post=116984"},{"taxonomy":"post_tag","embeddable":true,"href":"https:\/\/www.europesays.com\/pl\/wp-json\/wp\/v2\/tags?post=116984"}],"curies":[{"name":"wp","href":"https:\/\/api.w.org\/{rel}","templated":true}]}}