{"id":116986,"date":"2025-11-25T06:12:13","date_gmt":"2025-11-25T06:12:13","guid":{"rendered":"https:\/\/www.europesays.com\/pl\/116986\/"},"modified":"2025-11-25T06:12:13","modified_gmt":"2025-11-25T06:12:13","slug":"rekord-zaskakujace-wyniki-ogladalnosci-inauguracji-ps-w-skokach","status":"publish","type":"post","link":"https:\/\/www.europesays.com\/pl\/116986\/","title":{"rendered":"Rekord. Zaskakuj\u0105ce wyniki ogl\u0105dalno\u015bci inauguracji P\u015a w skokach"},"content":{"rendered":"\n<p class=\"contentpart contentpart--default contentpart--text\" data-position=\"0\">Zgodnie z komunikatem prasowym\u00a0firmy mediowej Warner Bros. Discovery, weekendowe konkursy Pucharu \u015awiata w skokach narciarskich w norweskim Lillehammer odnotowa\u0142y rekordow\u0105 ogl\u0105dalno\u015b\u0107.<\/p>\n<p class=\"contentpart contentpart--default contentpart--text\" data-position=\"1\">Sobotnie i niedzielne (22-23.11) konkursy indywidualne m\u0119\u017cczyzn osi\u0105gn\u0119\u0142y najwy\u017csze wyniki ogl\u0105dalno\u015bci w historii transmisji otwieraj\u0105cych P\u015a w Eurosporcie 1.<\/p>\n<p> <img role=\"presentation\" src=\"https:\/\/std.wpcdn.pl\/images\/adv\/placeholder_wp.svg\" loading=\"lazy\" alt=\"\" decoding=\"async\"\/>  <\/p>\n<p class=\"contentpart contentpart--default contentpart--text\" data-position=\"2\">ZOBACZ WIDEO: #dziejesiewsporcie: Hukn\u0105\u0142 nie do obrony. Asysta pi\u0119t\u0105 skrad\u0142a show<\/p>\n<p class=\"contentpart contentpart--default contentpart--text\" data-position=\"4\">Konkurs inauguruj\u0105cy cykl zawod\u00f3w P\u015a 2025\/26 w Eurosporcie 1 zgromadzi\u0142 800 tysi\u0119cy widz\u00f3w. Jeszcze lepsze liczby zanotowa\u0142y niedzielne zawody, kt\u00f3re \u015bledzi\u0142o \u015brednio blisko milion widz\u00f3w (na tej samej antenie).<\/p>\n<p class=\"contentpart contentpart--default contentpart--text\" data-position=\"5\">Dodatkowo, niedzielny konkurs cieszy\u0142 si\u0119 szczeg\u00f3lnym zainteresowaniem r\u00f3wnie\u017c na antenie TVN. \u0141\u0105cznie, na obu kana\u0142ach (Eurosport 1 i TVN), transmisj\u0119 obejrza\u0142o 2,3 mln widz\u00f3w.<\/p>\n<p class=\"contentpart contentpart--default contentpart--text\" data-position=\"6\">W pierwszym konkursie w Lillehammer zwyci\u0119stwo odni\u00f3s\u0142 <a href=\"https:\/\/sportowefakty.wp.pl\/skoki-narciarskie\/daniel-tschofenig\" rel=\"nofollow noopener\" target=\"_blank\">Daniel Tschofenig<\/a>\u00a0z Austrii, a ca\u0142e podium zaj\u0119li Austriacy, z Janem Hoerlem i Stefanem Kraftem na kolejnych miejscach. Najlepszym z Polak\u00f3w by\u0142 <a href=\"https:\/\/sportowefakty.wp.pl\/skoki-narciarskie\/kamil-stoch\" rel=\"nofollow noopener\" target=\"_blank\">Kamil Stoch<\/a>, kt\u00f3ry zaj\u0105\u0142 13. pozycj\u0119 (<a href=\"https:\/\/sportowefakty.wp.pl\/skoki-narciarskie\/1221011\/stoch-zapewnil-olbrzymie-emocje-o-debiucie-18-latka-z-polski-jeszcze-dlugo-bedzi\" rel=\"nofollow noopener\" target=\"blank\">WI\u0118CEJ TUTAJ<\/a>).<\/p>\n<p> <img role=\"presentation\" src=\"https:\/\/std.wpcdn.pl\/images\/adv\/placeholder_wp.svg\" loading=\"lazy\" alt=\"\" decoding=\"async\"\/>  <\/p>\n<p class=\"contentpart contentpart--default contentpart--text\" data-position=\"7\">Dzie\u0144 p\u00f3\u017aniej triumfowa\u0142 <a href=\"https:\/\/sportowefakty.wp.pl\/skoki-narciarskie\/ryoyu-kobayashi\" rel=\"nofollow noopener\" target=\"_blank\">Ryoyu Kobayashi<\/a>, wyprzedzaj\u0105c S\u0142owe\u0144ca Domena Prevca i Niemca Felixa Hoffmanna. Ponownie najlepszym z polskich skoczk\u00f3w okaza\u0142 si\u0119 Stoch, kt\u00f3ry uplasowa\u0142 si\u0119 na 12. miejscu (<a href=\"https:\/\/sportowefakty.wp.pl\/skoki-narciarskie\/1221178\/pozostal-niedosyt-polacy-daleko-od-czolowki\" rel=\"nofollow noopener\" target=\"blank\">WI\u0118CEJ TUTAJ<\/a>).<\/p>\n","protected":false},"excerpt":{"rendered":"Zgodnie z komunikatem prasowym\u00a0firmy mediowej Warner Bros. Discovery, weekendowe konkursy Pucharu \u015awiata w skokach narciarskich w norweskim Lillehammer&hellip;\n","protected":false},"author":2,"featured_media":116987,"comment_status":"","ping_status":"","sticky":false,"template":"","format":"standard","meta":{"footnotes":""},"categories":[24],"tags":[25343,15587,2741,22693,3155,42,38,40,39,41,13539,3140,1538,127,126,447,318],"class_list":{"0":"post-116986","1":"post","2":"type-post","3":"status-publish","4":"format-standard","5":"has-post-thumbnail","7":"category-sport","8":"tag-daniel-tschofenig","9":"tag-eurosport","10":"tag-kamil-stoch","11":"tag-lillehammer","12":"tag-norwegia","13":"tag-pl","14":"tag-poland","15":"tag-polish","16":"tag-polska","17":"tag-polski","18":"tag-ps-w-skokach-narciarskich","19":"tag-ryoyu-kobayashi","20":"tag-skoki-narciarskie","21":"tag-sport","22":"tag-sports","23":"tag-sporty-zimowe","24":"tag-tvn"},"share_on_mastodon":{"url":"https:\/\/pubeurope.com\/@pl\/115608862452287985","error":""},"_links":{"self":[{"href":"https:\/\/www.europesays.com\/pl\/wp-json\/wp\/v2\/posts\/116986","targetHints":{"allow":["GET"]}}],"collection":[{"href":"https:\/\/www.europesays.com\/pl\/wp-json\/wp\/v2\/posts"}],"about":[{"href":"https:\/\/www.europesays.com\/pl\/wp-json\/wp\/v2\/types\/post"}],"author":[{"embeddable":true,"href":"https:\/\/www.europesays.com\/pl\/wp-json\/wp\/v2\/users\/2"}],"replies":[{"embeddable":true,"href":"https:\/\/www.europesays.com\/pl\/wp-json\/wp\/v2\/comments?post=116986"}],"version-history":[{"count":0,"href":"https:\/\/www.europesays.com\/pl\/wp-json\/wp\/v2\/posts\/116986\/revisions"}],"wp:featuredmedia":[{"embeddable":true,"href":"https:\/\/www.europesays.com\/pl\/wp-json\/wp\/v2\/media\/116987"}],"wp:attachment":[{"href":"https:\/\/www.europesays.com\/pl\/wp-json\/wp\/v2\/media?parent=116986"}],"wp:term":[{"taxonomy":"category","embeddable":true,"href":"https:\/\/www.europesays.com\/pl\/wp-json\/wp\/v2\/categories?post=116986"},{"taxonomy":"post_tag","embeddable":true,"href":"https:\/\/www.europesays.com\/pl\/wp-json\/wp\/v2\/tags?post=116986"}],"curies":[{"name":"wp","href":"https:\/\/api.w.org\/{rel}","templated":true}]}}