{"id":117022,"date":"2025-11-25T06:40:09","date_gmt":"2025-11-25T06:40:09","guid":{"rendered":"https:\/\/www.europesays.com\/pl\/117022\/"},"modified":"2025-11-25T06:40:09","modified_gmt":"2025-11-25T06:40:09","slug":"problemy-amerykanow-coraz-wiecej-osob-nie-ma-pradu-bo-jest-za-drogi","status":"publish","type":"post","link":"https:\/\/www.europesays.com\/pl\/117022\/","title":{"rendered":"Problemy Amerykan\u00f3w. Coraz wi\u0119cej os\u00f3b nie ma pr\u0105du. Bo jest za drogi"},"content":{"rendered":"<p>Jakpodaje &#8222;Washington Post&#8221;, w\u00a0New Jersey ludzie zalegaj\u0105 z\u00a0op\u0142atami, a\u00a0przeci\u0119tny rachunek wzr\u00f3s\u0142 o\u00a024 proc. Sta\u0142o si\u0119 to jednym z\u00a0kluczowych temat\u00f3w kampanii wyborczej.<\/p>\n<p>W Illinois liczba dotkni\u0119tych konsument\u00f3w, kt\u00f3rym od\u0142\u0105czono energi\u0119 elektryczn\u0105, wzros\u0142a o\u00a070 proc. Chroni\u0105ca odbiorc\u00f3w medi\u00f3w i\u00a0us\u0142ug komunalnych, w\u00a0tym energii elektrycznej, gazu i\u00a0telekomunikacji, Citizens Utility Board, okre\u015bli\u0142a zjawisko jako &#8222;intensywny b\u00f3l zwi\u0105zany z\u00a0rachunkami&#8221;.<\/p>\n<p>W Pensylwanii odci\u0119cia wzros\u0142y o\u00a021 proc. \u0141\u0105cznie ponad 270 tys. gospodarstw domowych straci\u0142o zasilanie przy wzro\u015bcie cen o\u00a013 proc.<\/p>\n<p>\u015arednie koszty pr\u0105du w\u00a0USA s\u0105 dzi\u015b o\u00a011 proc. wy\u017csze ni\u017c w\u00a0styczniu i\u00a0rosn\u0105 trzykrotnie szybciej ni\u017c inflacja. Zaleg\u0142o\u015bci ludzi w\u00a0op\u0142atach si\u0119gaj\u0105 rekordowych poziom\u00f3w \u2014\u00a0przeci\u0119tna wynosi 789 dol., o\u00a032 proc. wi\u0119cej ni\u017c w\u00a02022 r.<\/p>\n<p>Jak ostrzeg\u0142 ekonomista Mark Wolfe, &#8222;pr\u0105d staje si\u0119 nieosi\u0105galny w\u00a0wielu cz\u0119\u015bciach kraju i\u00a0dotyka ju\u017c tak\u017ce klasy \u015bredniej&#8221;. Blisko 14 mln gospodarstw ma tak du\u017ce zaleg\u0142o\u015bci, \u017ce d\u0142ugi przekazano firmom zajmuj\u0105cym si\u0119 ich \u015bci\u0105ganiem.<\/p>\n<p>Dziennik przytacza dramaty wielu rodzin. W\u00a0Pensylwanii jedna z\u00a0nich musia\u0142a spa\u0107 w\u00a0kurtkach, gdy od\u0142\u0105czono pr\u0105d, bo nie mogli si\u0119 wywi\u0105za\u0107 z\u00a0p\u0142atno\u015bci po utracie zatrudnienia. W\u00a0Ohio rodzina z\u00a0dochodem 80 tys. dol. rocznie pracuje w\u00a0sumie na sze\u015bciu etatach, by op\u0142aci\u0107 energi\u0119, kt\u00f3ra wzros\u0142a ponad dwukrotnie.<\/p>\n<p>&#8211; Po raz pierwszy jeste\u015bmy sp\u00f3\u017anieni ze wszystkimi rachunkami &#8211;\u00a0m\u00f3wi\u0105 Amerykanie, kt\u00f3rych cytuje gazeta.<\/p>\n<p>&#8222;WP&#8221; zwraca uwag\u0119, \u017ce rosn\u0105ce koszty nak\u0142adaj\u0105 si\u0119 na zwolnienia i\u00a0przerwy w\u00a0\u015bwiadczeniach federalnych, co nap\u0119dza kolejne wy\u0142\u0105czenia. Zgodnie z\u00a0prognozami, koszty ogrzewania zim\u0105 wzrosn\u0105 o\u00a0kolejne 7,6 proc., a\u00a0zaleg\u0142o\u015bci energetyczne b\u0119d\u0105 narasta\u0107. Pog\u0142\u0119bi to ryzyko ub\u00f3stwa i\u00a0trwa\u0142ych problem\u00f3w finansowych.<\/p>\n","protected":false},"excerpt":{"rendered":"Jakpodaje &#8222;Washington Post&#8221;, w\u00a0New Jersey ludzie zalegaj\u0105 z\u00a0op\u0142atami, a\u00a0przeci\u0119tny rachunek wzr\u00f3s\u0142 o\u00a024 proc. Sta\u0142o si\u0119 to jednym z\u00a0kluczowych&hellip;\n","protected":false},"author":2,"featured_media":117023,"comment_status":"","ping_status":"","sticky":false,"template":"","format":"standard","meta":{"footnotes":""},"categories":[5],"tags":[32,33,36,37,27,34,35,28,31,25,42,38,40,39,41,29,30,26],"class_list":{"0":"post-117022","1":"post","2":"type-post","3":"status-publish","4":"format-standard","5":"has-post-thumbnail","7":"category-naglowki","8":"tag-breaking-news","9":"tag-breakingnews","10":"tag-featured-news","11":"tag-featurednews","12":"tag-headlines","13":"tag-latest-news","14":"tag-latestnews","15":"tag-naglowki","16":"tag-najwazniejsze-artykuly","17":"tag-news","18":"tag-pl","19":"tag-poland","20":"tag-polish","21":"tag-polska","22":"tag-polski","23":"tag-top-stories","24":"tag-topstories","25":"tag-wiadomosci"},"share_on_mastodon":{"url":"https:\/\/pubeurope.com\/@pl\/115608972370303615","error":""},"_links":{"self":[{"href":"https:\/\/www.europesays.com\/pl\/wp-json\/wp\/v2\/posts\/117022","targetHints":{"allow":["GET"]}}],"collection":[{"href":"https:\/\/www.europesays.com\/pl\/wp-json\/wp\/v2\/posts"}],"about":[{"href":"https:\/\/www.europesays.com\/pl\/wp-json\/wp\/v2\/types\/post"}],"author":[{"embeddable":true,"href":"https:\/\/www.europesays.com\/pl\/wp-json\/wp\/v2\/users\/2"}],"replies":[{"embeddable":true,"href":"https:\/\/www.europesays.com\/pl\/wp-json\/wp\/v2\/comments?post=117022"}],"version-history":[{"count":0,"href":"https:\/\/www.europesays.com\/pl\/wp-json\/wp\/v2\/posts\/117022\/revisions"}],"wp:featuredmedia":[{"embeddable":true,"href":"https:\/\/www.europesays.com\/pl\/wp-json\/wp\/v2\/media\/117023"}],"wp:attachment":[{"href":"https:\/\/www.europesays.com\/pl\/wp-json\/wp\/v2\/media?parent=117022"}],"wp:term":[{"taxonomy":"category","embeddable":true,"href":"https:\/\/www.europesays.com\/pl\/wp-json\/wp\/v2\/categories?post=117022"},{"taxonomy":"post_tag","embeddable":true,"href":"https:\/\/www.europesays.com\/pl\/wp-json\/wp\/v2\/tags?post=117022"}],"curies":[{"name":"wp","href":"https:\/\/api.w.org\/{rel}","templated":true}]}}